{"id":528971,"date":"2021-12-02T00:05:21","date_gmt":"2021-12-02T06:05:21","guid":{"rendered":"https:\/\/www.diarioimagen.net\/?p=528971"},"modified":"2021-12-03T05:31:11","modified_gmt":"2021-12-03T11:31:11","slug":"mayor-presupuesto-y-actualizacion-de-marco-juridico-retos-para-la-equidad","status":"publish","type":"post","link":"https:\/\/www.diarioimagen.net\/?p=528971","title":{"rendered":"Mayor presupuesto y actualizaci\u00f3n de marco jur\u00eddico, retos para la equidad"},"content":{"rendered":"<p>&nbsp;<\/p>\n<ul>\n<li><strong><em>El \u00c1gora de C\u00e9nide de la UAEM fue sede del panel \u201cUniversidad libre de violencia\u201d que organiz\u00f3 el Congreso local<\/em><\/strong><\/li>\n<\/ul>\n<p>&nbsp;<\/p>\n<div id=\"attachment_529048\" style=\"width: 470px\" class=\"wp-caption aligncenter\"><a href=\"https:\/\/www.diarioimagen.net\/?attachment_id=529048\" rel=\"attachment wp-att-529048\"><img loading=\"lazy\" decoding=\"async\" aria-describedby=\"caption-attachment-529048\" class=\"size-full wp-image-529048\" src=\"https:\/\/www.diarioimagen.net\/wp-content\/uploads\/2021\/12\/uaem-1.jpg\" alt=\"\" width=\"460\" height=\"270\" \/><\/a><p id=\"caption-attachment-529048\" class=\"wp-caption-text\">La Abogada General de la UAEM, Luz Mar\u00eda Consuelo Jaimes Legorreta; la titular de la Coordinaci\u00f3n Institucional de Equidad de G\u00e9nero, Roc\u00edo \u00c1lvarez Miranda; y la consejera de gobierno de la Facultad de Ciencias Pol\u00edticas y Sociales, Jessica Ordu\u00f1o Franco, fueron las ponentes.<\/p><\/div>\n<p>&nbsp;<\/p>\n<p><strong>Toluca, Estado de M\u00e9xico.\u2014<\/strong>\u00a0 Ante el desaf\u00edo que representa consolidar la equidad e igualdad de g\u00e9nero en M\u00e9xico es prioritario generar un marco jur\u00eddico actualizado y armonizado bajo est\u00e1ndares internacionales, elevar los montos y etiquetar asignaciones presupuestales, as\u00ed como promover pol\u00edticas y estrategias que impulsen un cambio social, indicaron integrantes de la Universidad Aut\u00f3noma del Estado de M\u00e9xico (UAEM) durante el panel \u201cUniversidad libre de violencia\u201d.<\/p>\n<p>El \u00c1gora de C\u00e9nide de la UAEM fue sede del panel organizado por la egresada de la instituci\u00f3n y presidenta de la comisi\u00f3n de Igualdad de G\u00e9nero de la LX Legislatura local, la diputada Paola Jim\u00e9nez Hern\u00e1ndez, en el que participaron la Abogada General de la UAEM, Luz Mar\u00eda Consuelo Jaimes Legorreta; la titular de la Coordinaci\u00f3n Institucional de Equidad de G\u00e9nero, Roc\u00edo \u00c1lvarez Miranda; y la consejera de gobierno de la Facultad de Ciencias Pol\u00edticas y Sociales, Jessica Ordu\u00f1o Franco.<\/p>\n<p>La servidora universitaria Consuelo Jaimes Legorreta expuso que entre los retos que enfrentan las Instituciones de Educaci\u00f3n Superior (IES), destaca contar con un marco jur\u00eddico actualizado y armonizado con documentos y est\u00e1ndares internacionales como los Objetivos para el Desarrollo Sostenible (ODS) de la Agenda 2030 que impulsa la Organizaci\u00f3n de las Naciones Unidas (ONU).<\/p>\n<p>En tanto, \u00c1lvarez Miranda refiri\u00f3 la necesidad de contar con presupuesto para instrumentar acciones y desarrollar investigaciones en la materia. \u201cLa igualdad en una universidad, que es un todo complejo porque es centro educativo y centro de trabajo, atraviesa por la conciliaci\u00f3n de la vida laboral y familiar\u201d, apunt\u00f3.<\/p>\n<p>En su oportunidad, Ordu\u00f1o Franco expres\u00f3 que, aun cuando existen avances en la esfera p\u00fablica, es imprescindible trabajar y permear en las estructuras sociales para que sean contundentes.<\/p>\n<p>En su participaci\u00f3n la diputada local y egresada de la UAEM, Paola Jim\u00e9nez, reconoci\u00f3 el trabajo que la Universidad realiza en materia de equidad de g\u00e9nero y se comprometi\u00f3 a impulsar las propuestas presentadas en este acto en el Congreso local.<\/p>\n<p>Cabe mencionar que esta actividad se realiz\u00f3 en el marco de los 16 d\u00edas de activismo contra la violencia de g\u00e9nero que se conmemoran a partir del 25 de noviembre y duran hasta el 10 de diciembre.<\/p>\n","protected":false},"excerpt":{"rendered":"<p>Ante el desaf\u00edo que representa consolidar la equidad e igualdad de g\u00e9nero en M\u00e9xico es prioritario generar un marco jur\u00eddico actualizado y armonizado bajo est\u00e1ndares internacionales, elevar los montos y etiquetar asignaciones presupuestales, as\u00ed como promover pol\u00edticas y estrategias que impulsen un cambio social, indicaron integrantes de la Universidad Aut\u00f3noma del Estado de M\u00e9xico (UAEM) durante el panel \u201cUniversidad libre de violencia\u201d.<\/p>\n","protected":false},"author":3,"featured_media":529048,"comment_status":"open","ping_status":"open","sticky":false,"template":"","format":"standard","meta":{"_monsterinsights_skip_tracking":false,"_monsterinsights_sitenote_active":false,"_monsterinsights_sitenote_note":"","_monsterinsights_sitenote_category":0,"footnotes":""},"categories":[5],"tags":[74993,94166,1491],"class_list":["post-528971","post","type-post","status-publish","format-standard","has-post-thumbnail","hentry","category-estado-de-mexico","tag-equidad","tag-juridico","tag-uaem"],"_links":{"self":[{"href":"https:\/\/www.diarioimagen.net\/index.php?rest_route=\/wp\/v2\/posts\/528971","targetHints":{"allow":["GET"]}}],"collection":[{"href":"https:\/\/www.diarioimagen.net\/index.php?rest_route=\/wp\/v2\/posts"}],"about":[{"href":"https:\/\/www.diarioimagen.net\/index.php?rest_route=\/wp\/v2\/types\/post"}],"author":[{"embeddable":true,"href":"https:\/\/www.diarioimagen.net\/index.php?rest_route=\/wp\/v2\/users\/3"}],"replies":[{"embeddable":true,"href":"https:\/\/www.diarioimagen.net\/index.php?rest_route=%2Fwp%2Fv2%2Fcomments&post=528971"}],"version-history":[{"count":0,"href":"https:\/\/www.diarioimagen.net\/index.php?rest_route=\/wp\/v2\/posts\/528971\/revisions"}],"wp:featuredmedia":[{"embeddable":true,"href":"https:\/\/www.diarioimagen.net\/index.php?rest_route=\/wp\/v2\/media\/529048"}],"wp:attachment":[{"href":"https:\/\/www.diarioimagen.net\/index.php?rest_route=%2Fwp%2Fv2%2Fmedia&parent=528971"}],"wp:term":[{"taxonomy":"category","embeddable":true,"href":"https:\/\/www.diarioimagen.net\/index.php?rest_route=%2Fwp%2Fv2%2Fcategories&post=528971"},{"taxonomy":"post_tag","embeddable":true,"href":"https:\/\/www.diarioimagen.net\/index.php?rest_route=%2Fwp%2Fv2%2Ftags&post=528971"}],"curies":[{"name":"wp","href":"https:\/\/api.w.org\/{rel}","templated":true}]}}