{"id":528976,"date":"2021-12-02T00:02:11","date_gmt":"2021-12-02T06:02:11","guid":{"rendered":"https:\/\/www.diarioimagen.net\/?p=528976"},"modified":"2021-12-02T08:40:14","modified_gmt":"2021-12-02T14:40:14","slug":"inicia-la-alcaldesa-de-naucalpan-patricia-elisa-duran-con-la-entrega-de-un-importarte-catalogo-de-obras-sociales","status":"publish","type":"post","link":"https:\/\/www.diarioimagen.net\/?p=528976","title":{"rendered":"Inicia la alcaldesa de Naucalpan Patricia Elisa Dur\u00e1n con la entrega de un importarte cat\u00e1logo de obras sociales"},"content":{"rendered":"<p>&nbsp;<\/p>\n<p><a href=\"https:\/\/www.diarioimagen.net\/?attachment_id=529062\" rel=\"attachment wp-att-529062\"><img loading=\"lazy\" decoding=\"async\" class=\"aligncenter size-full wp-image-529062\" src=\"https:\/\/www.diarioimagen.net\/wp-content\/uploads\/2021\/12\/naucalpan-1.jpg\" alt=\"\" width=\"460\" height=\"270\" \/><\/a><\/p>\n<p>&nbsp;<\/p>\n<p><strong>Naucalpan, Estado de M\u00e9xico.\u2014 <\/strong>Patricia Elisa Dur\u00e1n Reveles, presidente municipal de Naucalpan, dio inicio con la entrega de distintas obras sociales. De acuerdo con la edil, los trabajos fueron realizados en meses pasados, concluyendo cada una de ellas de la mejor manera y que vienen a mejor el h\u00e1bitat de las comunidades.<\/p>\n<p>\u201cCon mucha alegr\u00eda, les comparto que hoy comenzamos una serie de entregas de obras que trabajamos en meses pasados en beneficio de las y los Naucalpenses\u201d, apunt\u00f3.Inform\u00f3 que el arranque y entrega de obras y acciones que forman parte del impulso social, iniciaron en la colonia Jardines del Molinito, donde entregaron dos arcotechos; uno en el Jard\u00edn de Ni\u00f1os Salvador Novo, y uno m\u00e1s en la \u201cEscuela Telesecundaria 09 Lic. Benito Ju\u00e1rez Garc\u00eda\u201d.<\/p>\n","protected":false},"excerpt":{"rendered":"<p>Patricia Elisa Dur\u00e1n Reveles, presidente municipal de Naucalpan, dio inicio con la entrega de distintas obras sociales. De acuerdo con la edil, los trabajos fueron realizados en meses pasados, concluyendo cada una de ellas de la mejor manera y que vienen a mejor el h\u00e1bitat de las comunidades.<\/p>\n","protected":false},"author":3,"featured_media":529062,"comment_status":"open","ping_status":"open","sticky":false,"template":"","format":"standard","meta":{"_monsterinsights_skip_tracking":false,"_monsterinsights_sitenote_active":false,"_monsterinsights_sitenote_note":"","_monsterinsights_sitenote_category":0,"footnotes":""},"categories":[5],"tags":[43675,970,92777],"class_list":["post-528976","post","type-post","status-publish","format-standard","has-post-thumbnail","hentry","category-estado-de-mexico","tag-estado-de-mexico","tag-naucalpan","tag-patricia-elisa-duran-reveles"],"_links":{"self":[{"href":"https:\/\/www.diarioimagen.net\/index.php?rest_route=\/wp\/v2\/posts\/528976","targetHints":{"allow":["GET"]}}],"collection":[{"href":"https:\/\/www.diarioimagen.net\/index.php?rest_route=\/wp\/v2\/posts"}],"about":[{"href":"https:\/\/www.diarioimagen.net\/index.php?rest_route=\/wp\/v2\/types\/post"}],"author":[{"embeddable":true,"href":"https:\/\/www.diarioimagen.net\/index.php?rest_route=\/wp\/v2\/users\/3"}],"replies":[{"embeddable":true,"href":"https:\/\/www.diarioimagen.net\/index.php?rest_route=%2Fwp%2Fv2%2Fcomments&post=528976"}],"version-history":[{"count":0,"href":"https:\/\/www.diarioimagen.net\/index.php?rest_route=\/wp\/v2\/posts\/528976\/revisions"}],"wp:featuredmedia":[{"embeddable":true,"href":"https:\/\/www.diarioimagen.net\/index.php?rest_route=\/wp\/v2\/media\/529062"}],"wp:attachment":[{"href":"https:\/\/www.diarioimagen.net\/index.php?rest_route=%2Fwp%2Fv2%2Fmedia&parent=528976"}],"wp:term":[{"taxonomy":"category","embeddable":true,"href":"https:\/\/www.diarioimagen.net\/index.php?rest_route=%2Fwp%2Fv2%2Fcategories&post=528976"},{"taxonomy":"post_tag","embeddable":true,"href":"https:\/\/www.diarioimagen.net\/index.php?rest_route=%2Fwp%2Fv2%2Ftags&post=528976"}],"curies":[{"name":"wp","href":"https:\/\/api.w.org\/{rel}","templated":true}]}}