{"id":528979,"date":"2021-12-02T00:03:27","date_gmt":"2021-12-02T06:03:27","guid":{"rendered":"https:\/\/www.diarioimagen.net\/?p=528979"},"modified":"2021-12-02T07:57:17","modified_gmt":"2021-12-02T13:57:17","slug":"inaugura-el-alcalde-raciel-perez-cruz-pozo-caracoles-en-tlalnepantla-oriente","status":"publish","type":"post","link":"https:\/\/www.diarioimagen.net\/?p=528979","title":{"rendered":"Inaugura el alcalde Raciel P\u00e9rez Cruz pozo Caracoles en Tlalnepantla Oriente"},"content":{"rendered":"<p>&nbsp;<\/p>\n<ul>\n<li><strong><em>Beneficio para m\u00e1s de 30 mil habitantes<\/em><\/strong><\/li>\n<\/ul>\n<p>&nbsp;<\/p>\n<div id=\"attachment_529065\" style=\"width: 470px\" class=\"wp-caption aligncenter\"><a href=\"https:\/\/www.diarioimagen.net\/?attachment_id=529065\" rel=\"attachment wp-att-529065\"><img loading=\"lazy\" decoding=\"async\" aria-describedby=\"caption-attachment-529065\" class=\"size-full wp-image-529065\" src=\"https:\/\/www.diarioimagen.net\/wp-content\/uploads\/2021\/12\/tlalnepantla-1.jpg\" alt=\"\" width=\"460\" height=\"270\" \/><\/a><p id=\"caption-attachment-529065\" class=\"wp-caption-text\">El alcalde Raciel P\u00e9rez Cruz inaugur\u00f3 el pozo Caracoles en Tlalnepantla Oriente, que dotar\u00e1 de 44 litros por segundo a m\u00e1s de 30 mil habitantes de tres colonias.<\/p><\/div>\n<p>&nbsp;<\/p>\n<p><strong>Tlalnepantla, Estado de M\u00e9xico.\u2014<\/strong> El Presidente Municipal, Raciel P\u00e9rez Cruz inaugur\u00f3 el pozo Caracoles en Tlalnepantla Oriente, que dotar\u00e1 de 44 litros por segundo a m\u00e1s de 30 mil habitantes de las colonias Constituci\u00f3n de 1917, Dr. Jorge Jim\u00e9nez Cant\u00fa y el Fraccionamiento Industrial La Presa.<\/p>\n<p>El Organismo P\u00fablico Descentralizado para la Prestaci\u00f3n de los Servicios de Agua Potable, Alcantarillado y Saneamiento del Municipio (OPDM) inform\u00f3 que se realiz\u00f3 una perforaci\u00f3n de 350 metros de profundidad en la colonia Constituci\u00f3n de 1917, adem\u00e1s del equipamiento electromec\u00e1nico y trabajos complementarios.<\/p>\n<p>A esta obra, se suma la rehabilitaci\u00f3n del pozo y planta potabilizadora Indeco-Los Reyes Ixtacala y la construcci\u00f3n de la l\u00ednea de conducci\u00f3n de agua potable del pozo Plazas de la Colina al tanque maestro Viveros de la Loma, realizadas para enfrentar la reducci\u00f3n del caudal que se recibe del Sistema Cutzamala durante la \u00e9poca de sequ\u00eda.<\/p>\n<p>El alcalde, estuvo acompa\u00f1ado de vecinas, vecinos, el director del organismo del agua, Mauricio Juan Ram\u00edrez Rosaldo, e integrantes del cuerpo edilicio.<\/p>\n","protected":false},"excerpt":{"rendered":"<p>El Presidente Municipal, Raciel P\u00e9rez Cruz inaugur\u00f3 el pozo Caracoles en Tlalnepantla Oriente, que dotar\u00e1 de 44 litros por segundo a m\u00e1s de 30 mil habitantes de las colonias Constituci\u00f3n de 1917, Dr. Jorge Jim\u00e9nez Cant\u00fa y el Fraccionamiento Industrial La Presa.<\/p>\n","protected":false},"author":3,"featured_media":529065,"comment_status":"open","ping_status":"open","sticky":false,"template":"","format":"standard","meta":{"_monsterinsights_skip_tracking":false,"_monsterinsights_sitenote_active":false,"_monsterinsights_sitenote_note":"","_monsterinsights_sitenote_category":0,"footnotes":""},"categories":[5],"tags":[43675,83757,81517,169],"class_list":["post-528979","post","type-post","status-publish","format-standard","has-post-thumbnail","hentry","category-estado-de-mexico","tag-estado-de-mexico","tag-pozo","tag-raciel-perez-cruz","tag-tlalnepantla"],"_links":{"self":[{"href":"https:\/\/www.diarioimagen.net\/index.php?rest_route=\/wp\/v2\/posts\/528979","targetHints":{"allow":["GET"]}}],"collection":[{"href":"https:\/\/www.diarioimagen.net\/index.php?rest_route=\/wp\/v2\/posts"}],"about":[{"href":"https:\/\/www.diarioimagen.net\/index.php?rest_route=\/wp\/v2\/types\/post"}],"author":[{"embeddable":true,"href":"https:\/\/www.diarioimagen.net\/index.php?rest_route=\/wp\/v2\/users\/3"}],"replies":[{"embeddable":true,"href":"https:\/\/www.diarioimagen.net\/index.php?rest_route=%2Fwp%2Fv2%2Fcomments&post=528979"}],"version-history":[{"count":0,"href":"https:\/\/www.diarioimagen.net\/index.php?rest_route=\/wp\/v2\/posts\/528979\/revisions"}],"wp:featuredmedia":[{"embeddable":true,"href":"https:\/\/www.diarioimagen.net\/index.php?rest_route=\/wp\/v2\/media\/529065"}],"wp:attachment":[{"href":"https:\/\/www.diarioimagen.net\/index.php?rest_route=%2Fwp%2Fv2%2Fmedia&parent=528979"}],"wp:term":[{"taxonomy":"category","embeddable":true,"href":"https:\/\/www.diarioimagen.net\/index.php?rest_route=%2Fwp%2Fv2%2Fcategories&post=528979"},{"taxonomy":"post_tag","embeddable":true,"href":"https:\/\/www.diarioimagen.net\/index.php?rest_route=%2Fwp%2Fv2%2Ftags&post=528979"}],"curies":[{"name":"wp","href":"https:\/\/api.w.org\/{rel}","templated":true}]}}