{"id":528980,"date":"2021-12-02T00:04:41","date_gmt":"2021-12-02T06:04:41","guid":{"rendered":"https:\/\/www.diarioimagen.net\/?p=528980"},"modified":"2021-12-02T08:42:05","modified_gmt":"2021-12-02T14:42:05","slug":"anuncian-en-nicolas-romero-vacunacion-contra-covid-para-menores-y-adultos-rezagados","status":"publish","type":"post","link":"https:\/\/www.diarioimagen.net\/?p=528980","title":{"rendered":"Anuncian en Nicol\u00e1s Romero vacunaci\u00f3n contra Covid para menores y adultos rezagados"},"content":{"rendered":"<p>&nbsp;<\/p>\n<ul>\n<li><strong><em>Los d\u00edas 1 y 2 de diciembre<\/em><\/strong><\/li>\n<\/ul>\n<p>&nbsp;<\/p>\n<p><img loading=\"lazy\" decoding=\"async\" class=\"aligncenter wp-image-529067\" src=\"https:\/\/www.diarioimagen.net\/wp-content\/uploads\/2021\/12\/nicolas.jpg\" alt=\"\" width=\"400\" height=\"469\" \/><\/p>\n<p>&nbsp;<\/p>\n<p><strong>Nicol\u00e1s Romero, Estado de M\u00e9xico.\u2014<\/strong> El gobierno del alcalde Armando Navarrete L\u00f3pez, anunci\u00f3 que los d\u00edas 1 y 2 de diciembre, se llevar\u00e1 a cabo la vacunaci\u00f3n de menores, de 15, 16 y 17 a\u00f1os, sin comorbilidades o factores de riesgo, contra Covid-19, por lo que en coordinaci\u00f3n con autoridades estatales y federales, se les aplicar\u00e1 la primera dosis contra el virus SARS-CoV-2.<\/p>\n<p>Tras reiterar su compromiso con la protecci\u00f3n de la salud de los nicol\u00e1sromerenses, el presidente municipal indic\u00f3 que una vez m\u00e1s, el centro de inmunizaci\u00f3n ser\u00e1 el estacionamiento del Palacio Municipal, sitio en el que con anterioridad\u00a0 se llev\u00f3 a cabo la vacunaci\u00f3n de la poblaci\u00f3n adulta, donde nuevamente se implementar\u00e1n las correspondientes medidas sanitarias como uso obligatorio de cubrebocas, gel antibacterial y sanitizaci\u00f3n de dicho espacio. Asimismo, precis\u00f3 que las vacunas se aplicar\u00e1n en un horario de 9 de la ma\u00f1ana a 5 de la tarde e indic\u00f3 que quienes acudan para recibirlas, deber\u00e1n presentar identificaci\u00f3n oficial, ya sea Clave \u00danica del Registro de Poblaci\u00f3n (CURP) o acta de nacimiento, expediente impreso del sitio web www.mivacuna.salud.gob.mx y comprobante de domicilio. Dijo que adem\u00e1s, por ser menores de edad, deber\u00e1n presentarse al punto de vacunaci\u00f3n acompa\u00f1ados de una persona adulta, de preferencia padre, madre o tutor. Apunt\u00f3 que tambi\u00e9n se vacunar\u00e1 a los adultos que por alguna raz\u00f3n se encuentren todav\u00eda en condici\u00f3n de rezagados, por lo que el edil los invit\u00f3 a aprovechar esta oportunidad para protegerse de la Covid-19 y record\u00f3, que al igual que los menores, tambi\u00e9n deber\u00e1n presentar el expediente de su registro en la p\u00e1gina web, y en el caso de los que van por su segunda dosis, tendr\u00e1n que mostrar el comprobante de su primera inmunizaci\u00f3n.<\/p>\n<p>Cabe mencionar, que a los rezagados de primera dosis, se les aplicar\u00e1n las vacunas de Astra Zeneca y Moderna, mientras que a los de segunda, las de Moderna, Astra Zeneca y Sinovac.<\/p>\n<p>Finalmente, el mun\u00edcipe exhort\u00f3 a los nicol\u00e1sromerenses a contribuir para que el proceso de vacunaci\u00f3n sea \u00e1gil evitando aglomeraciones, as\u00ed como no acudiendo de madrugada al centro de vacunaci\u00f3n, ya que esto provoca que se bloqueen los accesos y largas filas.<\/p>\n","protected":false},"excerpt":{"rendered":"<p>El gobierno del alcalde Armando Navarrete L\u00f3pez, anunci\u00f3 que los d\u00edas 1 y 2 de diciembre, se llevar\u00e1 a cabo la vacunaci\u00f3n de menores, de 15, 16 y 17 a\u00f1os, sin comorbilidades o factores de riesgo, contra Covid-19, por lo que en coordinaci\u00f3n con autoridades estatales y federales, se les aplicar\u00e1 la primera dosis contra el virus SARS-CoV-2.<\/p>\n","protected":false},"author":3,"featured_media":529067,"comment_status":"open","ping_status":"open","sticky":false,"template":"","format":"standard","meta":{"_monsterinsights_skip_tracking":false,"_monsterinsights_sitenote_active":false,"_monsterinsights_sitenote_note":"","_monsterinsights_sitenote_category":0,"footnotes":""},"categories":[5],"tags":[92627,90021,43675,752,93954],"class_list":["post-528980","post","type-post","status-publish","format-standard","has-post-thumbnail","hentry","category-estado-de-mexico","tag-adulto","tag-covid-19","tag-estado-de-mexico","tag-nicolas-romero","tag-rezagados"],"_links":{"self":[{"href":"https:\/\/www.diarioimagen.net\/index.php?rest_route=\/wp\/v2\/posts\/528980","targetHints":{"allow":["GET"]}}],"collection":[{"href":"https:\/\/www.diarioimagen.net\/index.php?rest_route=\/wp\/v2\/posts"}],"about":[{"href":"https:\/\/www.diarioimagen.net\/index.php?rest_route=\/wp\/v2\/types\/post"}],"author":[{"embeddable":true,"href":"https:\/\/www.diarioimagen.net\/index.php?rest_route=\/wp\/v2\/users\/3"}],"replies":[{"embeddable":true,"href":"https:\/\/www.diarioimagen.net\/index.php?rest_route=%2Fwp%2Fv2%2Fcomments&post=528980"}],"version-history":[{"count":0,"href":"https:\/\/www.diarioimagen.net\/index.php?rest_route=\/wp\/v2\/posts\/528980\/revisions"}],"wp:featuredmedia":[{"embeddable":true,"href":"https:\/\/www.diarioimagen.net\/index.php?rest_route=\/wp\/v2\/media\/529067"}],"wp:attachment":[{"href":"https:\/\/www.diarioimagen.net\/index.php?rest_route=%2Fwp%2Fv2%2Fmedia&parent=528980"}],"wp:term":[{"taxonomy":"category","embeddable":true,"href":"https:\/\/www.diarioimagen.net\/index.php?rest_route=%2Fwp%2Fv2%2Fcategories&post=528980"},{"taxonomy":"post_tag","embeddable":true,"href":"https:\/\/www.diarioimagen.net\/index.php?rest_route=%2Fwp%2Fv2%2Ftags&post=528980"}],"curies":[{"name":"wp","href":"https:\/\/api.w.org\/{rel}","templated":true}]}}