{"id":528988,"date":"2021-12-02T00:02:02","date_gmt":"2021-12-02T06:02:02","guid":{"rendered":"https:\/\/www.diarioimagen.net\/?p=528988"},"modified":"2021-12-02T04:36:06","modified_gmt":"2021-12-02T10:36:06","slug":"amlofest-una-serie-de-trampas-y-mentiras","status":"publish","type":"post","link":"https:\/\/www.diarioimagen.net\/?p=528988","title":{"rendered":"<em>AMLOfest<\/em>, una serie de trampas y mentiras"},"content":{"rendered":"<h2>La Retaguardia<\/h2>\n<h5>Adriana Moreno Cordero<\/h5>\n<p><em>\u00a0<\/em><\/p>\n<ul>\n<li><strong><em>Sus \u201celefantes blancos\u201d no han salvado a M\u00e9xico<\/em><\/strong><\/li>\n<\/ul>\n<p>&nbsp;<\/p>\n<p>En punto de las 5 de la tarde, con una plancha del Z\u00f3calo capitalino llena de gente, muchos que llegaron desde las cinco de la ma\u00f1ana, el presidente <strong>Andr\u00e9s Manuel L\u00f3pez Obrador<\/strong> sali\u00f3 acompa\u00f1ado de su esposa, <strong>Beatriz Guti\u00e9rrez<\/strong>, tomados de la mano, en una tierna escena de amor y caminaron a donde los esperaba ya todo el gabinete para encabezar lo que se conoci\u00f3 como el <em>AMLOfest<\/em>. Por una hora y 20 minutos, el de Tepetit\u00e1n estuvo hablando y por cierto, dando muestras de que ya se cansa cuando est\u00e1 parado mucho tiempo, recarg\u00e1ndose en el atril. Ayer, inform\u00f3 \u2014seg\u00fan \u00e9l\u2014, de sus supuestos logros, o sea, se trat\u00f3 solamente una serie de mentiras, arengas y discursos de p\u00falpito y eso, no puede ser de ning\u00fan modo, autoridad moral.<\/p>\n<p>Como si fuera candidato, a tres a\u00f1os de gobierno, el tabasque\u00f1o sigui\u00f3 haciendo promesas que dif\u00edcilmente cumplir\u00e1 y que se basan en el aumento de su base de votantes, como son los adultos mayores j\u00f3venes, muchos de los cuales est\u00e1n a punto de convertirse en ciudadanos. De esta manera, el presidente garantiza a sus posibles votantes para las elecciones de 2024.<\/p>\n<p>Por eso tambi\u00e9n dijo que \u201catender a los m\u00e1s pobres es ir a la segura para contar con el apoyo de muchos, de millones\u201d. Con esto reafirm\u00f3 que ah\u00ed est\u00e1 su capital pol\u00edtico, gracias a sus programas sociales.<\/p>\n<p>Para sustentar mayormente lo anterior, L\u00f3pez Obrador se refiri\u00f3 a su tan ansiado ejercicio al se\u00f1alar que: \u201cen abril del a\u00f1o pr\u00f3ximo, probaremos si quieren que renuncie a la Presidencia o que contin\u00fae. Este m\u00e9todo creado por nosotros, elevado a rango constitucional, establecer\u00e1 adem\u00e1s el procedimiento de que el pueblo pone y el pueblo quita; es sembrar, establecer en nuestro pa\u00eds un precedente. Nada de que me eligieron por seis a\u00f1os y puedo hacer lo que me d\u00e9 la gana. No, \u2026si quien gobierna no manda obedeciendo al pueblo, revocaci\u00f3n de mandato y para afuera\u201d. Acto seguido, el Presidente hizo un llamado a participar a todos los mexicanos, \u201cpara poner en pr\u00e1ctica el m\u00e9todo de la revocaci\u00f3n de mandato hasta convertirlo en un h\u00e1bito democr\u00e1tico\u201d.<\/p>\n<p>Esa fue una de las primeras trampas que tendi\u00f3 el Ejecutivo a sus seguidores pues en los accesos al Z\u00f3calo capitalino, se instalaron casillas para recabar firmas \u201cpara hacer una realidad la RATIFICACI\u00d3N (que no revocaci\u00f3n), de mandato.<\/p>\n<p>Tambi\u00e9n, el tabasque\u00f1o \u201cse amarr\u00f3 el dedo\u201d y dijo que sus ciegos y fieles seguidores, hab\u00edan llegado hasta el coraz\u00f3n del pa\u00eds, lo hicieron \u201cpor su propio pie, con convicci\u00f3n, no por dinero\u201d. Qu\u00e9 raro, porque es bien sabido que desde hace muchos a\u00f1os -y ah\u00ed est\u00e1 cuando cerr\u00f3 la avenida Paseo de la Reforma- paga porque la gente sea acarreada. En su m\u00e1s reciente gira por Estados Unidos, integrantes de esta llamada y errada Cuarta Transformaci\u00f3n ofrecieron -se dice- 100 d\u00f3lares por cabeza, s\u00f3lo que ah\u00ed no funcion\u00f3 y asistieron muy pocos.<\/p>\n<p>Luego de hablar y hablar sobre sus tan llevados y tra\u00eddos \u201celefantes blancos\u201d y subrayar que gracias a ellos pr\u00e1cticamente M\u00e9xico se ha salvado y sigue de pie luego de la crisis y la pandemia de Covid-19 que, ojo, est\u00e1 lejos de terminar, L\u00f3pez Obrador, muy complacido, asever\u00f3 que: \u201cya sentamos entre todos las bases para la transformaci\u00f3n del pa\u00eds. En tres a\u00f1os ha cambiado como nunca la mentalidad del pueblo, que eso es lo m\u00e1s importante de todo, la revoluci\u00f3n de las conciencias, pueden dar marcha atr\u00e1s a lo material, pero no a la conciencia del pueblo de M\u00e9xico\u201d.<\/p>\n<p>No conforme, enumer\u00f3 otro paquete grande de mentiras: \u201choy se respeta la Constituci\u00f3n; se garantizan las libertades hay transparencia plena no se censura a nadie. Desde el poder presidencial no se organizan fraudes electorales como antes. El gobierno ya no representa a una minor\u00eda, sino a todos. Se gobierna con austeridad y autoridad moral. En la pr\u00e1ctica, no hay fueros ni privilegios. Se respeta a todos pero se les da preferencia a los pobres, se repudia a la discriminaci\u00f3n, el racismo y el clasismo. Se fortalecen valores morales y espirituales y un largu\u00edsimo etc\u00e9tera.<\/p>\n<p>Hacia el final de su discurso, el Ejecutivo agradeci\u00f3 a los legisladores de Morena su respaldo en favor de la transformaci\u00f3n; esto por la reciente aprobaci\u00f3n del Presupuesto para 2022. \u201cTendremos recursos para atender por convicci\u00f3n y humanismo a los m\u00e1s despose\u00eddos y necesitados de M\u00e9xico, ayudar a los pobres, alivia el alma, mantiene tranquila la conciencia y alegra el coraz\u00f3n\u201d.<\/p>\n<p>El AMLO Fest fue tambi\u00e9n un evento en el que, para variar, el Presidente volvi\u00f3 a hacer \u201ccaravana con sombrero ajeno\u201d, al referirse al esfuerzo que hacen nuestros paisanos en Estados Unidos para aumentar sustancialmente el env\u00edo de remesas. Esto no es ni podr\u00eda ser un logro de esta errada y llamada cuarta transformaci\u00f3n. Ah\u00ed est\u00e1 otra de las muchas mentiras con las que el tabasque\u00f1o, contin\u00faa en este juego de \u201cdar atole con el dedo\u201d a aquellos que lo siguen.<\/p>\n<p style=\"text-align: center;\"><strong>Municiones<\/strong><\/p>\n<p>*** En primera fila estuvieron dos de los aspirantes del partido oficial a 2024: la jefa de Gobierno de la Ciudad de M\u00e9xico, <strong>Claudia Sheinbaum<\/strong> y el secretario de Relaciones Exteriores, <strong>Marcelo Ebrard<\/strong>. El senador <strong>Ricardo Monreal \u00c1vila<\/strong>, se entretuvo en la C\u00e1mara alta porque fue la comparecencia de <strong>Victoria Rodr\u00edguez Ceja<\/strong>, quien por orden presidencial, todo indica, ser\u00e1 ungida como gobernadora del Banco de M\u00e9xico, con lo que se nota que ah\u00ed tambi\u00e9n le \u201cmeti\u00f3 el hombro\u201d, el secretario de Hacienda, <strong>Rogelio Ram\u00edrez de la O<\/strong>, para bajar al ex titular de Hacienda, <strong>Arturo Herrera.<\/strong> El caso es que le cost\u00f3 trabajo al senador Monreal acercarse a la plancha del Z\u00f3calo capitalino, pero finalmente lo logr\u00f3.<\/p>\n<p>*** Varias cosas llamaron la atenci\u00f3n del templete del Z\u00f3calo, por ejemplo que la se\u00f1ora Sheinbaum Pardo, durante todo el discurso de su jefe, se la pas\u00f3 platicando con quien estaba a su lado, la secretaria de Econom\u00eda, <strong>Tatiana Clouthier<\/strong>. \u00bfAcaso la estar\u00eda invitando a formar parte de su equipo de trabajo ahora que arranque su campa\u00f1a? A ver si la funcionaria capitalina no se gana un \u201cjal\u00f3n de orejas\u201d en Palacio Nacional por no poner atenci\u00f3n a la clase de fraternidad y autoridad moral que estaba dando el de Tepetit\u00e1n. Mientras, el canciller estuvo mejor portado, junto a la secretaria de <strong>Energ\u00eda, Roc\u00edo Nahle<\/strong>, guardando la forma a lo largo de todo el evento, al fin y al cabo \u00e9l se placea en foros internacionales. Eso s\u00ed, una de un lado y el otro, en el opuesto. \u00a1Vaya se\u00f1ales!<\/p>\n<p>*** La que se gan\u00f3 su t\u00edtulo de porrista oficial de esta errada y llamada Cuarta Transformaci\u00f3n, fue la reci\u00e9n nombrada Consejera Jur\u00eddica de la Presidencia, <strong>Mar\u00eda Estela R\u00edos Gonz\u00e1lez<\/strong>. Ahora s\u00ed que nada m\u00e1s le faltaron los \u201cpompones\u201d para hacer completamente su labor. Con los brazos levantados, se uni\u00f3 a las porras de los asistentes al Z\u00f3calo y cada vez que se presentaba a alg\u00fan miembro del gabinete, gritaba \u201c\u00a1bravo!\u201d y aplaud\u00eda enjundiosa.<\/p>\n<p><u><a href=\"mailto:morcora@gmail.com\" target=\"_blank\" rel=\"noopener noreferrer\"><em>morcora@gmail.com<\/em><\/a><\/u><\/p>\n","protected":false},"excerpt":{"rendered":"<p><span style=\"color: #005497;\"><strong>Adriana Moreno Cordero<\/strong><\/span><\/p>\n","protected":false},"author":3,"featured_media":0,"comment_status":"open","ping_status":"open","sticky":false,"template":"","format":"standard","meta":{"_monsterinsights_skip_tracking":false,"_monsterinsights_sitenote_active":false,"_monsterinsights_sitenote_note":"","_monsterinsights_sitenote_category":0,"footnotes":""},"categories":[69370],"tags":[69369,69368,43674],"class_list":["post-528988","post","type-post","status-publish","format-standard","hentry","category-adriana-moreno-cordero","tag-adriana-moreno-cordero","tag-la-retaguardia","tag-opinion"],"_links":{"self":[{"href":"https:\/\/www.diarioimagen.net\/index.php?rest_route=\/wp\/v2\/posts\/528988","targetHints":{"allow":["GET"]}}],"collection":[{"href":"https:\/\/www.diarioimagen.net\/index.php?rest_route=\/wp\/v2\/posts"}],"about":[{"href":"https:\/\/www.diarioimagen.net\/index.php?rest_route=\/wp\/v2\/types\/post"}],"author":[{"embeddable":true,"href":"https:\/\/www.diarioimagen.net\/index.php?rest_route=\/wp\/v2\/users\/3"}],"replies":[{"embeddable":true,"href":"https:\/\/www.diarioimagen.net\/index.php?rest_route=%2Fwp%2Fv2%2Fcomments&post=528988"}],"version-history":[{"count":0,"href":"https:\/\/www.diarioimagen.net\/index.php?rest_route=\/wp\/v2\/posts\/528988\/revisions"}],"wp:attachment":[{"href":"https:\/\/www.diarioimagen.net\/index.php?rest_route=%2Fwp%2Fv2%2Fmedia&parent=528988"}],"wp:term":[{"taxonomy":"category","embeddable":true,"href":"https:\/\/www.diarioimagen.net\/index.php?rest_route=%2Fwp%2Fv2%2Fcategories&post=528988"},{"taxonomy":"post_tag","embeddable":true,"href":"https:\/\/www.diarioimagen.net\/index.php?rest_route=%2Fwp%2Fv2%2Ftags&post=528988"}],"curies":[{"name":"wp","href":"https:\/\/api.w.org\/{rel}","templated":true}]}}