{"id":528998,"date":"2021-12-02T00:03:07","date_gmt":"2021-12-02T06:03:07","guid":{"rendered":"https:\/\/www.diarioimagen.net\/?p=528998"},"modified":"2021-12-02T04:44:18","modified_gmt":"2021-12-02T10:44:18","slug":"tres-anos-apenas","status":"publish","type":"post","link":"https:\/\/www.diarioimagen.net\/?p=528998","title":{"rendered":"Tres a\u00f1os, \u00bfapenas?"},"content":{"rendered":"<h2>Espacio Electoral<\/h2>\n<h5>Eleazar Flores<\/h5>\n<p><strong>\u00a0<\/strong><\/p>\n<p><strong>B\u00c1SICOS, A M\u00c1S DEL DOBLE-.<\/strong> Los ya famosos \u201cotros datos\u201d olvidados en la magna concentraci\u00f3n de ayer en el z\u00f3calo de la capital del pa\u00eds chocar\u00edan si el padre de la Cuarta Transformaci\u00f3n diera los suyos en los rubros del d\u00eda a d\u00eda que sufre el pueblo sabio, donde los pobres son\u2026 primeros en apechugar carest\u00eda.<\/p>\n<p>Van sin m\u00e1s. En 2018, el kilo de tortilla estaba entre 8 y 10 pesos, el bolillo o telera a 50 centavos pieza, el frijol 15 pesos en promedio y la gasolina, entre 15 y 16 pesos.<\/p>\n<p>En este 2021, el kilo de tortilla est\u00e1 entre 17 y 20 pesos, el bolillo entre 2 y 2.50 pieza, el frijol entre 28 y 35 pesos promedio y la gasolina, entre 19 y 21 pesos. \u00bfAlguna duda?<\/p>\n<p>De los precios anteriores se excluye el d\u00f3lar, pues dir\u00edan que no es producto b\u00e1sico, pero repercute en todo, en 2018 estaba entre 15 y 17 pesos por d\u00f3lar, hoy entre 20 y 22.<\/p>\n<p>Tambi\u00e9n excluyo precios de los productos considerados perecederos, pues m\u00e1s que por la ley de la oferta y\u00a0 la demanda se sujetan al \u201ctemporal\u201d y la especulaci\u00f3n, de ah\u00ed que frutas y verduras si bien no se citan aqu\u00ed, cualquier ama de casa le dir\u00e1 que chile, cebolla, tomate, jitomate y dem\u00e1s, indispensables en la cocina, tambi\u00e9n est\u00e1n por los cielos, justo ahora que los salarios est\u00e1n casi por los suelos.<\/p>\n<p>La cadena de precios de unos cuarenta productos considerados en la canasta b\u00e1sica, incluyen az\u00facar que est\u00e1 no menos de un 50 por ciento m\u00e1s, el aceite para cocinar un 60 por ciento m\u00e1s considerando marcas y otras especificaciones de car\u00e1cter nutrimental.<\/p>\n<p>Reclamar\u00edan los defensores de la Cuarta Transformaci\u00f3n si aqu\u00ed se incluyeran los refrescos pero recuerde que para el conglomerado de a pie de la industria de la construcci\u00f3n es bebida b\u00e1sica, preferible y m\u00e1s econ\u00f3mica que la cerveza. Un refresco -p\u00f3ngale nombre y marca que desee- es junto con una torta o unos tacos, la comida b\u00e1sica del medio d\u00eda para las numerosas infanter\u00edas que \u201cconstruyen un mundo que no les pertenece\u201d, escribi\u00f3 el inolvidable Vicente Le\u00f1ero en su libro <em>Los alba\u00f1iles<\/em>.<\/p>\n<p>Por estos y muchos datos parecidos m\u00e1s, olvidados en los cajones de los escritorios de Palacio Nacional, es que no hubo tristeza, sino jolgorio en el Z\u00f3calo de la capital del pa\u00eds, sede de los grandes eventos del padre de la Cuarta Transformaci\u00f3n, para protestar cuando no presid\u00eda el gobierno, y para festejar como sucedi\u00f3 ayer.<\/p>\n<p>Los divergentes de la Cuarta Transformaci\u00f3n por ahora son espectadores u oyentes \u00bfpor cu\u00e1nto tiempo?<\/p>\n<p><em><a href=\"mailto:elefa44@gmail.com\" target=\"_blank\" rel=\"noopener noreferrer\">elefa44@gmail.com<\/a><\/em><\/p>\n","protected":false},"excerpt":{"rendered":"<p><span style=\"color: #005497;\"><strong>Eleazar Flores<\/strong><\/span><\/p>\n","protected":false},"author":3,"featured_media":0,"comment_status":"open","ping_status":"open","sticky":false,"template":"","format":"standard","meta":{"_monsterinsights_skip_tracking":false,"_monsterinsights_sitenote_active":false,"_monsterinsights_sitenote_note":"","_monsterinsights_sitenote_category":0,"footnotes":""},"categories":[81743],"tags":[81744,81776,43674],"class_list":["post-528998","post","type-post","status-publish","format-standard","hentry","category-eleazar-flores","tag-eleazar-flores","tag-espacio-electoral","tag-opinion"],"_links":{"self":[{"href":"https:\/\/www.diarioimagen.net\/index.php?rest_route=\/wp\/v2\/posts\/528998","targetHints":{"allow":["GET"]}}],"collection":[{"href":"https:\/\/www.diarioimagen.net\/index.php?rest_route=\/wp\/v2\/posts"}],"about":[{"href":"https:\/\/www.diarioimagen.net\/index.php?rest_route=\/wp\/v2\/types\/post"}],"author":[{"embeddable":true,"href":"https:\/\/www.diarioimagen.net\/index.php?rest_route=\/wp\/v2\/users\/3"}],"replies":[{"embeddable":true,"href":"https:\/\/www.diarioimagen.net\/index.php?rest_route=%2Fwp%2Fv2%2Fcomments&post=528998"}],"version-history":[{"count":0,"href":"https:\/\/www.diarioimagen.net\/index.php?rest_route=\/wp\/v2\/posts\/528998\/revisions"}],"wp:attachment":[{"href":"https:\/\/www.diarioimagen.net\/index.php?rest_route=%2Fwp%2Fv2%2Fmedia&parent=528998"}],"wp:term":[{"taxonomy":"category","embeddable":true,"href":"https:\/\/www.diarioimagen.net\/index.php?rest_route=%2Fwp%2Fv2%2Fcategories&post=528998"},{"taxonomy":"post_tag","embeddable":true,"href":"https:\/\/www.diarioimagen.net\/index.php?rest_route=%2Fwp%2Fv2%2Ftags&post=528998"}],"curies":[{"name":"wp","href":"https:\/\/api.w.org\/{rel}","templated":true}]}}