{"id":529089,"date":"2021-12-03T00:05:53","date_gmt":"2021-12-03T06:05:53","guid":{"rendered":"https:\/\/www.diarioimagen.net\/?p=529089"},"modified":"2021-12-06T03:46:03","modified_gmt":"2021-12-06T09:46:03","slug":"arranca-la-puesta-en-escena-el-punto-la-protagonizan-actrices-y-actores-en-formacion-de-la-uaem","status":"publish","type":"post","link":"https:\/\/www.diarioimagen.net\/?p=529089","title":{"rendered":"Arranca la puesta en escena <em>El Punto<\/em>, la protagonizan actrices y actores en formaci\u00f3n de la UAEM"},"content":{"rendered":"<p>&nbsp;<\/p>\n<h3 style=\"text-align: center;\">\u00a1Jueves de teatro!<\/h3>\n<p><em>\u00a0<\/em><\/p>\n<ul>\n<li><strong><em>Fue escrita en 2010 por el dramaturgo espa\u00f1ol Antonio \u00c1lamo<\/em><\/strong><\/li>\n<\/ul>\n<p>&nbsp;<\/p>\n<div id=\"attachment_529142\" style=\"width: 470px\" class=\"wp-caption aligncenter\"><a href=\"https:\/\/www.diarioimagen.net\/?attachment_id=529142\" rel=\"attachment wp-att-529142\"><img loading=\"lazy\" decoding=\"async\" aria-describedby=\"caption-attachment-529142\" class=\"size-full wp-image-529142\" src=\"https:\/\/www.diarioimagen.net\/wp-content\/uploads\/2021\/12\/uaem-2.jpg\" alt=\"\" width=\"460\" height=\"270\" \/><\/a><p id=\"caption-attachment-529142\" class=\"wp-caption-text\">Se presentar\u00e1 hasta el pr\u00f3ximo 18 de diciembre en el Foro Experimental \u201cRa\u00fal Zerme\u00f1o Saucedo\u201d de la Facultad de Humanidades.<\/p><\/div>\n<p>&nbsp;<\/p>\n<p><strong>Toluca, Estado de M\u00e9xico.-<\/strong> Con una reflexi\u00f3n acerca del apocalipsis y la extinci\u00f3n de la humanidad, la Licenciatura en Artes Teatrales de la Universidad Aut\u00f3noma del Estado de M\u00e9xico (UAEM) presenta la obra <em>El Punto<\/em>.<\/p>\n<p>El director de la puesta en escena y profesor de dicha carrera, Juan Carlos Torres, explic\u00f3 que la obra plantea la idea de un poder supremo, que no se ve, pero que rige a la humanidad y se le tiene una fe devota; mencion\u00f3 que est\u00e1 representado a trav\u00e9s de personaje El Punto, el cual se nombra en repetidas ocasiones, pero nunca aparece en la funci\u00f3n.<\/p>\n<p><em>El Punto<\/em>, dijo, se relaciona con las propuestas teatrales vanguardistas de mitad del siglo XX hasta la actualidad y mencion\u00f3 que la puesta en escena fue escrita en 2010 por el dramaturgo espa\u00f1ol Antonio \u00c1lamo.<\/p>\n<p>Asimismo, indic\u00f3 que hay dos repartos, uno donde la mayor\u00eda son varones y otro donde la mayor\u00eda son mujeres. Manifest\u00f3 que ello tambi\u00e9n habla de la coyuntura actual, donde se busca que el poder ejercido a trav\u00e9s del patriarcado se diluya.<\/p>\n<p>La puesta en escena es presentada por actrices y actores en formaci\u00f3n de la Licenciatura en Artes Teatrales, quienes buscan crear en los espectadores una reflexi\u00f3n a trav\u00e9s de los montajes que presentan.<\/p>\n<p>Del mismo modo, tienen como objetivo incidir en el estado de \u00e1nimo y sistema de creencias de los asistentes al teatro, con el prop\u00f3sito de que se cuestionen continuamente sus referentes y modo de vida.<\/p>\n<p>Cabe destacar que los asistentes a esta puesta en escena forman parte de la funci\u00f3n, ya que se les coloca una tela negra sobre el cuerpo y solo queda al descubierto su rostro. \u201cRepresentan cabezas flotando que est\u00e1n a la espera de <em>El Punto<\/em>\u201d.<\/p>\n<p><em>El Punto<\/em> se presentar\u00e1 hasta el pr\u00f3ximo 18 de diciembre en el Foro Experimental \u201cRa\u00fal Zerme\u00f1o Saucedo\u201d de la Facultad de Humanidades; de jueves a s\u00e1bado, a las 17 horas. La entrada tiene un costo de 30 pesos.<\/p>\n","protected":false},"excerpt":{"rendered":"<p>Con una reflexi\u00f3n acerca del apocalipsis y la extinci\u00f3n de la humanidad, la Licenciatura en Artes Teatrales de la Universidad Aut\u00f3noma del Estado de M\u00e9xico (UAEM) presenta la obra Con una reflexi\u00f3n acerca del apocalipsis y la extinci\u00f3n de la humanidad, la Licenciatura en Artes Teatrales de la Universidad Aut\u00f3noma del Estado de M\u00e9xico (UAEM) presenta la obra <em>El Punto<\/em>.<\/p>\n","protected":false},"author":3,"featured_media":529142,"comment_status":"open","ping_status":"open","sticky":false,"template":"","format":"standard","meta":{"_monsterinsights_skip_tracking":false,"_monsterinsights_sitenote_active":false,"_monsterinsights_sitenote_note":"","_monsterinsights_sitenote_category":0,"footnotes":""},"categories":[5],"tags":[94171,43675,92053,452,1491],"class_list":["post-529089","post","type-post","status-publish","format-standard","has-post-thumbnail","hentry","category-estado-de-mexico","tag-el-punto","tag-estado-de-mexico","tag-puesta","tag-toluca","tag-uaem"],"_links":{"self":[{"href":"https:\/\/www.diarioimagen.net\/index.php?rest_route=\/wp\/v2\/posts\/529089","targetHints":{"allow":["GET"]}}],"collection":[{"href":"https:\/\/www.diarioimagen.net\/index.php?rest_route=\/wp\/v2\/posts"}],"about":[{"href":"https:\/\/www.diarioimagen.net\/index.php?rest_route=\/wp\/v2\/types\/post"}],"author":[{"embeddable":true,"href":"https:\/\/www.diarioimagen.net\/index.php?rest_route=\/wp\/v2\/users\/3"}],"replies":[{"embeddable":true,"href":"https:\/\/www.diarioimagen.net\/index.php?rest_route=%2Fwp%2Fv2%2Fcomments&post=529089"}],"version-history":[{"count":0,"href":"https:\/\/www.diarioimagen.net\/index.php?rest_route=\/wp\/v2\/posts\/529089\/revisions"}],"wp:featuredmedia":[{"embeddable":true,"href":"https:\/\/www.diarioimagen.net\/index.php?rest_route=\/wp\/v2\/media\/529142"}],"wp:attachment":[{"href":"https:\/\/www.diarioimagen.net\/index.php?rest_route=%2Fwp%2Fv2%2Fmedia&parent=529089"}],"wp:term":[{"taxonomy":"category","embeddable":true,"href":"https:\/\/www.diarioimagen.net\/index.php?rest_route=%2Fwp%2Fv2%2Fcategories&post=529089"},{"taxonomy":"post_tag","embeddable":true,"href":"https:\/\/www.diarioimagen.net\/index.php?rest_route=%2Fwp%2Fv2%2Ftags&post=529089"}],"curies":[{"name":"wp","href":"https:\/\/api.w.org\/{rel}","templated":true}]}}