{"id":529115,"date":"2021-12-03T00:03:19","date_gmt":"2021-12-03T06:03:19","guid":{"rendered":"https:\/\/www.diarioimagen.net\/?p=529115"},"modified":"2021-12-03T06:28:19","modified_gmt":"2021-12-03T12:28:19","slug":"durante-2021-se-consolido-la-eficiencia-de-servicios-publicos-edil-armando-navarrete","status":"publish","type":"post","link":"https:\/\/www.diarioimagen.net\/?p=529115","title":{"rendered":"Durante 2021 se consolid\u00f3 la eficiencia de servicios p\u00fablicos: edil Armando Navarrete"},"content":{"rendered":"<p>&nbsp;<\/p>\n<ul>\n<li><strong><em>Gesti\u00f3n en Nicol\u00e1s Romero<\/em><\/strong><\/li>\n<\/ul>\n<p>&nbsp;<\/p>\n<div id=\"attachment_529233\" style=\"width: 470px\" class=\"wp-caption aligncenter\"><a href=\"https:\/\/www.diarioimagen.net\/?attachment_id=529233\" rel=\"attachment wp-att-529233\"><img loading=\"lazy\" decoding=\"async\" aria-describedby=\"caption-attachment-529233\" class=\"size-full wp-image-529233\" src=\"https:\/\/www.diarioimagen.net\/wp-content\/uploads\/2021\/12\/nicolas-1.jpg\" alt=\"\" width=\"460\" height=\"270\" \/><\/a><p id=\"caption-attachment-529233\" class=\"wp-caption-text\">Durante la gesti\u00f3n del alcalde Armando Navarrete, en 2021, se redoblaron esfuerzos para mejorar y consolidar los servicios p\u00fablicos, para el bienestar de la poblaci\u00f3n.<\/p><\/div>\n<p>&nbsp;<\/p>\n<p><strong>Nicol\u00e1s Romero, Estado de M\u00e9xico.\u2014<\/strong> Proporcionar a los ciudadanos servicios p\u00fablicos eficientes y mejorar su calidad, es uno de los ejes fundamentales de la administraci\u00f3n encabezada por el alcalde Armando Navarrete L\u00f3pez, por lo que durante 2021, se redoblaron esfuerzos para mejorarlos y consolidarlos, para bienestar de la poblaci\u00f3n.<\/p>\n<p>Rumbo al Tercer Informe de Gobierno, el presidente municipal inform\u00f3 que en este a\u00f1o se recolectaron 146 mil 650 toneladas de residuos s\u00f3lidos urbanos (RSU), en todo el territorio de la localidad, incluida la basura de las casas habitaci\u00f3n, instituciones educativas y comercios, as\u00ed como empresas asentadas en el municipio.<\/p>\n<p>Asimismo, precis\u00f3 que se barrieron 3 mil 913 kil\u00f3metros de avenidas principales y se recolectaron 668 toneladas de residuos s\u00f3lidos no peligrosos, fundamentalmente en la carretera Nicol\u00e1s Romero-Atizap\u00e1n, la V\u00eda Corta, avenida Mariano Escobedo, avenida 5 de Mayo, carretera Nicol\u00e1s Romero-Villa del Carb\u00f3n y avenida 1 de Mayo.<\/p>\n<p>Navarrete L\u00f3pez, indic\u00f3 que adem\u00e1s, se realizaron 194 faenas en r\u00edos, arroyos y barrancas, con la recolecci\u00f3n de 194 toneladas de residuos s\u00f3lidos.<\/p>\n<p>En lo que se refiere a bacheo, subray\u00f3 que para rehabilitar las vialidades da\u00f1adas por la intensa temporada de lluvias y el uso intenso, en 2021 se efectu\u00f3 el bacheo de 13 mil 700 metros cuadrados de vialidades, con lo que se han utilizado mil 580 toneladas de mezcla asf\u00e1ltica, as\u00ed como 15 mil 818 litros de emulsi\u00f3n de asfalto.<\/p>\n<p>A\u00f1adi\u00f3 que en 2021, tambi\u00e9n se puso en marcha la aplicaci\u00f3n \u201cReporte NR\u201d, una innovadora herramienta\u00a0 digital, mediante la cual se pueden reportar los baches que hay en las comunidades, desde tel\u00e9fonos celulares.<\/p>\n<p>Apunt\u00f3 que por medio del programa \u201cTrayendo Luz Trayendo Paz\u201d, lanzado en 2019 se colocan luminarias en las calles que carecen de alumbrado p\u00fablico, con lo que se contribuye a inhibir la delincuencia y fortalecer los niveles de seguridad.<\/p>\n<p>Recalc\u00f3 que durante 2021, m\u00e1s de 9 mil 500 familias resultaron beneficiadas con la instalaci\u00f3n de 856 luminarias ahorradoras de energ\u00eda de tecnolog\u00eda led y se rehabilitaron m\u00e1s de mil 716 l\u00e1mparas, con lo que se mejor\u00f3 notablemente la iluminaci\u00f3n artificial por las noches, adem\u00e1s de que se realiz\u00f3 la revisi\u00f3n de 2 mil 724 luminarias, para evitar bajas de voltaje, falsos contactos o intromisi\u00f3n de agua.<\/p>\n","protected":false},"excerpt":{"rendered":"<p>Proporcionar a los ciudadanos servicios p\u00fablicos eficientes y mejorar su calidad, es uno de los ejes fundamentales de la administraci\u00f3n encabezada por el alcalde Armando Navarrete L\u00f3pez, por lo que durante 2021, se redoblaron esfuerzos para mejorarlos y consolidarlos, para bienestar de la poblaci\u00f3n.<\/p>\n","protected":false},"author":3,"featured_media":529233,"comment_status":"open","ping_status":"open","sticky":false,"template":"","format":"standard","meta":{"_monsterinsights_skip_tracking":false,"_monsterinsights_sitenote_active":false,"_monsterinsights_sitenote_note":"","_monsterinsights_sitenote_category":0,"footnotes":""},"categories":[5],"tags":[81431,43675,752,50459],"class_list":["post-529115","post","type-post","status-publish","format-standard","has-post-thumbnail","hentry","category-estado-de-mexico","tag-armando-navarrete-lopez","tag-estado-de-mexico","tag-nicolas-romero","tag-servicios-publicos"],"_links":{"self":[{"href":"https:\/\/www.diarioimagen.net\/index.php?rest_route=\/wp\/v2\/posts\/529115","targetHints":{"allow":["GET"]}}],"collection":[{"href":"https:\/\/www.diarioimagen.net\/index.php?rest_route=\/wp\/v2\/posts"}],"about":[{"href":"https:\/\/www.diarioimagen.net\/index.php?rest_route=\/wp\/v2\/types\/post"}],"author":[{"embeddable":true,"href":"https:\/\/www.diarioimagen.net\/index.php?rest_route=\/wp\/v2\/users\/3"}],"replies":[{"embeddable":true,"href":"https:\/\/www.diarioimagen.net\/index.php?rest_route=%2Fwp%2Fv2%2Fcomments&post=529115"}],"version-history":[{"count":0,"href":"https:\/\/www.diarioimagen.net\/index.php?rest_route=\/wp\/v2\/posts\/529115\/revisions"}],"wp:featuredmedia":[{"embeddable":true,"href":"https:\/\/www.diarioimagen.net\/index.php?rest_route=\/wp\/v2\/media\/529233"}],"wp:attachment":[{"href":"https:\/\/www.diarioimagen.net\/index.php?rest_route=%2Fwp%2Fv2%2Fmedia&parent=529115"}],"wp:term":[{"taxonomy":"category","embeddable":true,"href":"https:\/\/www.diarioimagen.net\/index.php?rest_route=%2Fwp%2Fv2%2Fcategories&post=529115"},{"taxonomy":"post_tag","embeddable":true,"href":"https:\/\/www.diarioimagen.net\/index.php?rest_route=%2Fwp%2Fv2%2Ftags&post=529115"}],"curies":[{"name":"wp","href":"https:\/\/api.w.org\/{rel}","templated":true}]}}