{"id":529118,"date":"2021-12-03T00:02:57","date_gmt":"2021-12-03T06:02:57","guid":{"rendered":"https:\/\/www.diarioimagen.net\/?p=529118"},"modified":"2021-12-03T06:35:34","modified_gmt":"2021-12-03T12:35:34","slug":"el-diputado-david-parra-sanchez-insta-a-impulsar-el-consumo-local-en-naucalpan","status":"publish","type":"post","link":"https:\/\/www.diarioimagen.net\/?p=529118","title":{"rendered":"El diputado David Parra S\u00e1nchez insta a impulsar el consumo local en Naucalpan"},"content":{"rendered":"<p>&nbsp;<\/p>\n<div id=\"attachment_529236\" style=\"width: 470px\" class=\"wp-caption aligncenter\"><a href=\"https:\/\/www.diarioimagen.net\/?attachment_id=529236\" rel=\"attachment wp-att-529236\"><img loading=\"lazy\" decoding=\"async\" aria-describedby=\"caption-attachment-529236\" class=\"size-full wp-image-529236\" src=\"https:\/\/www.diarioimagen.net\/wp-content\/uploads\/2021\/12\/naucalpan-2.jpg\" alt=\"\" width=\"460\" height=\"270\" \/><\/a><p id=\"caption-attachment-529236\" class=\"wp-caption-text\">Durante la gesti\u00f3n del alcalde Armando Navarrete, en 2021, se redoblaron esfuerzos para mejorar y consolidar los servicios p\u00fablicos, para el bienestar de la poblaci\u00f3n.<\/p><\/div>\n<p>&nbsp;<\/p>\n<p><strong>Naucalpan, Estado de M\u00e9xico.\u2014<\/strong> El diputado por el estado de M\u00e9xico, David Parra S\u00e1nchez reconoci\u00f3 la capacidad, creaci\u00f3n y talento de los emprendedores de la entidad y sobre todo del distrito electoral 32 con cabecera en Naucalpan.<\/p>\n<p>Asimismo, refrend\u00f3 su apoyo a los peque\u00f1os comerciantes y productores locales, cuyo flujo efectivo hace posible que la econom\u00eda del municipio se mantenga en movimiento. Al inaugurar el \u201cBazar Navide\u00f1o 2021\u201d, instalado en la sede del Comit\u00e9 Municipal del PRI, el legislador destac\u00f3 la importancia de fortalecer el consumo local.<\/p>\n","protected":false},"excerpt":{"rendered":"<p>El diputado por el estado de M\u00e9xico, David Parra S\u00e1nchez reconoci\u00f3 la capacidad, creaci\u00f3n y talento de los emprendedores de la entidad y sobre todo del distrito electoral 32 con cabecera en Naucalpan.<\/p>\n","protected":false},"author":3,"featured_media":529236,"comment_status":"open","ping_status":"open","sticky":false,"template":"","format":"standard","meta":{"_monsterinsights_skip_tracking":false,"_monsterinsights_sitenote_active":false,"_monsterinsights_sitenote_note":"","_monsterinsights_sitenote_category":0,"footnotes":""},"categories":[5],"tags":[13450,43675,94180,970],"class_list":["post-529118","post","type-post","status-publish","format-standard","has-post-thumbnail","hentry","category-estado-de-mexico","tag-consumo","tag-estado-de-mexico","tag-insta","tag-naucalpan"],"_links":{"self":[{"href":"https:\/\/www.diarioimagen.net\/index.php?rest_route=\/wp\/v2\/posts\/529118","targetHints":{"allow":["GET"]}}],"collection":[{"href":"https:\/\/www.diarioimagen.net\/index.php?rest_route=\/wp\/v2\/posts"}],"about":[{"href":"https:\/\/www.diarioimagen.net\/index.php?rest_route=\/wp\/v2\/types\/post"}],"author":[{"embeddable":true,"href":"https:\/\/www.diarioimagen.net\/index.php?rest_route=\/wp\/v2\/users\/3"}],"replies":[{"embeddable":true,"href":"https:\/\/www.diarioimagen.net\/index.php?rest_route=%2Fwp%2Fv2%2Fcomments&post=529118"}],"version-history":[{"count":0,"href":"https:\/\/www.diarioimagen.net\/index.php?rest_route=\/wp\/v2\/posts\/529118\/revisions"}],"wp:featuredmedia":[{"embeddable":true,"href":"https:\/\/www.diarioimagen.net\/index.php?rest_route=\/wp\/v2\/media\/529236"}],"wp:attachment":[{"href":"https:\/\/www.diarioimagen.net\/index.php?rest_route=%2Fwp%2Fv2%2Fmedia&parent=529118"}],"wp:term":[{"taxonomy":"category","embeddable":true,"href":"https:\/\/www.diarioimagen.net\/index.php?rest_route=%2Fwp%2Fv2%2Fcategories&post=529118"},{"taxonomy":"post_tag","embeddable":true,"href":"https:\/\/www.diarioimagen.net\/index.php?rest_route=%2Fwp%2Fv2%2Ftags&post=529118"}],"curies":[{"name":"wp","href":"https:\/\/api.w.org\/{rel}","templated":true}]}}