{"id":529328,"date":"2021-12-06T00:01:58","date_gmt":"2021-12-06T06:01:58","guid":{"rendered":"https:\/\/www.diarioimagen.net\/?p=529328"},"modified":"2021-12-06T07:17:27","modified_gmt":"2021-12-06T13:17:27","slug":"los-suteymistas-abanderaremos-la-lucha-de-trabajadores-del-gobierno-tomas-palomares","status":"publish","type":"post","link":"https:\/\/www.diarioimagen.net\/?p=529328","title":{"rendered":"Los suteymistas abanderaremos la lucha de trabajadores del gobierno: Tom\u00e1s Palomares"},"content":{"rendered":"<p>&nbsp;<\/p>\n<ul>\n<li><strong><em>L\u00edder del comit\u00e9 seccional en Naucalpan<\/em><\/strong><\/li>\n<\/ul>\n<p>&nbsp;<\/p>\n<div id=\"attachment_529390\" style=\"width: 470px\" class=\"wp-caption aligncenter\"><a href=\"https:\/\/www.diarioimagen.net\/?attachment_id=529390\" rel=\"attachment wp-att-529390\"><img loading=\"lazy\" decoding=\"async\" aria-describedby=\"caption-attachment-529390\" class=\"size-full wp-image-529390\" src=\"https:\/\/www.diarioimagen.net\/wp-content\/uploads\/2021\/12\/naucalpan-3.jpg\" alt=\"\" width=\"460\" height=\"270\" \/><\/a><p id=\"caption-attachment-529390\" class=\"wp-caption-text\">Tom\u00e1s Alberto Palomares Parra anticip\u00f3 que de no cumplir al gremio con sus salarios, adeudos y prestaciones de ley, encabezar\u00e1n la leg\u00edtima lucha de todo el colectivo de trabajadores del gobierno municipal.<\/p><\/div>\n<p>&nbsp;<\/p>\n<p><strong>Naucalpan, Estado de M\u00e9xico.\u2014<\/strong> El secretario general del Comit\u00e9 seccional del SUTEyM, Naucalpan, Tom\u00e1s Alberto Palomares Parra anticip\u00f3 que de no cumplir al gremio con sus salarios, adeudos y prestaciones de ley a que son sujetos, encabezar\u00e1n la leg\u00edtima lucha de todo el colectivo de trabajadores del gobierno municipal.<\/p>\n<p>Precis\u00f3 que no importa si son servidores p\u00fablicos sindicalizados o de confianza, toda vez que dijo, todos merecen conforme a derecho, el pago correspondiente de sus sueldos y poder llevar el sustento a sus familias.<\/p>\n<p>Reiter\u00f3, que al final de cuentas, de alguna u otra manera el personal que labora en el ayuntamiento y las dependencias e institutos de la administraci\u00f3n, cumplen con una funci\u00f3n p\u00fablica en beneficio de Naucalpan.<\/p>\n<p>Sin embargo, indic\u00f3 que la medida depender\u00e1 del resolutivo que el \u00f3rgano de gobierno en sesi\u00f3n de cabildo extraordinario, asuma en una decisi\u00f3n colegiada y que tienen que ver con retomar el dictamen de la comisi\u00f3n edilicia de hacienda.<\/p>\n<p>Lo anterior, expuso, en la que esta unidad edilicia realiz\u00f3 un estudio de la situaci\u00f3n financiera del municipio, con la finalidad de hacer frente al adeudo por concepto sueldos y prestaciones a los servidores p\u00fablicos del ayuntamiento de Naucalpan de Ju\u00e1rez.<\/p>\n<p>Palomares Parra, luego de participar en la sesi\u00f3n de cabildo en donde fij\u00f3 la posici\u00f3n del SUTEyM secci\u00f3n Naucalpan y en el que urgi\u00f3 a los ediles y al responsable de las finanzas municipales, sobre todo, el cumplimiento de sus obligaciones, no descart\u00f3 la posibilidad de acudir a la demanda laboral y penal contra quienes resulten responsables.<\/p>\n<p>Enfatiz\u00f3 con respecto a la desincorporaci\u00f3n del predio \u201cLa Victoria\u201d para ponerlo en venta mediante una subasta p\u00fablica con la aprobaci\u00f3n del Congreso del estado de M\u00e9xico, que es cuestionable.<\/p>\n<p>A\u00f1adi\u00f3 que, adem\u00e1s, hay que esperar todav\u00eda a que se enajene, al tiempo que reproch\u00f3 que, para el caso, no conozcan de un programa de reubicaci\u00f3n del personal de servicios p\u00fablicos que labora en el inmueble, \u201cel cual, en los a\u00f1os, al Sindicato y a ninguna autoridad, le cost\u00f3 las mejoras en sus instalaciones\u201d.<\/p>\n<p>El l\u00edder de la secci\u00f3n Naucalpan del SUTEyM, agradeci\u00f3 a los s\u00edndicos y regidores la oportunidad de abrirle el espacio en el Sal\u00f3n del Pueblo para pronunciarse de manera democr\u00e1tica y respetuosa en el recinto, y conocieran de manera directa, el sentir bajo su representaci\u00f3n de la clase trabajadora.<\/p>\n<p>Puntualiz\u00f3 que s\u00ed el gobierno municipal cumple a cabalidad con los trabajadores, habr\u00e1 que reconoc\u00e9rselo abierta y p\u00fablicamente.<\/p>\n","protected":false},"excerpt":{"rendered":"<p>El secretario general del Comit\u00e9 seccional del SUTEyM, Naucalpan, Tom\u00e1s Alberto Palomares Parra anticip\u00f3 que de no cumplir al gremio con sus salarios, adeudos y prestaciones de ley a que son sujetos, encabezar\u00e1n la leg\u00edtima lucha de todo el colectivo de trabajadores del gobierno municipal.<\/p>\n","protected":false},"author":3,"featured_media":529390,"comment_status":"open","ping_status":"open","sticky":false,"template":"","format":"standard","meta":{"_monsterinsights_skip_tracking":false,"_monsterinsights_sitenote_active":false,"_monsterinsights_sitenote_note":"","_monsterinsights_sitenote_category":0,"footnotes":""},"categories":[5],"tags":[73520,43675,970,71387],"class_list":["post-529328","post","type-post","status-publish","format-standard","has-post-thumbnail","hentry","category-estado-de-mexico","tag-abanderan","tag-estado-de-mexico","tag-naucalpan","tag-suteymistas"],"_links":{"self":[{"href":"https:\/\/www.diarioimagen.net\/index.php?rest_route=\/wp\/v2\/posts\/529328","targetHints":{"allow":["GET"]}}],"collection":[{"href":"https:\/\/www.diarioimagen.net\/index.php?rest_route=\/wp\/v2\/posts"}],"about":[{"href":"https:\/\/www.diarioimagen.net\/index.php?rest_route=\/wp\/v2\/types\/post"}],"author":[{"embeddable":true,"href":"https:\/\/www.diarioimagen.net\/index.php?rest_route=\/wp\/v2\/users\/3"}],"replies":[{"embeddable":true,"href":"https:\/\/www.diarioimagen.net\/index.php?rest_route=%2Fwp%2Fv2%2Fcomments&post=529328"}],"version-history":[{"count":0,"href":"https:\/\/www.diarioimagen.net\/index.php?rest_route=\/wp\/v2\/posts\/529328\/revisions"}],"wp:featuredmedia":[{"embeddable":true,"href":"https:\/\/www.diarioimagen.net\/index.php?rest_route=\/wp\/v2\/media\/529390"}],"wp:attachment":[{"href":"https:\/\/www.diarioimagen.net\/index.php?rest_route=%2Fwp%2Fv2%2Fmedia&parent=529328"}],"wp:term":[{"taxonomy":"category","embeddable":true,"href":"https:\/\/www.diarioimagen.net\/index.php?rest_route=%2Fwp%2Fv2%2Fcategories&post=529328"},{"taxonomy":"post_tag","embeddable":true,"href":"https:\/\/www.diarioimagen.net\/index.php?rest_route=%2Fwp%2Fv2%2Ftags&post=529328"}],"curies":[{"name":"wp","href":"https:\/\/api.w.org\/{rel}","templated":true}]}}