{"id":529333,"date":"2021-12-06T00:01:05","date_gmt":"2021-12-06T06:01:05","guid":{"rendered":"https:\/\/www.diarioimagen.net\/?p=529333"},"modified":"2021-12-06T07:23:42","modified_gmt":"2021-12-06T13:23:42","slug":"refrenda-armando-navarrete-compromiso-con-nicolasromerenses-al-vacunarse-a-menores","status":"publish","type":"post","link":"https:\/\/www.diarioimagen.net\/?p=529333","title":{"rendered":"Refrenda Armando Navarrete compromiso con nicolasromerenses, al vacunarse a menores"},"content":{"rendered":"<p>&nbsp;<\/p>\n<div id=\"attachment_529398\" style=\"width: 470px\" class=\"wp-caption aligncenter\"><a href=\"https:\/\/www.diarioimagen.net\/?attachment_id=529398\" rel=\"attachment wp-att-529398\"><img loading=\"lazy\" decoding=\"async\" aria-describedby=\"caption-attachment-529398\" class=\"size-full wp-image-529398\" src=\"https:\/\/www.diarioimagen.net\/wp-content\/uploads\/2021\/12\/nicolas-2.jpg\" alt=\"\" width=\"460\" height=\"270\" \/><\/a><p id=\"caption-attachment-529398\" class=\"wp-caption-text\">En la Cuarta Sesi\u00f3n Ordinaria de la Comisi\u00f3n Edilicia de Desarrollo Econ\u00f3mico y Empleo, se\u00a0 inform\u00f3 que, del total de buscadores de empleo que se han acercado a esta oficina, 70 por ciento fue canalizado a una entrevista formal.<\/p><\/div>\n<p>&nbsp;<\/p>\n<p><strong>Nicol\u00e1s Romero, Estado de M\u00e9xico<\/strong><strong>.\u2014 <\/strong>El gobierno del alcalde Armando Navarrete L\u00f3pez, refrend\u00f3 su compromiso con la salud de la poblaci\u00f3n, al coordinar esfuerzos una vez m\u00e1s con autoridades estatales y federales, para la vacunaci\u00f3n contra Covid-19 en beneficio de j\u00f3venes de 15,16 y 17 a\u00f1os de edad, as\u00ed como de adultos que se encontraban en condici\u00f3n de rezagados, aplic\u00e1ndose un total de 32 mil 638 dosis.<\/p>\n<p>Durante la intensa jornada de inmunizaci\u00f3n, de primeras dosis de Pfizer se aplicaron 20 mil 622 vacunas. Del mismo modo, de Moderna se pusieron 5 mil 314 dosis y de AstraZeneca\u00a0 mil 669, en tanto que de segundas dosis, se aplicaron de la vacuna Sinovac 146, de Moderna 2 mil 526 y\u00a0 de AstraZeneca 2 mil 361.<\/p>\n","protected":false},"excerpt":{"rendered":"<p>El gobierno del alcalde Armando Navarrete L\u00f3pez, refrend\u00f3 su compromiso con la salud de la poblaci\u00f3n, al coordinar esfuerzos una vez m\u00e1s con autoridades estatales y federales, para la vacunaci\u00f3n contra Covid-19 en beneficio de j\u00f3venes de 15,16 y 17 a\u00f1os de edad, as\u00ed como de adultos que se encontraban en condici\u00f3n de rezagados, aplic\u00e1ndose un total de 32 mil 638 dosis.<\/p>\n","protected":false},"author":3,"featured_media":529398,"comment_status":"open","ping_status":"open","sticky":false,"template":"","format":"standard","meta":{"_monsterinsights_skip_tracking":false,"_monsterinsights_sitenote_active":false,"_monsterinsights_sitenote_note":"","_monsterinsights_sitenote_category":0,"footnotes":""},"categories":[5],"tags":[43675,8203,752,2643],"class_list":["post-529333","post","type-post","status-publish","format-standard","has-post-thumbnail","hentry","category-estado-de-mexico","tag-estado-de-mexico","tag-menores","tag-nicolas-romero","tag-vacunacion"],"_links":{"self":[{"href":"https:\/\/www.diarioimagen.net\/index.php?rest_route=\/wp\/v2\/posts\/529333","targetHints":{"allow":["GET"]}}],"collection":[{"href":"https:\/\/www.diarioimagen.net\/index.php?rest_route=\/wp\/v2\/posts"}],"about":[{"href":"https:\/\/www.diarioimagen.net\/index.php?rest_route=\/wp\/v2\/types\/post"}],"author":[{"embeddable":true,"href":"https:\/\/www.diarioimagen.net\/index.php?rest_route=\/wp\/v2\/users\/3"}],"replies":[{"embeddable":true,"href":"https:\/\/www.diarioimagen.net\/index.php?rest_route=%2Fwp%2Fv2%2Fcomments&post=529333"}],"version-history":[{"count":0,"href":"https:\/\/www.diarioimagen.net\/index.php?rest_route=\/wp\/v2\/posts\/529333\/revisions"}],"wp:featuredmedia":[{"embeddable":true,"href":"https:\/\/www.diarioimagen.net\/index.php?rest_route=\/wp\/v2\/media\/529398"}],"wp:attachment":[{"href":"https:\/\/www.diarioimagen.net\/index.php?rest_route=%2Fwp%2Fv2%2Fmedia&parent=529333"}],"wp:term":[{"taxonomy":"category","embeddable":true,"href":"https:\/\/www.diarioimagen.net\/index.php?rest_route=%2Fwp%2Fv2%2Fcategories&post=529333"},{"taxonomy":"post_tag","embeddable":true,"href":"https:\/\/www.diarioimagen.net\/index.php?rest_route=%2Fwp%2Fv2%2Ftags&post=529333"}],"curies":[{"name":"wp","href":"https:\/\/api.w.org\/{rel}","templated":true}]}}