{"id":529452,"date":"2021-12-07T00:01:23","date_gmt":"2021-12-07T06:01:23","guid":{"rendered":"https:\/\/www.diarioimagen.net\/?p=529452"},"modified":"2021-12-07T07:55:09","modified_gmt":"2021-12-07T13:55:09","slug":"armando-navarrete-edil-de-nicolas-romero-impulso-la-reactivacion-economica-este-ano","status":"publish","type":"post","link":"https:\/\/www.diarioimagen.net\/?p=529452","title":{"rendered":"Armando Navarrete, edil de Nicol\u00e1s Romero, impuls\u00f3 la reactivaci\u00f3n econ\u00f3mica este a\u00f1o"},"content":{"rendered":"<p>&nbsp;<\/p>\n<ul>\n<li><strong><em>Pilar fundamental para el bienestar de la ciudadan\u00eda<\/em><\/strong><\/li>\n<\/ul>\n<p>&nbsp;<\/p>\n<div id=\"attachment_529550\" style=\"width: 470px\" class=\"wp-caption aligncenter\"><a href=\"https:\/\/www.diarioimagen.net\/?attachment_id=529550\" rel=\"attachment wp-att-529550\"><img loading=\"lazy\" decoding=\"async\" aria-describedby=\"caption-attachment-529550\" class=\"size-full wp-image-529550\" src=\"https:\/\/www.diarioimagen.net\/wp-content\/uploads\/2021\/12\/nicolas-3.jpg\" alt=\"\" width=\"460\" height=\"345\" \/><\/a><p id=\"caption-attachment-529550\" class=\"wp-caption-text\">El gobierno del alcalde Armando Navarrete L\u00f3pez ha sido un tenaz impulsor de la reactivaci\u00f3n de las actividades productivas tras la pandemia.<\/p><\/div>\n<p>&nbsp;<\/p>\n<p><strong>Nicol\u00e1s Romero, Estado de M\u00e9xico.\u2014<\/strong> El desarrollo econ\u00f3mico es uno de los pilares fundamentales que generan bienestar para la ciudadan\u00eda del municipio, por lo que el gobierno del alcalde Armando Navarrete L\u00f3pez, ha sido un tenaz impulsor de la reactivaci\u00f3n de las actividades productivas, sobre todo, en el contexto de los cierres parciales y totales de establecimientos que se registraron durante 2020, como resultado de la pandemia de Covid-19.<\/p>\n<p>De cara a su Tercer Informe de Gobierno, el presidente municipal detall\u00f3 que a fin de garantizar el derecho humano al trabajo, la actual administraci\u00f3n emprendi\u00f3 en 2021 una cruzada para fomentar el acceso de la poblaci\u00f3n a las fuentes laborales, siendo al mismo tiempo, un facilitador de la inversi\u00f3n privada, respaldando a las empresas.<\/p>\n<p>Navarrete L\u00f3pez, destac\u00f3 que a trav\u00e9s del Servicio Municipal de Empleo, en el tercer a\u00f1o de su gesti\u00f3n se atendi\u00f3 a un total de 991 nicol\u00e1sromerenses, de los cuales, 383 fueron mujeres y 608 hombres, a quienes se otorg\u00f3 informaci\u00f3n, asesor\u00eda y canalizaci\u00f3n a diferentes empresas, ya sea por medio del programa \u201cJornadas de Empleo en Tu Comunidad,\u201d o directamente en las oficinas ubicadas a un costado de Palacio Municipal.<\/p>\n<p>Asimismo, resalt\u00f3 que ante los efectos econ\u00f3micos de la pandemia en las peque\u00f1as y medianas empresas, \u00e9stas fueron apoyadas en 2021 con programas espec\u00edficos, as\u00ed como los emprendedores, lo que se tradujo en el beneficio de ellos y de las personas a las que dan empleo.<\/p>\n<p>A\u00f1adi\u00f3 que en este a\u00f1o, se dio puntual seguimiento al registro de empresas y a las asesor\u00edas dirigidas a sus propietarios, sobre tr\u00e1mites y manejo adecuado de recursos financieros, para contribuir a que los peque\u00f1os y medianos emprendedores tengan \u00e9xito en sus unidades econ\u00f3micas.<\/p>\n<p>Y precis\u00f3 que aunado al programa de microcr\u00e9ditos que se otorgaron durante 2021 a las mujeres y hombres de negocios, se otorgaron a \u00e9stos 129 asesor\u00edas y con el apoyo para las\u00a0 microempresas, se brindaron otras 44.<\/p>\n<p>Finalmente, record\u00f3 que Nicol\u00e1s Romero se consolid\u00f3 como uno de los m\u00e1s importantes impulsores de la mejora regulatoria en materia de desarrollo econ\u00f3mico, al concretar una simplificaci\u00f3n administrativa que hoy permite a las mujeres y hombres de negocios, obtener una licencia de funcionamiento en un plazo no mayor a 72 horas.<\/p>\n<p>&nbsp;<\/p>\n","protected":false},"excerpt":{"rendered":"<p>El desarrollo econ\u00f3mico es uno de los pilares fundamentales que generan bienestar para la ciudadan\u00eda del municipio, por lo que el gobierno del alcalde Armando Navarrete L\u00f3pez, ha sido un tenaz impulsor de la reactivaci\u00f3n de las actividades productivas, sobre todo, en el contexto de los cierres parciales y totales de establecimientos que se registraron durante 2020, como resultado de la pandemia de Covid-19.<\/p>\n","protected":false},"author":3,"featured_media":529550,"comment_status":"open","ping_status":"open","sticky":false,"template":"","format":"standard","meta":{"_monsterinsights_skip_tracking":false,"_monsterinsights_sitenote_active":false,"_monsterinsights_sitenote_note":"","_monsterinsights_sitenote_category":0,"footnotes":""},"categories":[5],"tags":[81431,11553,43675,752,76924],"class_list":["post-529452","post","type-post","status-publish","format-standard","has-post-thumbnail","hentry","category-estado-de-mexico","tag-armando-navarrete-lopez","tag-economica","tag-estado-de-mexico","tag-nicolas-romero","tag-reactivacion"],"_links":{"self":[{"href":"https:\/\/www.diarioimagen.net\/index.php?rest_route=\/wp\/v2\/posts\/529452","targetHints":{"allow":["GET"]}}],"collection":[{"href":"https:\/\/www.diarioimagen.net\/index.php?rest_route=\/wp\/v2\/posts"}],"about":[{"href":"https:\/\/www.diarioimagen.net\/index.php?rest_route=\/wp\/v2\/types\/post"}],"author":[{"embeddable":true,"href":"https:\/\/www.diarioimagen.net\/index.php?rest_route=\/wp\/v2\/users\/3"}],"replies":[{"embeddable":true,"href":"https:\/\/www.diarioimagen.net\/index.php?rest_route=%2Fwp%2Fv2%2Fcomments&post=529452"}],"version-history":[{"count":0,"href":"https:\/\/www.diarioimagen.net\/index.php?rest_route=\/wp\/v2\/posts\/529452\/revisions"}],"wp:featuredmedia":[{"embeddable":true,"href":"https:\/\/www.diarioimagen.net\/index.php?rest_route=\/wp\/v2\/media\/529550"}],"wp:attachment":[{"href":"https:\/\/www.diarioimagen.net\/index.php?rest_route=%2Fwp%2Fv2%2Fmedia&parent=529452"}],"wp:term":[{"taxonomy":"category","embeddable":true,"href":"https:\/\/www.diarioimagen.net\/index.php?rest_route=%2Fwp%2Fv2%2Fcategories&post=529452"},{"taxonomy":"post_tag","embeddable":true,"href":"https:\/\/www.diarioimagen.net\/index.php?rest_route=%2Fwp%2Fv2%2Ftags&post=529452"}],"curies":[{"name":"wp","href":"https:\/\/api.w.org\/{rel}","templated":true}]}}