{"id":529454,"date":"2021-12-07T00:02:32","date_gmt":"2021-12-07T06:02:32","guid":{"rendered":"https:\/\/www.diarioimagen.net\/?p=529454"},"modified":"2021-12-07T07:57:13","modified_gmt":"2021-12-07T13:57:13","slug":"convenio-del-dif-huixquilucan-y-universidad-de-la-salud-para-fortalecer-servicios-medicos","status":"publish","type":"post","link":"https:\/\/www.diarioimagen.net\/?p=529454","title":{"rendered":"Convenio del DIF Huixquilucan y Universidad de la Salud para fortalecer servicios m\u00e9dicos"},"content":{"rendered":"<p>&nbsp;<\/p>\n<ul>\n<li><strong><em>Esfuerzo conjunto en favor de la poblaci\u00f3n<\/em><\/strong><\/li>\n<\/ul>\n<p>&nbsp;<\/p>\n<div id=\"attachment_529553\" style=\"width: 470px\" class=\"wp-caption aligncenter\"><a href=\"https:\/\/www.diarioimagen.net\/?attachment_id=529553\" rel=\"attachment wp-att-529553\"><img loading=\"lazy\" decoding=\"async\" aria-describedby=\"caption-attachment-529553\" class=\"size-full wp-image-529553\" src=\"https:\/\/www.diarioimagen.net\/wp-content\/uploads\/2021\/12\/huixquilucan-dif.jpg\" alt=\"\" width=\"460\" height=\"270\" \/><\/a><p id=\"caption-attachment-529553\" class=\"wp-caption-text\">Romina Contreras de Vargas encabez\u00f3 la firma del convenio entre DIF Huixquilucan\u00a0 y la Universidad de la Salud.<\/p><\/div>\n<p>&nbsp;<\/p>\n<p><strong>Huixquilucan, Estado de M\u00e9xico.\u2014<\/strong> El Sistema Municipal DIF de Huixquilucan y la Universidad de la Salud (UNSA) del Estado de M\u00e9xico firmaron un convenio de colaboraci\u00f3n acad\u00e9mica, con el objetivo de vincular a esta instituci\u00f3n educativa de nivel superior y sus estudiantes con el Complejo Rosa M\u00edstica y los Hospitales Municipales con los que cuenta este municipio, a fin de alinear los contenidos acad\u00e9micos, epidemiol\u00f3gicos y pr\u00e1cticos que se imparten a las necesidades reales de la poblaci\u00f3n, al tiempo en que se eleva la calidad de los servicios que ofrecen estas instalaciones locales.<\/p>\n<p>Al encabezar la firma del convenio, la presidenta del Sistema Municipal DIF, Romina Contreras de Vargas, afirm\u00f3 que este esfuerzo conjunto permitir\u00e1 al organismo asistencial seguir transformando vidas, a trav\u00e9s del otorgamiento de una atenci\u00f3n m\u00e9dica de calidad y el fortalecimiento de las capacidades de la universidad y de los servicios que se brindan en Huixquilucan.<\/p>\n<p>\u201cLa idea principal es trabajar de la mano, que m\u00e1s personas tengan atenci\u00f3n m\u00e9dica de calidad y estoy segura que, a trav\u00e9s de este convenio, lo vamos a lograr. Seguiremos de la mano, continuaremos trabajando en favor de todas las y los huixquiluquenses, de los grupos m\u00e1s vulnerables y llegando a todos los hogares con esta atenci\u00f3n m\u00e9dica de calidad y, sobre todo, con esta actitud de servicio\u201d, mencion\u00f3.<\/p>\n<p>Por su parte, el rector de la UNSA, Enrique G\u00f3mez Bravo Topete, resalt\u00f3 el trabajo que ha realizado el DIF de Huixquilucan para consolidar el Complejo Rosa M\u00edstica, considerado el sistema de salud municipal m\u00e1s grande del pa\u00eds, con la intenci\u00f3n de brindar una atenci\u00f3n m\u00e9dica de calidad a quien m\u00e1s lo necesita.<\/p>\n<p>Subray\u00f3 que el convenio que signan ambas instituciones permitir\u00e1 generar nuevos mecanismos que fortalezcan la ense\u00f1anza y doten mayores herramientas y conocimientos a quienes cursan una carrera en esta instituci\u00f3n, en beneficio de los estudiantes y de las familias cuya salud es atendida en el DIF local.<\/p>\n<p>El director de Servicios M\u00e9dicos del DIF Huixquilucan, Miguel \u00c1ngel Tejeda Calvario, agreg\u00f3 que, a trav\u00e9s de este acuerdo, se fortalecer\u00e1n los v\u00ednculos de trabajo y esfuerzos, adem\u00e1s de que se alinear\u00e1n las estrategias para hacer m\u00e1s segura la atenci\u00f3n del paciente en cada uno de los consultorios m\u00e9dicos y cl\u00ednicas del DIF, con lo que se aumentar\u00e1 la atenci\u00f3n a favor de los y las huixquiluquenses.<\/p>\n","protected":false},"excerpt":{"rendered":"<p>El Sistema Municipal DIF de Huixquilucan y la Universidad de la Salud (UNSA) del Estado de M\u00e9xico firmaron un convenio de colaboraci\u00f3n acad\u00e9mica, con el objetivo de vincular a esta instituci\u00f3n educativa de nivel superior y sus estudiantes con el Complejo Rosa M\u00edstica y los Hospitales Municipales con los que cuenta este municipio, a fin de alinear los contenidos acad\u00e9micos, epidemiol\u00f3gicos y pr\u00e1cticos que se imparten a las necesidades reales de la poblaci\u00f3n, al tiempo en que se eleva la calidad de los servicios que ofrecen estas instalaciones locales.<\/p>\n","protected":false},"author":3,"featured_media":529553,"comment_status":"open","ping_status":"open","sticky":false,"template":"","format":"standard","meta":{"_monsterinsights_skip_tracking":false,"_monsterinsights_sitenote_active":false,"_monsterinsights_sitenote_note":"","_monsterinsights_sitenote_category":0,"footnotes":""},"categories":[5],"tags":[43675,1097,6755,94196],"class_list":["post-529454","post","type-post","status-publish","format-standard","has-post-thumbnail","hentry","category-estado-de-mexico","tag-estado-de-mexico","tag-huixquilucan","tag-medicos","tag-universidad-de-la-salud"],"_links":{"self":[{"href":"https:\/\/www.diarioimagen.net\/index.php?rest_route=\/wp\/v2\/posts\/529454","targetHints":{"allow":["GET"]}}],"collection":[{"href":"https:\/\/www.diarioimagen.net\/index.php?rest_route=\/wp\/v2\/posts"}],"about":[{"href":"https:\/\/www.diarioimagen.net\/index.php?rest_route=\/wp\/v2\/types\/post"}],"author":[{"embeddable":true,"href":"https:\/\/www.diarioimagen.net\/index.php?rest_route=\/wp\/v2\/users\/3"}],"replies":[{"embeddable":true,"href":"https:\/\/www.diarioimagen.net\/index.php?rest_route=%2Fwp%2Fv2%2Fcomments&post=529454"}],"version-history":[{"count":0,"href":"https:\/\/www.diarioimagen.net\/index.php?rest_route=\/wp\/v2\/posts\/529454\/revisions"}],"wp:featuredmedia":[{"embeddable":true,"href":"https:\/\/www.diarioimagen.net\/index.php?rest_route=\/wp\/v2\/media\/529553"}],"wp:attachment":[{"href":"https:\/\/www.diarioimagen.net\/index.php?rest_route=%2Fwp%2Fv2%2Fmedia&parent=529454"}],"wp:term":[{"taxonomy":"category","embeddable":true,"href":"https:\/\/www.diarioimagen.net\/index.php?rest_route=%2Fwp%2Fv2%2Fcategories&post=529454"},{"taxonomy":"post_tag","embeddable":true,"href":"https:\/\/www.diarioimagen.net\/index.php?rest_route=%2Fwp%2Fv2%2Ftags&post=529454"}],"curies":[{"name":"wp","href":"https:\/\/api.w.org\/{rel}","templated":true}]}}