{"id":529456,"date":"2021-12-07T00:03:54","date_gmt":"2021-12-07T06:03:54","guid":{"rendered":"https:\/\/www.diarioimagen.net\/?p=529456"},"modified":"2021-12-07T07:59:32","modified_gmt":"2021-12-07T13:59:32","slug":"refrenda-romina-contreras-compromiso-para-mantener-un-huixquilucan-seguro-y-a-la-vanguardia","status":"publish","type":"post","link":"https:\/\/www.diarioimagen.net\/?p=529456","title":{"rendered":"Refrenda Romina Contreras compromiso para mantener un Huixquilucan seguro y a la vanguardia"},"content":{"rendered":"<p>&nbsp;<\/p>\n<div id=\"attachment_529556\" style=\"width: 470px\" class=\"wp-caption aligncenter\"><a href=\"https:\/\/www.diarioimagen.net\/?attachment_id=529556\" rel=\"attachment wp-att-529556\"><img loading=\"lazy\" decoding=\"async\" aria-describedby=\"caption-attachment-529556\" class=\"size-full wp-image-529556\" src=\"https:\/\/www.diarioimagen.net\/wp-content\/uploads\/2021\/12\/huixquilucan-4.jpg\" alt=\"\" width=\"460\" height=\"307\" \/><\/a><p id=\"caption-attachment-529556\" class=\"wp-caption-text\">La alcaldesa electa Romina Contreras afirm\u00f3 que continuar\u00e1n trabajando con diputados del PAN\u00a0 para seguir construyendo un Huixquilucan seguro, con educaci\u00f3n y a la vanguardia.<\/p><\/div>\n<p>&nbsp;<\/p>\n<p><strong>Huixquilucan, Estado de M\u00e9xico.\u2014<\/strong> Al asistir a la inauguraci\u00f3n de la Casa de Atenci\u00f3n Ciudadana de los diputados Enrique Vargas del Villar y Luis Narciso Fierro Cima, la presidenta municipal electa, Romina Contreras Carrasco, afirm\u00f3 que continuar\u00e1n trabajando juntos para seguir construyendo un Huixquilucan seguro, sano, con educaci\u00f3n y a la vanguardia para mantener los resultados a favor de la ciudadan\u00eda que confi\u00f3 en ellos.<\/p>\n<p>Ante su hom\u00f3loga de Naucalpan, Ang\u00e9lica Moya Mar\u00edn, Romina Contreras record\u00f3 que, gracias a la confianza de la gente, a partir del 01 de enero pr\u00f3ximo, se convertir\u00e1 en la primera mujer que gobernar\u00e1 Huixquilucan, por lo que asegur\u00f3 que su causa principal ser\u00e1 la atenci\u00f3n de este sector de la poblaci\u00f3n, as\u00ed como de los ni\u00f1os y de los adultos mayores.<\/p>\n<p>Adelant\u00f3 que, para la administraci\u00f3n 2022-2024, Huixquilucan contar\u00e1 con un cabildo y un gabinete de primer nivel, conformados por hombres y mujeres capaces y que estar\u00e1n dedicados a entregar resultados a las y los huixquiluquenses, por lo que la ciudadan\u00eda puede estar confiada en que su decisi\u00f3n fue la correcta, pues quienes integrar\u00e1n el nuevo gobierno local no los defraudar\u00e1n.<\/p>\n<p>Acompa\u00f1ada de los integrantes del Grupo Parlamentario del Partido Acci\u00f3n Nacional (PAN) en el Estado de M\u00e9xico, Romina Contreras agreg\u00f3 que su administraci\u00f3n trabajar\u00e1 de la mano con los legisladores mexiquenses para que estos sigan gestionando recursos a favor de este municipio, pues Huixquilucan necesita seguir avanzando, como lo ha hecho en los \u00faltimos seis a\u00f1os. Por su parte, el tambi\u00e9n coordinador de la bancada panista, Enrique Vargas, asever\u00f3 que Romina Contreras superar\u00e1 los logros obtenidos durante las dos administraciones en las que \u00e9l estuvo al frente de Huixquilucan, pues contar\u00e1 con un equipo profesional y preparado que desarrollar\u00e1 un mejor gobierno, pese a que el actual ya est\u00e1 calificado como el mejor del Estado de M\u00e9xico y es un referente a nivel nacional.<\/p>\n<p>Subray\u00f3 que la presidenta electa de Huixquilucan contar\u00e1 con el respaldo de toda la fracci\u00f3n parlamentaria del PAN en el Estado de M\u00e9xico para la toma de decisiones, con la intenci\u00f3n de conformar el mejor equipo y que todos los gobiernos emanados del blanquiazul contin\u00faen siendo los mejores calificados del pa\u00eds.<\/p>\n<p>\u201cLa ciudadan\u00eda conf\u00eda en nosotros y los gobiernos de Acci\u00f3n Nacional no los vamos a defraudar, nos debemos a ustedes, somos empleados del pueblo y estamos para trabajar por ustedes. No les fall\u00e9, ah\u00ed est\u00e1n los n\u00fameros, las acciones y las obras, agradezco todo el trabajo intenso que se hizo para llevar a Huixquilucan a ser un referente a nivel nacional\u201d, recalc\u00f3.<\/p>\n","protected":false},"excerpt":{"rendered":"<p>Al asistir a la inauguraci\u00f3n de la Casa de Atenci\u00f3n Ciudadana de los diputados Enrique Vargas del Villar y Luis Narciso Fierro Cima, la presidenta municipal electa, Romina Contreras Carrasco, afirm\u00f3 que continuar\u00e1n trabajando juntos para seguir construyendo un Huixquilucan seguro, sano, con educaci\u00f3n y a la vanguardia para mantener los resultados a favor de la ciudadan\u00eda que confi\u00f3 en ellos.<\/p>\n","protected":false},"author":3,"featured_media":529556,"comment_status":"open","ping_status":"open","sticky":false,"template":"","format":"standard","meta":{"_monsterinsights_skip_tracking":false,"_monsterinsights_sitenote_active":false,"_monsterinsights_sitenote_note":"","_monsterinsights_sitenote_category":0,"footnotes":""},"categories":[5],"tags":[15135,43675,1097,31547,56224],"class_list":["post-529456","post","type-post","status-publish","format-standard","has-post-thumbnail","hentry","category-estado-de-mexico","tag-compromiso","tag-estado-de-mexico","tag-huixquilucan","tag-seguro","tag-vanguardia"],"_links":{"self":[{"href":"https:\/\/www.diarioimagen.net\/index.php?rest_route=\/wp\/v2\/posts\/529456","targetHints":{"allow":["GET"]}}],"collection":[{"href":"https:\/\/www.diarioimagen.net\/index.php?rest_route=\/wp\/v2\/posts"}],"about":[{"href":"https:\/\/www.diarioimagen.net\/index.php?rest_route=\/wp\/v2\/types\/post"}],"author":[{"embeddable":true,"href":"https:\/\/www.diarioimagen.net\/index.php?rest_route=\/wp\/v2\/users\/3"}],"replies":[{"embeddable":true,"href":"https:\/\/www.diarioimagen.net\/index.php?rest_route=%2Fwp%2Fv2%2Fcomments&post=529456"}],"version-history":[{"count":0,"href":"https:\/\/www.diarioimagen.net\/index.php?rest_route=\/wp\/v2\/posts\/529456\/revisions"}],"wp:featuredmedia":[{"embeddable":true,"href":"https:\/\/www.diarioimagen.net\/index.php?rest_route=\/wp\/v2\/media\/529556"}],"wp:attachment":[{"href":"https:\/\/www.diarioimagen.net\/index.php?rest_route=%2Fwp%2Fv2%2Fmedia&parent=529456"}],"wp:term":[{"taxonomy":"category","embeddable":true,"href":"https:\/\/www.diarioimagen.net\/index.php?rest_route=%2Fwp%2Fv2%2Fcategories&post=529456"},{"taxonomy":"post_tag","embeddable":true,"href":"https:\/\/www.diarioimagen.net\/index.php?rest_route=%2Fwp%2Fv2%2Ftags&post=529456"}],"curies":[{"name":"wp","href":"https:\/\/api.w.org\/{rel}","templated":true}]}}