{"id":529457,"date":"2021-12-07T00:04:11","date_gmt":"2021-12-07T06:04:11","guid":{"rendered":"https:\/\/www.diarioimagen.net\/?p=529457"},"modified":"2021-12-07T08:00:50","modified_gmt":"2021-12-07T14:00:50","slug":"inauguran-planta-potabilizadora-indeco-los-reyes-ixtacala-en-tlalnepantla","status":"publish","type":"post","link":"https:\/\/www.diarioimagen.net\/?p=529457","title":{"rendered":"Inauguran planta potabilizadora Indeco-Los Reyes Ixtacala, en Tlalnepantla"},"content":{"rendered":"<p>&nbsp;<\/p>\n<div id=\"attachment_529558\" style=\"width: 470px\" class=\"wp-caption aligncenter\"><a href=\"https:\/\/www.diarioimagen.net\/?attachment_id=529558\" rel=\"attachment wp-att-529558\"><img loading=\"lazy\" decoding=\"async\" aria-describedby=\"caption-attachment-529558\" class=\"size-full wp-image-529558\" src=\"https:\/\/www.diarioimagen.net\/wp-content\/uploads\/2021\/12\/tlalnepantla-3.jpg\" alt=\"\" width=\"460\" height=\"270\" \/><\/a><p id=\"caption-attachment-529558\" class=\"wp-caption-text\">La alcaldesa electa Romina Contreras afirm\u00f3 que continuar\u00e1n trabajando con diputados del PAN\u00a0 para seguir construyendo un Huixquilucan seguro, con educaci\u00f3n y a la vanguardia.<\/p><\/div>\n<p>&nbsp;<\/p>\n<p><strong>Tlalnepantla, Estado de M\u00e9xico<\/strong><strong>.\u2014<\/strong> El presidente municipal Raciel P\u00e9rez Cruz inaugur\u00f3 la planta potabilizadora Indeco-Los Reyes, que beneficiar\u00e1 a m\u00e1s de 20 mil habitantes de las unidades habitacionales Hogares Ferrocarrileros y Gustavo Baz Prada Los Reyes Ixtacala, as\u00ed como los fraccionamientos Los Reyes Ixtacala Primera y Segunda Secci\u00f3n.<\/p>\n<p>El Organismo P\u00fablico Descentralizado para la Prestaci\u00f3n de los Servicios de Agua Potable, Alcantarillado y Saneamiento (OPDM) del municipio inform\u00f3 que con la conexi\u00f3n de la planta potabilizadora se pone en operaci\u00f3n el pozo que estuvo fuera de uso por m\u00e1s de 30 a\u00f1os.<\/p>\n","protected":false},"excerpt":{"rendered":"<p>El presidente municipal Raciel P\u00e9rez Cruz inaugur\u00f3 la planta potabilizadora Indeco-Los Reyes, que beneficiar\u00e1 a m\u00e1s de 20 mil habitantes de las unidades habitacionales Hogares Ferrocarrileros y Gustavo Baz Prada Los Reyes Ixtacala, as\u00ed como los fraccionamientos Los Reyes Ixtacala Primera y Segunda Secci\u00f3n.<\/p>\n","protected":false},"author":3,"featured_media":529558,"comment_status":"open","ping_status":"open","sticky":false,"template":"","format":"standard","meta":{"_monsterinsights_skip_tracking":false,"_monsterinsights_sitenote_active":false,"_monsterinsights_sitenote_note":"","_monsterinsights_sitenote_category":0,"footnotes":""},"categories":[5],"tags":[43675,94197,169],"class_list":["post-529457","post","type-post","status-publish","format-standard","has-post-thumbnail","hentry","category-estado-de-mexico","tag-estado-de-mexico","tag-los-reyex-ixtacala","tag-tlalnepantla"],"_links":{"self":[{"href":"https:\/\/www.diarioimagen.net\/index.php?rest_route=\/wp\/v2\/posts\/529457","targetHints":{"allow":["GET"]}}],"collection":[{"href":"https:\/\/www.diarioimagen.net\/index.php?rest_route=\/wp\/v2\/posts"}],"about":[{"href":"https:\/\/www.diarioimagen.net\/index.php?rest_route=\/wp\/v2\/types\/post"}],"author":[{"embeddable":true,"href":"https:\/\/www.diarioimagen.net\/index.php?rest_route=\/wp\/v2\/users\/3"}],"replies":[{"embeddable":true,"href":"https:\/\/www.diarioimagen.net\/index.php?rest_route=%2Fwp%2Fv2%2Fcomments&post=529457"}],"version-history":[{"count":0,"href":"https:\/\/www.diarioimagen.net\/index.php?rest_route=\/wp\/v2\/posts\/529457\/revisions"}],"wp:featuredmedia":[{"embeddable":true,"href":"https:\/\/www.diarioimagen.net\/index.php?rest_route=\/wp\/v2\/media\/529558"}],"wp:attachment":[{"href":"https:\/\/www.diarioimagen.net\/index.php?rest_route=%2Fwp%2Fv2%2Fmedia&parent=529457"}],"wp:term":[{"taxonomy":"category","embeddable":true,"href":"https:\/\/www.diarioimagen.net\/index.php?rest_route=%2Fwp%2Fv2%2Fcategories&post=529457"},{"taxonomy":"post_tag","embeddable":true,"href":"https:\/\/www.diarioimagen.net\/index.php?rest_route=%2Fwp%2Fv2%2Ftags&post=529457"}],"curies":[{"name":"wp","href":"https:\/\/api.w.org\/{rel}","templated":true}]}}