{"id":529477,"date":"2021-12-07T00:08:28","date_gmt":"2021-12-07T06:08:28","guid":{"rendered":"https:\/\/www.diarioimagen.net\/?p=529477"},"modified":"2021-12-07T04:05:14","modified_gmt":"2021-12-07T10:05:14","slug":"la-oposicion-y-su-candidato","status":"publish","type":"post","link":"https:\/\/www.diarioimagen.net\/?p=529477","title":{"rendered":"La oposici\u00f3n y su candidato"},"content":{"rendered":"<h2>Punto por punto<\/h2>\n<h5>Augusto Corro<\/h5>\n<p>&nbsp;<\/p>\n<p>La pregunta obligada: \u00bfqui\u00e9n ser\u00e1 el candidato presidencial de la oposici\u00f3n pol\u00edtica para 2024?<\/p>\n<p>PAN, PRI y PRD tendr\u00e1n que definir qui\u00e9n los representar\u00e1.<\/p>\n<p>Si van a participar como aliados, el aspirante presidencial deber\u00e1 satisfacer los intereses de panistas, priistas y perredistas. Es decir, aceptado por toda la oposici\u00f3n.<\/p>\n<p>No ser\u00e1 f\u00e1cil dejar conformes y satisfechos a todos.<\/p>\n<p>Se buscar\u00e1, por supuesto, a un candidato de unidad. Aqu\u00ed es donde surgir\u00e1 el problema.\u00a0 Aunque ya saben como resolverlo. Los tres institutos pol\u00edticos ya participaron unidos en contiendas electorales.\u00a0 Los resultados no fueron los esperados. S\u00f3lo en la Ciudad de M\u00e9xico alcanzaron victorias m\u00e1s o menos importantes.<\/p>\n<p>En las \u00faltimas elecciones presidenciales fueron derrotados los principales partidos. Desde entonces est\u00e1n en la lona PAN, PRI y PRD.<\/p>\n<p>En el Revolucionario Institucional el candidato, Jos\u00e9 Antonio Meade, ni siquiera era priista. Cay\u00f3 al tercer lugar de preferencias electorales.<\/p>\n<p>El partido del sol azteca estuvo a punto de desaparecer.<\/p>\n<p>El partido Movimiento de Regeneraci\u00f3n Nacional (Morena) no tuvo tantas dificultades para ganar.<\/p>\n<p style=\"text-align: center;\"><strong>La inc\u00f3gnita<\/strong><\/p>\n<p>\u00bfHabr\u00e1 un candidato \u00fanico de oposici\u00f3n? Es la inc\u00f3gnita a despejar.<\/p>\n<p>En Morena, sobran los aspirantes presidenciales. En la oposici\u00f3n escasean. Los principales aspirantes morenistas son Marcelo Ebrard, secretario de Relaciones Exteriores (SRE); Claudia Sheinbaum, jefa del Gobierno capitalino; y Ricardo Monreal, l\u00edder del Senado.\u00a0 Por el PAN, se empezaron a manejar los nombres de Mauricio Vila Dosal y Maru Campos, gobernadores de Yucat\u00e1n y Chihuahua, respectivamente. En el PRI se habla de Alfredo del Mazo, gobernador del Estado de M\u00e9xico; Enrique de la Madrid e Idelfonso Guajardo.\u00a0 En las elecciones intermedias, la coalici\u00f3n electoral (S\u00ed por M\u00e9xico) integrada por el PAN, PRI y PRD logr\u00f3 un aumento en el n\u00famero de diputados.<\/p>\n<p>Estos institutos pol\u00edticos est\u00e1n interesados en impulsar nuevamente la alianza rumbo a 2024.<\/p>\n<p>El Movimiento Ciudadano (MC) participar\u00e1 sin compa\u00f1\u00eda en los comicios presidenciales.\u00a0 El controvertido gobernador de Jalisco, Enrique Alfaro ya se apunt\u00f3 para competir. Mientras llega la fecha, en el escenario pol\u00edtico surgir\u00e1n partidos o grupos que tratar\u00e1n ser tomados en cuenta.<\/p>\n<p>Como le informamos en este espacio hace varios d\u00edas surgi\u00f3 el Frente C\u00edvico Nacional (Frecin), encabezado por cartuchos quemados como Guadalupe Acosta Naranjo, Gustavo Madero, Emilio Alvarez Icaza, Cecilia Soto y R\u00e1ul Trejo Delarbre.<\/p>\n<p style=\"text-align: center;\"><strong>El terrible Mu\u00f1oz Ledo<\/strong><\/p>\n<p>El pol\u00edtico Porfirio Mu\u00f1oz Ledo continuar\u00e1 como un dolor de cabeza permanente para su partido Movimiento de Regeneraci\u00f3n Nacional (Morena).<\/p>\n<p>Aunque no lo diga, el priista, perredista y ahora morenista se encuentra muy resentido con Morena.<\/p>\n<p>No alcanz\u00f3 la presidencia nacional del partido y se podr\u00eda decir que se convirti\u00f3 en su conciencia cr\u00edtica.<\/p>\n<p>En la lucha por el liderazgo se enfrent\u00f3 a Mario Delgado contra el que present\u00f3 una denuncia penal por la presunta utilizaci\u00f3n de recursos p\u00fablicos con fines electorales.\u00a0 La demanda no prosper\u00f3. Lo que s\u00ed avanz\u00f3 fue el divisionismo en las filas morenistas.<\/p>\n<p>Por otra parte, Mu\u00f1oz Ledo no dej\u00f3 de lanzar criticas al gobierno de L\u00f3pez Obrador y al propio presidente de la Rep\u00fablica.<\/p>\n<p style=\"text-align: center;\"><strong>Reconocimiento del MC<\/strong><\/p>\n<p>En sus recientes declaraciones, el ex diputado Mu\u00f1oz Ledo advirti\u00f3 que pese a la popularidad y el poder de convocatoria del presidente L\u00f3pez Obrador, \u201ceste r\u00e9gimen tender\u00e1 a desgajarse en los pr\u00f3ximos dos a\u00f1os\u201d.<\/p>\n<p>El multicitado pol\u00edtico manifest\u00f3 lo anterior al recibir la Medalla al M\u00e9rito Ciudadano Benito Ju\u00e1rez que le otorg\u00f3 la dirigencia nacional de Movimiento Ciudadano (MC).<\/p>\n<p>Dijo el ex legislador que el acto masivo al que convoc\u00f3 el Jefe del Ejecutivo federal en el Z\u00f3calo capitalino es una muestra de temor al vac\u00edo de poder que comienza a sentirse.\u00a0 Mu\u00f1oz Ledo fue invitado por Dante Delgado, presidente nacional de MC, a sumarse a las filas de su partido.<\/p>\n<p>El ex diputado acept\u00f3 la invitaci\u00f3n, pero \u00fanicamente para \u201cayudarlos\u201d porque asegura que permanecer\u00e1 en Morena.\u00a0 Ahora falta que la dirigencia morenista acepte que Mu\u00f1oz Ledo le sirva a dos amos.<\/p>\n<p>\u00bfUsted qu\u00e9 opina amable lector?<\/p>\n<p><a href=\"mailto:aco2742@hotmail.com\" target=\"_blank\" rel=\"noopener noreferrer\"><em>aco2742@hotmail.com<\/em><\/a><\/p>\n","protected":false},"excerpt":{"rendered":"<p><span style=\"color: #005497;\"><strong>Augusto Corro<\/strong><\/span><\/p>\n","protected":false},"author":3,"featured_media":0,"comment_status":"open","ping_status":"open","sticky":false,"template":"","format":"standard","meta":{"_monsterinsights_skip_tracking":false,"_monsterinsights_sitenote_active":false,"_monsterinsights_sitenote_note":"","_monsterinsights_sitenote_category":0,"footnotes":""},"categories":[157],"tags":[43686,43674,11515],"class_list":["post-529477","post","type-post","status-publish","format-standard","hentry","category-augusto-corro","tag-augusto-corro","tag-opinion","tag-punto-por-punto"],"_links":{"self":[{"href":"https:\/\/www.diarioimagen.net\/index.php?rest_route=\/wp\/v2\/posts\/529477","targetHints":{"allow":["GET"]}}],"collection":[{"href":"https:\/\/www.diarioimagen.net\/index.php?rest_route=\/wp\/v2\/posts"}],"about":[{"href":"https:\/\/www.diarioimagen.net\/index.php?rest_route=\/wp\/v2\/types\/post"}],"author":[{"embeddable":true,"href":"https:\/\/www.diarioimagen.net\/index.php?rest_route=\/wp\/v2\/users\/3"}],"replies":[{"embeddable":true,"href":"https:\/\/www.diarioimagen.net\/index.php?rest_route=%2Fwp%2Fv2%2Fcomments&post=529477"}],"version-history":[{"count":0,"href":"https:\/\/www.diarioimagen.net\/index.php?rest_route=\/wp\/v2\/posts\/529477\/revisions"}],"wp:attachment":[{"href":"https:\/\/www.diarioimagen.net\/index.php?rest_route=%2Fwp%2Fv2%2Fmedia&parent=529477"}],"wp:term":[{"taxonomy":"category","embeddable":true,"href":"https:\/\/www.diarioimagen.net\/index.php?rest_route=%2Fwp%2Fv2%2Fcategories&post=529477"},{"taxonomy":"post_tag","embeddable":true,"href":"https:\/\/www.diarioimagen.net\/index.php?rest_route=%2Fwp%2Fv2%2Ftags&post=529477"}],"curies":[{"name":"wp","href":"https:\/\/api.w.org\/{rel}","templated":true}]}}