{"id":529490,"date":"2022-01-11T00:07:13","date_gmt":"2022-01-11T06:07:13","guid":{"rendered":"https:\/\/www.diarioimagen.net\/?p=529490"},"modified":"2022-03-01T02:28:29","modified_gmt":"2022-03-01T08:28:29","slug":"mientras-llega-la-reforma-la-4t-sale-en-defensa-de-pemex","status":"publish","type":"post","link":"https:\/\/www.diarioimagen.net\/?p=529490","title":{"rendered":"Mientras llega la reforma, la 4T sale en defensa de Pemex"},"content":{"rendered":"<h2>Clase Pol\u00edtica<\/h2>\n<h5>Miguel \u00c1ngel Rivera<\/h5>\n<p>&nbsp;<\/p>\n<p>Por dos v\u00edas, la llamada Cuarta Transformaci\u00f3n empez\u00f3 a operar para hacer efectiva la reforma energ\u00e9tica.<\/p>\n<p>Por un lado, la Junta de Coordinaci\u00f3n Pol\u00edtica de la C\u00e1mara de Diputados, controlada por la alianza oficialista Morena-Verde-PT, anunci\u00f3 que el varias veces pospuesto \u201cParlamento Abierto\u201d se realizar\u00e1 en enero pr\u00f3ximo y tendr\u00e1 duraci\u00f3n de un mes.<\/p>\n<p>Por otra parte, el gobierno del presidente Andr\u00e9s Manuel L\u00f3pez Obrador dio a conocer, por conducto de la Secretar\u00eda de Hacienda, el inicio de acciones de respaldo de Petr\u00f3leos Mexicanos (Pemex), entre las que destaca una partida especial por 3 mil 500 millones de d\u00f3lares.<\/p>\n<p>El denominado Parlamento Abierto es una de las condiciones impuestas por los partidos oposici\u00f3n como requisito previo para la discusi\u00f3n en la propia C\u00e1mara de Diputados de la iniciativa de reforma constitucional en materia el\u00e9ctrica enviada por el presidente L\u00f3pez Obrador, para la cual todav\u00eda no hay fecha definitiva.<\/p>\n<p>La llamada Cuarta Transformaci\u00f3n desea aprobarla lo antes posible, pero la oposici\u00f3n no quiere que se revise en el pr\u00f3ximo periodo de sesiones, que deber\u00e1 iniciarse el 1 de febrero, pues no quieren tener en campa\u00f1a al presidente L\u00f3pez Obrador, quien seguramente dedicar\u00e1 gran esfuerzo\u00a0 a promover su consulta popular para la revocaci\u00f3n (que no ratificaci\u00f3n) de mandato, programada para abril y luego seguramente echar\u00e1 la mano a los candidatos de Morena y r\u00e9moras a los seis gobiernos estatales que estar\u00e1n en disputa a mediados del a\u00f1o venidero.<\/p>\n<p>Los coordinadores del llamado bloque opositor -PAN, PRI y PRD- en particular el priista Rub\u00e9n Moreira ha dicho que no aceptar\u00e1n discutir la reforma mientras est\u00e9 en proceso alguna campa\u00f1a electoral. Si logran imponerse, la reforma constitucional deber\u00e1 quedar pendiente para el siguiente periodo de sesiones del Congreso, el que se inicia el 1 de septiembre.<\/p>\n<p>Cabe recordar que el tener que atender las exigencias del bloque opositor es obligado para los integrantes del bloque legislativo oficialista pues carecen de los votos suficientes para aprobar una reforma constitucional que requiere de mayor\u00eda calificada en las dos c\u00e1maras del Congreso.<\/p>\n<p>El presidente L\u00f3pez Obrador ha anticipado confianza en lograr los votos extras de entre las filas del PRI, por lo que es mucho m\u00e1s obligado atender a las condiciones de las bancadas del tricolor y se pueda consolidar lo que se ha dado en llamar el \u201cPRIMOR\u201d.<\/p>\n<p>Por ello, es un avance que la bancada de Morena en la C\u00e1mara de Diputados, encabezada oficialmente por el priista Moreira, aunque el control real est\u00e1 en las oficinas de la bancada del partido oficial, cuyo conducto es Ignacio Mier Velasco, uno de los numerosos \u201cmorenos\u201d que iniciaron sus carreras pol\u00edticas en las filas del PRI.<\/p>\n<p>Entonces, por cuestiones de protocolo, el anuncio del \u201cparlamento abierto\u201d corri\u00f3 a cargo del priista Moreira, quien confirm\u00f3 que la fecha de arranque es el 17 de enero, es decir, ya muy cerca del inicio del periodo ordinario de sesiones, por lo que en la parte final se juntar\u00e1n actividades para los diputados, en especial de los integrantes de las comisiones legislativas vinculadas con asuntos energ\u00e9ticos, pues como anotamos antes, la consulta tendr\u00e1 una duraci\u00f3n de por lo menos un mes.<\/p>\n<p>De paso, Moreira insisti\u00f3 en la posici\u00f3n de su partido de votar la reforma constitucional hasta despu\u00e9s de las elecciones de junio de 2022.<\/p>\n<p style=\"text-align: center;\"><strong>Mientras llega una soluci\u00f3n de fondo,<br \/>\nbueno es un ingreso extra para Pemex<\/strong><\/p>\n<p>La Secretar\u00eda de Hacienda anunci\u00f3 un paquete de ayuda a la empresa petrolera nacional que consiste en recursos por 3 mil 500 millones de d\u00f3lares y una reducci\u00f3n en la tasa de impuestos para 2022.<\/p>\n<p>De acuerdo con informaci\u00f3n de la SHCP, la recompra y manejo de pasivos brinda a los tenedores de bonos en d\u00f3lares de Pemex la opci\u00f3n de intercambiar esos valores con vencimiento entre 2024 y 2030 por una combinaci\u00f3n de un nuevo bono a 10 a\u00f1os y efectivo, y ofrece recomprar bonos con vencimiento entre 2044 y 2060, esto con el objetivo de reducir el riesgo de refinanciamiento y el monto de la deuda.<\/p>\n<p>La ayuda en efectivo de parte del gobierno federal, denominada \u201caportaci\u00f3n patrimonial\u201d, por 3 mil 500 millones de d\u00f3lares, tiene como finalidad reducir el monto de la deuda externa de mercado de Pemex; mejorar el perfil de vencimiento de la empresa mediante la extensi\u00f3n de sus amortizaciones de corto y mediano plazo, y recomprar ciertos bonos de la empresa por debajo de par, con la finalidad de disminuir el costo financiero de la empresa para los siguientes a\u00f1os.<\/p>\n<p>Hacienda asegur\u00f3 que la operaci\u00f3n no incluye refinanciar los vencimientos de 2022 y 2023 y tambi\u00e9n precis\u00f3 que esta transacci\u00f3n no tiene un impacto en el gasto p\u00fablico o en el Presupuesto de Egresos, pues Pemex mantiene su posici\u00f3n como empresa productiva del Estado en los t\u00e9rminos de ley, y los apoyos y aportaciones del gobierno federal no implican la asunci\u00f3n de ninguna obligaci\u00f3n con los acreedores de Pemex.<\/p>\n<p>Aunque no se conoce el origen del dinero que inyecta el gobierno federal a la empresa petrolera, es posible suponer que en parte vienen de los excedentes en la exportaci\u00f3n de petr\u00f3leo crudo, el cual actualmente tiene un precio muy superior al que se estim\u00f3 para determinar el presupuesto federal para este a\u00f1o.<\/p>\n<p>Hacienda se limit\u00f3 a manifestar que M\u00e9xico tiene una posici\u00f3n fiscal s\u00f3lida y la situaci\u00f3n macroecon\u00f3mica se considera fuerte, por lo cual el apoyo a Pemex no compromete la sostenibilidad de las finanzas p\u00fablicas, ni los recursos para los programas estrat\u00e9gicos y sociales de la presente administraci\u00f3n.<\/p>\n<p>Tambi\u00e9n se record\u00f3 que la deuda financiera total de Pemex ascendi\u00f3 a 113 mil 45 millones de d\u00f3lares, seg\u00fan el informe de resultados del tercer trimestre, un aumento de 1.6 por ciento frente al cierre del a\u00f1o pasado. La petrolera perdi\u00f3 4 mil 936 millones de d\u00f3lares en los primeros nueve meses del a\u00f1o.<\/p>\n<p style=\"text-align: center;\"><strong>\u00a0<\/strong><strong>Campa\u00f1a del PRI denuncia los efectos de la inflaci\u00f3n<\/strong><\/p>\n<p>Es sabido que, aunque el \u00edndice de inflaci\u00f3n resulta alto, no refleja cabalmente lo que significa para la econom\u00eda de las familias.<\/p>\n<p>Por ejemplo, despu\u00e9s de oficialmente se inform\u00f3 que la tasa de inflaci\u00f3n super\u00f3 el 7 por ciento, otras fuentes econ\u00f3micas destacaron que los aumentos de alimentos y otros productos b\u00e1sicos pueden significar un aumento del 50 por ciento de los gastos de las familias para satisfacer sus necesidades b\u00e1sicas.<\/p>\n<p>Estos efectos de la carest\u00eda fueron tomados por la dirigencia nacional del PRI como base para una nueva campa\u00f1a publicitaria de cr\u00edtica a los malos resultados que hasta ahora ha tenido el gobierno de la llamada Cuarta Transformaci\u00f3n.<\/p>\n<p>Despu\u00e9s de 3 a\u00f1os del gobierno de Morena, los mexicanos seguimos esperando que haga algo para ayudar a la econom\u00eda familiar, afirm\u00f3 la dirigencia nacional del PRI, encabezada por Alejandro Moreno y Carolina Viggiano.<\/p>\n<p>En la mencionada campa\u00f1a en redes sociales con la etiqueta <strong><em>#MORENATeCuesta<\/em><\/strong>, la directiva del tricolor asegur\u00f3 que \u201cproductos b\u00e1sicos como el frijol se han vuelto art\u00edculos de lujo, y cuesta el doble poder consumirlos\u201d.<\/p>\n<p>Tambi\u00e9n sostuvo que \u201cMorena afecta la calidad de vida de los mexicanos elevando los precios de productos b\u00e1sicos, como la leche, al grado de que es imposible comprarlos\u201d, subray\u00f3.<\/p>\n<p>Al resaltar que \u201cMorena nos est\u00e1 costando cada vez m\u00e1s\u201d, el tricolor argument\u00f3 que ello se ve reflejado en el precio de productos b\u00e1sicos, como el kilo de huevo o de jitomate, el chile y otras verduras.<\/p>\n<p>El CEN del PRI sostuvo que con el gobierno de Morena \u201clos alimentos como el pollo tuvieron el mayor aumento de precio en 20 a\u00f1os\u201d. Asimismo, dijo, se ha limitado el traslado al interior del pa\u00eds, ya que la tarifa de las casetas aument\u00f3 entre uno y 31 pesos, \u201cafectando directamente a nuestros bolsillos\u201d.<\/p>\n<p>Por otra parte, en una reuni\u00f3n con los titulares de Rendici\u00f3n de Cuentas de las entidades de la Rep\u00fablica, el presidente de la Comisi\u00f3n de Vigilancia de la Auditor\u00eda Superior de la Federaci\u00f3n (ASF) el diputado priista Pablo Angulo Brice\u00f1o afirm\u00f3 que mientras m\u00e1s s\u00f3lida sea la divisi\u00f3n de poderes, mejores resultados se obtendr\u00e1n en la fiscalizaci\u00f3n de los recursos p\u00fablicos.<\/p>\n<p>El combate a la corrupci\u00f3n no puede esperar m\u00e1s, asegur\u00f3, al insistir en el compromiso de los diputados de llevar a cabo m\u00e1s y mejores tareas de fiscalizaci\u00f3n, para que los mexicanos tengan la seguridad y la certeza de que los recursos p\u00fablicos se est\u00e1n ejerciendo de la mejor manera.<\/p>\n<p><em><a href=\"mailto:riparcangel@hotmail.com\" target=\"_blank\" rel=\"noopener noreferrer\">riparcangel@hotmail.com<\/a><\/em><\/p>\n","protected":false},"excerpt":{"rendered":"<p><span style=\"color: #005497;\"><strong>Miguel \u00c1ngel Rivera<\/strong><\/span<\/span><\/p>\n","protected":false},"author":3,"featured_media":0,"comment_status":"open","ping_status":"open","sticky":false,"template":"","format":"standard","meta":{"_monsterinsights_skip_tracking":false,"_monsterinsights_sitenote_active":false,"_monsterinsights_sitenote_note":"","_monsterinsights_sitenote_category":0,"footnotes":""},"categories":[84119],"tags":[84120,84121,43674],"class_list":["post-529490","post","type-post","status-publish","format-standard","hentry","category-miguel-angel-rivera","tag-clase-politica","tag-miguel-angel-rivera","tag-opinion"],"_links":{"self":[{"href":"https:\/\/www.diarioimagen.net\/index.php?rest_route=\/wp\/v2\/posts\/529490","targetHints":{"allow":["GET"]}}],"collection":[{"href":"https:\/\/www.diarioimagen.net\/index.php?rest_route=\/wp\/v2\/posts"}],"about":[{"href":"https:\/\/www.diarioimagen.net\/index.php?rest_route=\/wp\/v2\/types\/post"}],"author":[{"embeddable":true,"href":"https:\/\/www.diarioimagen.net\/index.php?rest_route=\/wp\/v2\/users\/3"}],"replies":[{"embeddable":true,"href":"https:\/\/www.diarioimagen.net\/index.php?rest_route=%2Fwp%2Fv2%2Fcomments&post=529490"}],"version-history":[{"count":0,"href":"https:\/\/www.diarioimagen.net\/index.php?rest_route=\/wp\/v2\/posts\/529490\/revisions"}],"wp:attachment":[{"href":"https:\/\/www.diarioimagen.net\/index.php?rest_route=%2Fwp%2Fv2%2Fmedia&parent=529490"}],"wp:term":[{"taxonomy":"category","embeddable":true,"href":"https:\/\/www.diarioimagen.net\/index.php?rest_route=%2Fwp%2Fv2%2Fcategories&post=529490"},{"taxonomy":"post_tag","embeddable":true,"href":"https:\/\/www.diarioimagen.net\/index.php?rest_route=%2Fwp%2Fv2%2Ftags&post=529490"}],"curies":[{"name":"wp","href":"https:\/\/api.w.org\/{rel}","templated":true}]}}