{"id":529591,"date":"2021-12-08T00:05:15","date_gmt":"2021-12-08T06:05:15","guid":{"rendered":"https:\/\/www.diarioimagen.net\/?p=529591"},"modified":"2021-12-09T01:47:14","modified_gmt":"2021-12-09T07:47:14","slug":"ante-nuevas-variantes-del-sars-cov-2-como-omicron-es-recomendable-continuar-con-las-medidas-sanitarias","status":"publish","type":"post","link":"https:\/\/www.diarioimagen.net\/?p=529591","title":{"rendered":"Ante nuevas variantes del SARS-CoV-2, como \u00d3micron, es recomendable continuar con las medidas sanitarias"},"content":{"rendered":"<p>&nbsp;<\/p>\n<ul>\n<li><strong><em>Los s\u00edntomas que se han identificado son dolor muscular, fatiga, dolor de cabeza, picaz\u00f3n en la garganta sin la p\u00e9rdida del gusto u olfato<\/em><\/strong><\/li>\n<\/ul>\n<p>&nbsp;<\/p>\n<div id=\"attachment_529668\" style=\"width: 470px\" class=\"wp-caption aligncenter\"><a href=\"https:\/\/www.diarioimagen.net\/?attachment_id=529668\" rel=\"attachment wp-att-529668\"><img loading=\"lazy\" decoding=\"async\" aria-describedby=\"caption-attachment-529668\" class=\"size-full wp-image-529668\" src=\"https:\/\/www.diarioimagen.net\/wp-content\/uploads\/2021\/12\/uaem-5.jpg\" alt=\"\" width=\"460\" height=\"270\" \/><\/a><p id=\"caption-attachment-529668\" class=\"wp-caption-text\">De acuerdo con el investigador de la UAEM, Miguel \u00c1ngel Karam Calder\u00f3n, la variante \u00d3micron cuenta con diversas mutaciones; sin embargo, es apresurado afirmar que es m\u00e1s contagiosa, letal o que evade la protecci\u00f3n de las vacunas, lo m\u00e1s importante es continuar con las medidas como el lavado de manos y uso correcto de cubrebocas.<\/p><\/div>\n<p>&nbsp;<\/p>\n<p><strong>Toluca, Estado de M\u00e9xico.\u2014<\/strong> Ante el registro de la nueva variante del virus del SARS-CoV-2, denominada \u00d3micron por la Organizaci\u00f3n Mundial de la Salud (OMS), se recomienda dar continuidad a las medidas sanitarias que se establecieron al inicio de la pandemia de COVID-19 y contar con el esquema de vacunaci\u00f3n, acciones que podr\u00edan abonar a evitar contagios durante la temporada invernal, sostuvo el acad\u00e9mico de la Universidad Aut\u00f3noma del Estado de M\u00e9xico (UAEM), Miguel \u00c1ngel Karam Calder\u00f3n.<\/p>\n<p>\u201cNecesitamos tiempo para conocer las caracter\u00edsticas reales de la nueva variante del virus surgida a fines del mes de noviembre en territorio africano\u201d destac\u00f3 el acad\u00e9mico de la Facultad de Medicina de la UAEM, quien enfatiz\u00f3 que sin importar el laboratorio donde se desarrollaron, es importante adquirir las vacunas anti covid que han probado eficacia e incluso es posible optar por su refuerzo cuando las autoridades de salud las autoricen.<\/p>\n<p>Las medidas de seguridad como el uso correcto del cubrebocas, el distanciamiento social, el lavado constante de manos y evitar reuniones con un gran n\u00famero de personas en lugares cerrados, deber\u00e1n seguir aplic\u00e1ndose, asegur\u00f3 el especialista en epidemiolog\u00eda de la Aut\u00f3noma mexiquense.<\/p>\n<p>Respecto al cuadro cl\u00ednico, Karam Calder\u00f3n coment\u00f3 que los s\u00edntomas que produce \u00d3micron, identificados gracias a reportes de la Asociaci\u00f3n m\u00e9dica sudafricana, son poco habituales respecto a otras variantes, por ejemplo, fatiga, dolores musculares, tos seca o picaz\u00f3n en la garganta, en algunos casos fiebre baja, y se presentan mayoritariamente en hombres menores de 40 a\u00f1os, de los cuales la mitad estaban vacunados, pero no presentaron p\u00e9rdida de gusto ni olfato.<\/p>\n<p>Karam Calder\u00f3n se\u00f1al\u00f3 que nuevas variantes del SARS-Cov-2 podr\u00e1n surgir hasta que un porcentaje importante de personas se vacunen a nivel mundial; sin embargo, \u00c1frica es la regi\u00f3n que ha tenido menos de 10 por ciento de acceso a las vacunas producidas en el mundo, y este escenario es propicio para el surgimiento de nuevas variantes.<\/p>\n<p>De acuerdo con informes preliminares por m\u00e9dicos sudafricanos, la variante \u00d3micron presenta una cantidad importante de mutaciones que la har\u00edan potencialmente m\u00e1s transmisible e incluso menos susceptible a la inmunidad por vacuna o infecci\u00f3n; sin embargo, dijo el especialista de la UAEM, a\u00fan es prematuro adelantar aseveraciones, ya que a\u00fan no se conoce en su totalidad el desarrollo de la cepa original surgida en Wuhan, China.<\/p>\n<p>Ante la cercan\u00eda de la temporada invernal, Miguel \u00c1ngel Karam Calder\u00f3n se\u00f1al\u00f3 que debemos seguir con las medidas de protecci\u00f3n y ser solidarios con nuestros amigos y familiares, por lo que debemos atender las medidas sanitarias, ya que la pandemia a\u00fan no concluye.<\/p>\n","protected":false},"excerpt":{"rendered":"<p>Ante el registro de la nueva variante del virus del SARS-CoV-2, denominada \u00d3micron por la Organizaci\u00f3n Mundial de la Salud (OMS), se recomienda dar continuidad a las medidas sanitarias que se establecieron al inicio de la pandemia de COVID-19 y contar con el esquema de vacunaci\u00f3n, acciones que podr\u00edan abonar a evitar contagios durante la temporada invernal, sostuvo el acad\u00e9mico de la Universidad Aut\u00f3noma del Estado de M\u00e9xico (UAEM), Miguel \u00c1ngel Karam Calder\u00f3n.<\/p>\n","protected":false},"author":3,"featured_media":529668,"comment_status":"open","ping_status":"open","sticky":false,"template":"","format":"standard","meta":{"_monsterinsights_skip_tracking":false,"_monsterinsights_sitenote_active":false,"_monsterinsights_sitenote_note":"","_monsterinsights_sitenote_category":0,"footnotes":""},"categories":[5],"tags":[43675,94141,4559,452],"class_list":["post-529591","post","type-post","status-publish","format-standard","has-post-thumbnail","hentry","category-estado-de-mexico","tag-estado-de-mexico","tag-omicron","tag-oms","tag-toluca"],"_links":{"self":[{"href":"https:\/\/www.diarioimagen.net\/index.php?rest_route=\/wp\/v2\/posts\/529591","targetHints":{"allow":["GET"]}}],"collection":[{"href":"https:\/\/www.diarioimagen.net\/index.php?rest_route=\/wp\/v2\/posts"}],"about":[{"href":"https:\/\/www.diarioimagen.net\/index.php?rest_route=\/wp\/v2\/types\/post"}],"author":[{"embeddable":true,"href":"https:\/\/www.diarioimagen.net\/index.php?rest_route=\/wp\/v2\/users\/3"}],"replies":[{"embeddable":true,"href":"https:\/\/www.diarioimagen.net\/index.php?rest_route=%2Fwp%2Fv2%2Fcomments&post=529591"}],"version-history":[{"count":0,"href":"https:\/\/www.diarioimagen.net\/index.php?rest_route=\/wp\/v2\/posts\/529591\/revisions"}],"wp:featuredmedia":[{"embeddable":true,"href":"https:\/\/www.diarioimagen.net\/index.php?rest_route=\/wp\/v2\/media\/529668"}],"wp:attachment":[{"href":"https:\/\/www.diarioimagen.net\/index.php?rest_route=%2Fwp%2Fv2%2Fmedia&parent=529591"}],"wp:term":[{"taxonomy":"category","embeddable":true,"href":"https:\/\/www.diarioimagen.net\/index.php?rest_route=%2Fwp%2Fv2%2Fcategories&post=529591"},{"taxonomy":"post_tag","embeddable":true,"href":"https:\/\/www.diarioimagen.net\/index.php?rest_route=%2Fwp%2Fv2%2Ftags&post=529591"}],"curies":[{"name":"wp","href":"https:\/\/api.w.org\/{rel}","templated":true}]}}