{"id":529614,"date":"2021-12-08T00:01:18","date_gmt":"2021-12-08T06:01:18","guid":{"rendered":"https:\/\/www.diarioimagen.net\/?p=529614"},"modified":"2021-12-08T08:01:21","modified_gmt":"2021-12-08T14:01:21","slug":"entregan-en-huixquilucan-apoyos-economicos-y-pavos-a-familias-de-personas-con-discapacidad","status":"publish","type":"post","link":"https:\/\/www.diarioimagen.net\/?p=529614","title":{"rendered":"Entregan en Huixquilucan apoyos econ\u00f3micos y pavos a familias de personas con discapacidad"},"content":{"rendered":"<p>&nbsp;<\/p>\n<ul>\n<li><strong><em>En el auditorio de la comunidad de Santiago Yancuitlalpan<\/em><\/strong><\/li>\n<\/ul>\n<p>&nbsp;<\/p>\n<div id=\"attachment_529704\" style=\"width: 470px\" class=\"wp-caption aligncenter\"><a href=\"https:\/\/www.diarioimagen.net\/?attachment_id=529704\" rel=\"attachment wp-att-529704\"><img loading=\"lazy\" decoding=\"async\" aria-describedby=\"caption-attachment-529704\" class=\"size-full wp-image-529704\" src=\"https:\/\/www.diarioimagen.net\/wp-content\/uploads\/2021\/12\/huixquilucan-5.jpg\" alt=\"\" width=\"460\" height=\"270\" \/><\/a><p id=\"caption-attachment-529704\" class=\"wp-caption-text\">La alcaldesa interina Mar\u00eda Eugenia Torres P\u00e9rez Tejada entreg\u00f3 apoyos econ\u00f3micos y pavos a familias de ni\u00f1os y adolescentes que enfrentan una discapacidad en Huixquilucan.<\/p><\/div>\n<p>&nbsp;<\/p>\n<p><strong>Huixquilucan, Estado de M\u00e9xico.\u2014<\/strong> Como parte de los festejos decembrinos, la presidenta municipal por Ministerio de Ley, Mar\u00eda Eugenia Torres P\u00e9rez Tejada, entreg\u00f3 apoyos econ\u00f3micos y pavos a familias de ni\u00f1os y adolescentes que enfrentan una discapacidad en Huixquilucan, con la intenci\u00f3n de ayudarlos a que tengan una celebraci\u00f3n en paz y con la dicha de contar con alimentos en su mesa.<\/p>\n<p>En el auditorio de la comunidad de Santiago Yancuitlalpan, resalt\u00f3 que, gracias a las gestiones que realiz\u00f3 el gobierno municipal, el cien por ciento de los adultos de 18 a\u00f1os y m\u00e1s han recibido sus dos dosis contra la covid-19, mientras que los de 12 a 17 con alguna comorbilidad ya fueron vacunados con una dosis, al igual que los de 15 a 17 a\u00f1os, lo cual permitir\u00e1 que esta Navidad pueda celebrarse con una mayor seguridad que la del a\u00f1o anterior.<\/p>\n<p>No obstante, Mar\u00eda Eugenia Torres pidi\u00f3 a la poblaci\u00f3n no bajar la guardia y mantener las medidas sanitarias recomendadas, como el uso del cubrebocas y el lavado frecuente de manos, as\u00ed como el uso de gel antibacterial, con el objetivo de que Huixquilucan siga siendo un municipio sano y en donde se realizan acciones para evitar contagios de este tipo. Asimismo, la presidenta municipal por Ministerio de Ley reiter\u00f3 que el gobierno municipal tiene el compromiso de apoyar a las familias m\u00e1s vulnerables, en especial, de aquellos que tienen una discapacidad, para que eleven sus condiciones de vida.<\/p>\n","protected":false},"excerpt":{"rendered":"<p>Como parte de los festejos decembrinos, la presidenta municipal por Ministerio de Ley, Mar\u00eda Eugenia Torres P\u00e9rez Tejada, entreg\u00f3 apoyos econ\u00f3micos y pavos a familias de ni\u00f1os y adolescentes que enfrentan una discapacidad en Huixquilucan, con la intenci\u00f3n de ayudarlos a que tengan una celebraci\u00f3n en paz y con la dicha de contar con alimentos en su mesa.<\/p>\n","protected":false},"author":3,"featured_media":529704,"comment_status":"open","ping_status":"open","sticky":false,"template":"","format":"standard","meta":{"_monsterinsights_skip_tracking":false,"_monsterinsights_sitenote_active":false,"_monsterinsights_sitenote_note":"","_monsterinsights_sitenote_category":0,"footnotes":""},"categories":[5],"tags":[2701,24566,43675,1097],"class_list":["post-529614","post","type-post","status-publish","format-standard","has-post-thumbnail","hentry","category-estado-de-mexico","tag-apoyo","tag-discapacidad","tag-estado-de-mexico","tag-huixquilucan"],"_links":{"self":[{"href":"https:\/\/www.diarioimagen.net\/index.php?rest_route=\/wp\/v2\/posts\/529614","targetHints":{"allow":["GET"]}}],"collection":[{"href":"https:\/\/www.diarioimagen.net\/index.php?rest_route=\/wp\/v2\/posts"}],"about":[{"href":"https:\/\/www.diarioimagen.net\/index.php?rest_route=\/wp\/v2\/types\/post"}],"author":[{"embeddable":true,"href":"https:\/\/www.diarioimagen.net\/index.php?rest_route=\/wp\/v2\/users\/3"}],"replies":[{"embeddable":true,"href":"https:\/\/www.diarioimagen.net\/index.php?rest_route=%2Fwp%2Fv2%2Fcomments&post=529614"}],"version-history":[{"count":0,"href":"https:\/\/www.diarioimagen.net\/index.php?rest_route=\/wp\/v2\/posts\/529614\/revisions"}],"wp:featuredmedia":[{"embeddable":true,"href":"https:\/\/www.diarioimagen.net\/index.php?rest_route=\/wp\/v2\/media\/529704"}],"wp:attachment":[{"href":"https:\/\/www.diarioimagen.net\/index.php?rest_route=%2Fwp%2Fv2%2Fmedia&parent=529614"}],"wp:term":[{"taxonomy":"category","embeddable":true,"href":"https:\/\/www.diarioimagen.net\/index.php?rest_route=%2Fwp%2Fv2%2Fcategories&post=529614"},{"taxonomy":"post_tag","embeddable":true,"href":"https:\/\/www.diarioimagen.net\/index.php?rest_route=%2Fwp%2Fv2%2Ftags&post=529614"}],"curies":[{"name":"wp","href":"https:\/\/api.w.org\/{rel}","templated":true}]}}