{"id":529616,"date":"2021-12-08T00:02:16","date_gmt":"2021-12-08T06:02:16","guid":{"rendered":"https:\/\/www.diarioimagen.net\/?p=529616"},"modified":"2021-12-08T08:02:14","modified_gmt":"2021-12-08T14:02:14","slug":"tlalnepantla-disminuye-incidencia-delictiva-durante-la-administracion-de-raciel-perez","status":"publish","type":"post","link":"https:\/\/www.diarioimagen.net\/?p=529616","title":{"rendered":"Tlalnepantla disminuye incidencia delictiva durante la administraci\u00f3n de Raciel P\u00e9rez"},"content":{"rendered":"<p>&nbsp;<\/p>\n<ul>\n<li><strong><em>Sale de lista de las 10 ciudades m\u00e1s inseguras del pa\u00eds<\/em><\/strong><\/li>\n<\/ul>\n<p>&nbsp;<\/p>\n<div id=\"attachment_529706\" style=\"width: 470px\" class=\"wp-caption aligncenter\"><a href=\"https:\/\/www.diarioimagen.net\/?attachment_id=529706\" rel=\"attachment wp-att-529706\"><img loading=\"lazy\" decoding=\"async\" aria-describedby=\"caption-attachment-529706\" class=\"size-full wp-image-529706\" src=\"https:\/\/www.diarioimagen.net\/wp-content\/uploads\/2021\/12\/tlalnepantla-4.jpg\" alt=\"\" width=\"460\" height=\"270\" \/><\/a><p id=\"caption-attachment-529706\" class=\"wp-caption-text\">En su informe de gobierno, el alcalde Raciel P\u00e9rez Cruz indic\u00f3 que se mejor\u00f3 la percepci\u00f3n de la ciudadan\u00eda del desempe\u00f1o de la Polic\u00eda Municipal de Tlalnepantla.<\/p><\/div>\n<p>&nbsp;<\/p>\n<p><strong>Tlalnepantla, Estado de M\u00e9xico.\u2014<\/strong> El gobierno de Tlalnepantla logr\u00f3 salir de las 10 ciudades m\u00e1s inseguras del pa\u00eds, redujo en un 12 por ciento la incidencia delictiva total y en 22 por ciento los delitos de alto impacto en un comparativo del periodo de enero a septiembre del 2021, respecto al mismo lapso del 2018, de acuerdo con cifras del Secretariado Ejecutivo del Sistema Nacional de Seguridad P\u00fablica.<\/p>\n<p>En su Tercer Informe de Gobierno, el presidente municipal Raciel P\u00e9rez Cruz indic\u00f3 que se mejor\u00f3 la percepci\u00f3n de la ciudadan\u00eda del desempe\u00f1o de la Polic\u00eda Municipal, en septiembre de 2021 el 39.5 por ciento evalu\u00f3 efectivo su desempe\u00f1o en tanto en diciembre de 2018 solo el 19.5 por ciento lo consider\u00f3 as\u00ed.<\/p>\n<p>El edil indic\u00f3 que se detuvo a 3 mil 955 probables responsables de delitos, se implementaron de manera coordinada con los tres \u00f3rdenes de gobierno 28 mil 777 operativos de revisi\u00f3n a personas y unidades de transporte, adem\u00e1s se ubic\u00f3 a 239 personas a trav\u00e9s de la C\u00e9lula de B\u00fasqueda Inmediata de Personas Desaparecidas, No localizadas, Extraviadas y\/o Ausentes.<\/p>\n<p>Se crearon 12 mil 217 redes vecinales de seguridad por cuadra, en las que participan aproximadamente 72 mil habitantes, a trav\u00e9s de los m\u00f3dulos de Atenci\u00f3n a V\u00edctimas se apoy\u00f3 a mil 747 personas, adem\u00e1s de la puesta en marcha de la aplicaci\u00f3n interactiva m\u00f3vil \u201cNuestra Ciudad Segura\u201d.<\/p>\n","protected":false},"excerpt":{"rendered":"<p>El gobierno de Tlalnepantla logr\u00f3 salir de las 10 ciudades m\u00e1s inseguras del pa\u00eds, redujo en un 12 por ciento la incidencia delictiva total y en 22 por ciento los delitos de alto impacto en un comparativo del periodo de enero a septiembre del 2021, respecto al mismo lapso del 2018, de acuerdo con cifras del Secretariado Ejecutivo del Sistema Nacional de Seguridad P\u00fablica.<\/p>\n","protected":false},"author":3,"featured_media":529706,"comment_status":"open","ping_status":"open","sticky":false,"template":"","format":"standard","meta":{"_monsterinsights_skip_tracking":false,"_monsterinsights_sitenote_active":false,"_monsterinsights_sitenote_note":"","_monsterinsights_sitenote_category":0,"footnotes":""},"categories":[5],"tags":[43675,4767,169],"class_list":["post-529616","post","type-post","status-publish","format-standard","has-post-thumbnail","hentry","category-estado-de-mexico","tag-estado-de-mexico","tag-sistema-nacional-de-seguridad-publica","tag-tlalnepantla"],"_links":{"self":[{"href":"https:\/\/www.diarioimagen.net\/index.php?rest_route=\/wp\/v2\/posts\/529616","targetHints":{"allow":["GET"]}}],"collection":[{"href":"https:\/\/www.diarioimagen.net\/index.php?rest_route=\/wp\/v2\/posts"}],"about":[{"href":"https:\/\/www.diarioimagen.net\/index.php?rest_route=\/wp\/v2\/types\/post"}],"author":[{"embeddable":true,"href":"https:\/\/www.diarioimagen.net\/index.php?rest_route=\/wp\/v2\/users\/3"}],"replies":[{"embeddable":true,"href":"https:\/\/www.diarioimagen.net\/index.php?rest_route=%2Fwp%2Fv2%2Fcomments&post=529616"}],"version-history":[{"count":0,"href":"https:\/\/www.diarioimagen.net\/index.php?rest_route=\/wp\/v2\/posts\/529616\/revisions"}],"wp:featuredmedia":[{"embeddable":true,"href":"https:\/\/www.diarioimagen.net\/index.php?rest_route=\/wp\/v2\/media\/529706"}],"wp:attachment":[{"href":"https:\/\/www.diarioimagen.net\/index.php?rest_route=%2Fwp%2Fv2%2Fmedia&parent=529616"}],"wp:term":[{"taxonomy":"category","embeddable":true,"href":"https:\/\/www.diarioimagen.net\/index.php?rest_route=%2Fwp%2Fv2%2Fcategories&post=529616"},{"taxonomy":"post_tag","embeddable":true,"href":"https:\/\/www.diarioimagen.net\/index.php?rest_route=%2Fwp%2Fv2%2Ftags&post=529616"}],"curies":[{"name":"wp","href":"https:\/\/api.w.org\/{rel}","templated":true}]}}