{"id":529618,"date":"2021-12-08T00:03:42","date_gmt":"2021-12-08T06:03:42","guid":{"rendered":"https:\/\/www.diarioimagen.net\/?p=529618"},"modified":"2021-12-08T08:04:27","modified_gmt":"2021-12-08T14:04:27","slug":"dejaremos-finanzas-sanas-en-cuautitlan-cuauhtemoc-mason-orta","status":"publish","type":"post","link":"https:\/\/www.diarioimagen.net\/?p=529618","title":{"rendered":"Dejaremos finanzas sanas en Cuautitl\u00e1n: Cuauht\u00e9moc Mas\u00f3n Orta"},"content":{"rendered":"<p>&nbsp;<\/p>\n<p><a href=\"https:\/\/www.diarioimagen.net\/?attachment_id=529712\" rel=\"attachment wp-att-529712\"><img loading=\"lazy\" decoding=\"async\" class=\"aligncenter size-full wp-image-529712\" src=\"https:\/\/www.diarioimagen.net\/wp-content\/uploads\/2021\/12\/cuautitlan.jpg\" alt=\"\" width=\"460\" height=\"270\" \/><\/a><\/p>\n<p>&nbsp;<\/p>\n<p><strong>Cuautitl\u00e1n, Estado de M\u00e9xico.\u2014 <\/strong>Desde el inicio de la administraci\u00f3n se atendieron las necesidades prioritarias de la poblaci\u00f3n, adem\u00e1s de emprender acciones administrativas que resolvieron temas financieros, generando mejores condiciones en las comunidades del municipio, destac\u00f3 Cuauht\u00e9moc Mas\u00f3n Orta, presidente municipal sustituto durante la presentaci\u00f3n del Informe del Tercer A\u00f1o de Gobierno. Acompa\u00f1ado de la s\u00edndico y regidores durante la Quinta Sesi\u00f3n Solemne de Cabildo, hizo la entrega f\u00edsica del informe que guarda la administraci\u00f3n p\u00fablica municipal durante el ejercicio 2019-2021, al Dr. Pablo Bedolla L\u00f3pez, rector de la Universidad Mexiquense del Bicentenario y representante personal del Lic. Alfredo del Mazo Maza, gobernador del Estado de M\u00e9xico.<\/p>\n<p>En este acto Mas\u00f3n Orta, destac\u00f3 el esfuerzo emprendido por cada una de las \u00e1reas de la administraci\u00f3n, destacando el pago de obligaciones financieras adquiridas por administraciones anteriores, dando como resultado, que hoy se ha pagado de deuda un total de 116 millones 678 660.00 pesos, dejando finanzas sanas a la siguiente administraci\u00f3n, enfatiz\u00f3.<\/p>\n<p>En el tema de mejoramiento de la infraestructura urbana y de servicios, destaca la inversi\u00f3n en la rehabilitaci\u00f3n y equipamiento de c\u00e1rcamos, como el Guadalupe Ferronales; la conexi\u00f3n del drenaje en la calle 5 de mayo, adem\u00e1s la introducci\u00f3n de drenaje en la comunidad Tlaxculpas y equipamientos de pozos como en Galaxia, as\u00ed como la conexi\u00f3n de la l\u00ednea de conducci\u00f3n en Joyas de Cuautitl\u00e1n, entre otras.<\/p>\n<p>Gracias a la inversi\u00f3n en la limpieza, rehabilitaci\u00f3n y equipamiento del sistema de drenaje y desalojo de aguas residuales, Cuautitl\u00e1n, durante la temporada de lluvias no sufri\u00f3 afectaciones; estos trabajos no se hab\u00edan realizado desde hace mucho tiempo y afectaron seriamente a las personas y sus bienes, durante muchos a\u00f1os dijo.<\/p>\n<p>Acerca de las acciones relevantes emprendidas para la atenci\u00f3n de la salud ante el COVID-19, destaca el apoyo a las jornadas de vacunaci\u00f3n que permitieron inmunizar a miles de vecinos, adem\u00e1s de las realizadas por el sistema municipal DIF, como la entrega de ox\u00edgeno medicinal, aplicaci\u00f3n de pruebas a ni\u00f1as, ni\u00f1os y adolescentes y entrega de apoyo a los sectores vulnerables.<\/p>\n<p>Parte fundamental de estos logros ha sido la participaci\u00f3n de la ciudadan\u00eda, as\u00ed como el trabajo realizado de forma conjunta, se\u00f1alo en esta sesi\u00f3n Mas\u00f3n Orta, al mismo tiempo agradeci\u00f3 a los integrantes del cabildo por la oportunidad de trabajar de la mano para el beneficio de los cuautitlenses.<\/p>\n","protected":false},"excerpt":{"rendered":"<p>Desde el inicio de la administraci\u00f3n se atendieron las necesidades prioritarias de la poblaci\u00f3n, adem\u00e1s de emprender acciones administrativas que resolvieron temas financieros, generando mejores condiciones en las comunidades del municipio, destac\u00f3 Cuauht\u00e9moc Mas\u00f3n Orta, presidente municipal sustituto durante la presentaci\u00f3n del Informe del Tercer A\u00f1o de Gobierno.<\/p>\n","protected":false},"author":3,"featured_media":529712,"comment_status":"open","ping_status":"open","sticky":false,"template":"","format":"standard","meta":{"_monsterinsights_skip_tracking":false,"_monsterinsights_sitenote_active":false,"_monsterinsights_sitenote_note":"","_monsterinsights_sitenote_category":0,"footnotes":""},"categories":[5],"tags":[93544,681,43675],"class_list":["post-529618","post","type-post","status-publish","format-standard","has-post-thumbnail","hentry","category-estado-de-mexico","tag-cuauhtemoc-mason-orta","tag-cuautitlan","tag-estado-de-mexico"],"_links":{"self":[{"href":"https:\/\/www.diarioimagen.net\/index.php?rest_route=\/wp\/v2\/posts\/529618","targetHints":{"allow":["GET"]}}],"collection":[{"href":"https:\/\/www.diarioimagen.net\/index.php?rest_route=\/wp\/v2\/posts"}],"about":[{"href":"https:\/\/www.diarioimagen.net\/index.php?rest_route=\/wp\/v2\/types\/post"}],"author":[{"embeddable":true,"href":"https:\/\/www.diarioimagen.net\/index.php?rest_route=\/wp\/v2\/users\/3"}],"replies":[{"embeddable":true,"href":"https:\/\/www.diarioimagen.net\/index.php?rest_route=%2Fwp%2Fv2%2Fcomments&post=529618"}],"version-history":[{"count":0,"href":"https:\/\/www.diarioimagen.net\/index.php?rest_route=\/wp\/v2\/posts\/529618\/revisions"}],"wp:featuredmedia":[{"embeddable":true,"href":"https:\/\/www.diarioimagen.net\/index.php?rest_route=\/wp\/v2\/media\/529712"}],"wp:attachment":[{"href":"https:\/\/www.diarioimagen.net\/index.php?rest_route=%2Fwp%2Fv2%2Fmedia&parent=529618"}],"wp:term":[{"taxonomy":"category","embeddable":true,"href":"https:\/\/www.diarioimagen.net\/index.php?rest_route=%2Fwp%2Fv2%2Fcategories&post=529618"},{"taxonomy":"post_tag","embeddable":true,"href":"https:\/\/www.diarioimagen.net\/index.php?rest_route=%2Fwp%2Fv2%2Ftags&post=529618"}],"curies":[{"name":"wp","href":"https:\/\/api.w.org\/{rel}","templated":true}]}}