{"id":529623,"date":"2021-12-08T00:02:36","date_gmt":"2021-12-08T06:02:36","guid":{"rendered":"https:\/\/www.diarioimagen.net\/?p=529623"},"modified":"2021-12-08T03:14:05","modified_gmt":"2021-12-08T09:14:05","slug":"controversia-constitucional-del-ine-por-recorte-de-presupuesto","status":"publish","type":"post","link":"https:\/\/www.diarioimagen.net\/?p=529623","title":{"rendered":"Controversia constitucional del INE por recorte de presupuesto"},"content":{"rendered":"<h2>La Retaguardia<\/h2>\n<h5>Adriana Moreno Cordero<\/h5>\n<p>&nbsp;<\/p>\n<ul>\n<li><strong><em>En el ISSSTE comienzan a aparecer los \u201ccad\u00e1veres del cl\u00f3set\u201d<\/em><\/strong><\/li>\n<\/ul>\n<p>&nbsp;<\/p>\n<p>Cuando el consejero-presidente del INE, <strong>Lorenzo C\u00f3rdova Vianello,<\/strong> acudi\u00f3 a la C\u00e1mara de Diputados, cuando no estaba obligado a hacerlo y recibi\u00f3 una andanada de descortes\u00edas y groser\u00edas por parte de los integrantes de la bancada mayoritaria que coordina <strong>Ignacio Mier Velazco<\/strong>, de manera por dem\u00e1s repetitiva, le reclamaron el asunto del por qu\u00e9 los consejeros de dicho Instituto, perciben un salario mayor al del presidente <strong>Andr\u00e9s Manuel L\u00f3pez Obrador<\/strong>, quien a su vez, haciendo gala de una total ignorancia y de manera hasta vulgar, demand\u00f3 a los consejeros que de su sueldo se cooperaran para organizar su tan ansiada consulta sobre la Revocaci\u00f3n de Mandato, que sus ciegos y leales seguidores llaman a \u201chacer una realidad la ratificaci\u00f3n de mandato\u201d, pero no les ha ido tan bien con aquello de las firmas porque todas las tienen que hacer ellos.<\/p>\n<p>Durante su estancia en el Palacio Legislativo de San L\u00e1zaro, el doctor C\u00f3rdova insisti\u00f3 a cuando diputado morenista se lo pregunt\u00f3, que el asunto se ir\u00eda para la Suprema Corte de Justicia de la Naci\u00f3n, que es la instancia que tendr\u00eda que decidir y enseguida, el consejero-presidente reiter\u00f3 que no estaba dispuesto a enfrascarse en un pleito totalmente innecesario con ning\u00fan legislador.<\/p>\n<p>Bueno, pues ahora\u00a0 finalmente, el secretario ejecutivo del Consejo General del Instituto Nacional Electoral, <strong>Edmundo Jacobo,<\/strong> present\u00f3 una demanda de\u00a0controversia constitucional\u00a0ante la Suprema Corte de Justicia de la Naci\u00f3n (<strong>SCJN<\/strong>) en contra del\u00a0Presupuesto de Egresos de la Federaci\u00f3n\u00a0de 2022 por el recorte presupuestal de casi cinco mil millones de pesos -ahora s\u00ed los diputados del partido oficial metieron duro la \u201ctijera\u201d- de los cuales, 3.8 mil millones se destinar\u00edan a la consulta de la Revocaci\u00f3n de Mandato, esa que tanto promueve el presidente aprovechando que dice ser tan, pero tan popular.<\/p>\n<p>De tal suerte, la referida demanda argumenta que al negar recursos necesarios, la C\u00e1mara de Diputados est\u00e1 interfiriendo en el cumplimiento de las obligaciones constitucionales del INE, al dejarlo pr\u00e1cticamente imposibilitado y explican -como en su vista a San L\u00e1zaro lo hizo el doctor C\u00f3rdova Vianello- el por qu\u00e9 se requieren m\u00e1s de los 830 millones de pesos.<\/p>\n<p>Adem\u00e1s, en la demanda de referencia, se detalla que la propia\u00a0Suprema Corte,\u00a0orden\u00f3 al INE, en la controversia de consulta popular, prever el presupuesto para estos ejercicios que ya est\u00e1n marcados como obligatorios en la Constituci\u00f3n.<\/p>\n<p>Debido a todo lo anterior, de nueva cuenta el lopezobradorismo arremete en contra del INE. Bueno, hasta el flamante subsecretario de Derechos Humanos de la Segob, <strong>Alejandro Encinas<\/strong>, fue el encargado de \u201csacar el peine\u201d y acusar a dicho Instituto de que el a\u00f1o pasado, no haya querido facilitar al gobierno, el acceso al padr\u00f3n biom\u00e9trico que tiene y qu\u00e9 bueno que el INE lo resguarda. La defensa frente al autoritarismo.<\/p>\n<p style=\"text-align: center;\"><strong>Municiones<\/strong><\/p>\n<p>*** A casi una semana de la salida de <strong>Luis Antonio Ram\u00edrez Pineda<\/strong> de la direcci\u00f3n general de ISSSTE, comienzan a aparecer los \u201cfantasmas\u201d o \u201ccad\u00e1veres en el cl\u00f3set\u201d de su gesti\u00f3n, la cual se mantuvo blindada en cuanto al manejo de recursos durante los primeros tres a\u00f1os del sexenio por la presencia de su hermano <strong>Heladio Ram\u00edrez Pineda<\/strong> en la direcci\u00f3n general Jur\u00eddica de la Auditor\u00eda Superior de la Federaci\u00f3n (ASF). En estos d\u00edas se dio a conocer que presuntamente, la Fiscal\u00eda General de la Rep\u00fablica judicializ\u00f3 una carpeta de investigaci\u00f3n contra ocho funcionarios del ISSSTE, entre ellos su director jur\u00eddico, <strong>Jos\u00e9 Febo Trujeque<\/strong> <strong>Ram\u00edrez<\/strong>, quien habr\u00eda permitido un pago duplicado por m\u00e1s de 800 millones de pesos en favor de una empresa subsidiaria del otrora poderoso Grupo F\u00e1rmacos Especializados, propiedad del empresario <strong>Antonio P\u00e9rez Fayad<\/strong>.<\/p>\n<p>*** Sobre el tema <strong>Alejandro Gertz Manero<\/strong>, en el Senado,\u00a0 el presidente de la Junta de Coordinaci\u00f3n Pol\u00edtica, Ricardo Monreal, se\u00f1al\u00f3 que \u201cestamos tratando de actuar con prudencia, con serenidad, con cautela. Yo he visto, a trav\u00e9s del tiempo estos tres a\u00f1os, la actuaci\u00f3n del Fiscal General de la Rep\u00fablica, el doctor Gertz Manero, y a m\u00ed me parece que ha actuado de manera correcta\u2026\u00a0Pero ayer escuch\u00e9 a Pablo G\u00f3mez (titular de la Unidad de Inteligencia Financiera) que no exist\u00eda ese informe y escuch\u00e9 tambi\u00e9n otras declaraciones, que solamente hab\u00eda un informe ejecutivo. Por eso no quiero arriesgarme ni quiero aventurarme a emitir una expresi\u00f3n condenatoria o exculpatoria.\u00a0Recomend\u00f3 entonces que\u00a0ser\u00eda muy bueno que la UIF no se use como instrumento pol\u00edtico para nadie y que la Fiscal\u00eda act\u00fae en raz\u00f3n de las pruebas, en raz\u00f3n de las circunstancias, que validen y que comprueben conductas antijur\u00eddicas.<\/p>\n<p>*** El caso es que familiares del titular de la FGR y de <strong>Alejandra Cuevas<\/strong>, ya interpusieron una solicitud de juicio pol\u00edtico en contra del tambi\u00e9n llamado \u201cFiscal carnal\u201d, \u201cpor incurrir en abuso de funciones ejerciendo de atribuciones que no tenga conferidas o se valga de las que tenga, para realizar o inducir actos u omisiones arbitrarios, para generar un beneficio para s\u00ed o para las personas\u201d<\/p>\n<p>*** Con m\u00e1s que justa raz\u00f3n, padres y madres de ni\u00f1os que padecen c\u00e1ncer se plantaron en la Terminal 1 Aeropuerto Internacional de la Ciudad de M\u00e9xico, para, por en\u00e9sima ocasi\u00f3n, denunciar que los medicamentos y tratamientos como quimioterapias para sus hijos, siguen sin llegar. O sea, se trata de pura palabrer\u00eda y con la \u201cl\u00ednea\u201d de Palacio Nacional, se intenta \u201cdorarles la p\u00edldora\u201d. Alguien tendr\u00eda que avisarle al de Tepetit\u00e1n que no basta con hacer cambios en su gabinete, en el \u00e1rea de salud, porque en \u00e9sta es donde la incompetencia de esta llamada y errada Cuarta Transformaci\u00f3n, fluye m\u00e1s y m\u00e1s.<\/p>\n<p>*** El senador <strong>Dante Delgado<\/strong>, dirigente nacional de Movimiento Ciudadano, declar\u00f3 que MC no pretende que <strong>Porfirio Mu\u00f1oz Ledo<\/strong> pase a formar parte de las filas de ese instituto pol\u00edtico; eso s\u00ed, ya est\u00e1 cansado el tambi\u00e9n integrante el decano de la Mesa Directiva de la C\u00e1mara Baja, de tanto brinco. Dijo el legislador veracruzano que se trata de un gran y justo reconocimiento a Mu\u00f1oz Ledo al tiempo que denunci\u00f3 que L\u00f3pez Obrador tiene actitudes displicentes y de desprecio hacia un personaje que como Mu\u00f1oz Ledo, contribuy\u00f3 mucho para el proyecto de lo que se ha vuelto a todas luces, esta errada y llamada Cuarta Transformaci\u00f3n. El senador Delgado explic\u00f3: \u201cNosotros vamos a participar de manera directa para 2022 con candidatos propios y ah\u00ed se va a advertir el crecimiento exponencial de Movimiento Ciudadano. En esa ruta y con el alza en las preferencias, lo m\u00e1s probable es que el partido naranja vaya tambi\u00e9n solo en 2024. Adem\u00e1s, MC ha dejado a la baja al PRD.<\/p>\n<p><u><a href=\"mailto:morcora@gmail.com\" target=\"_blank\" rel=\"noopener noreferrer\"><em>morcora@gmail.com<\/em><\/a><\/u><\/p>\n","protected":false},"excerpt":{"rendered":"<p><span style=\"color: #005497;\"><strong>Adriana Moreno Cordero<\/strong><\/span><\/p>\n","protected":false},"author":3,"featured_media":0,"comment_status":"open","ping_status":"open","sticky":false,"template":"","format":"standard","meta":{"_monsterinsights_skip_tracking":false,"_monsterinsights_sitenote_active":false,"_monsterinsights_sitenote_note":"","_monsterinsights_sitenote_category":0,"footnotes":""},"categories":[69370],"tags":[69369,69368,43674],"class_list":["post-529623","post","type-post","status-publish","format-standard","hentry","category-adriana-moreno-cordero","tag-adriana-moreno-cordero","tag-la-retaguardia","tag-opinion"],"_links":{"self":[{"href":"https:\/\/www.diarioimagen.net\/index.php?rest_route=\/wp\/v2\/posts\/529623","targetHints":{"allow":["GET"]}}],"collection":[{"href":"https:\/\/www.diarioimagen.net\/index.php?rest_route=\/wp\/v2\/posts"}],"about":[{"href":"https:\/\/www.diarioimagen.net\/index.php?rest_route=\/wp\/v2\/types\/post"}],"author":[{"embeddable":true,"href":"https:\/\/www.diarioimagen.net\/index.php?rest_route=\/wp\/v2\/users\/3"}],"replies":[{"embeddable":true,"href":"https:\/\/www.diarioimagen.net\/index.php?rest_route=%2Fwp%2Fv2%2Fcomments&post=529623"}],"version-history":[{"count":0,"href":"https:\/\/www.diarioimagen.net\/index.php?rest_route=\/wp\/v2\/posts\/529623\/revisions"}],"wp:attachment":[{"href":"https:\/\/www.diarioimagen.net\/index.php?rest_route=%2Fwp%2Fv2%2Fmedia&parent=529623"}],"wp:term":[{"taxonomy":"category","embeddable":true,"href":"https:\/\/www.diarioimagen.net\/index.php?rest_route=%2Fwp%2Fv2%2Fcategories&post=529623"},{"taxonomy":"post_tag","embeddable":true,"href":"https:\/\/www.diarioimagen.net\/index.php?rest_route=%2Fwp%2Fv2%2Ftags&post=529623"}],"curies":[{"name":"wp","href":"https:\/\/api.w.org\/{rel}","templated":true}]}}