{"id":529635,"date":"2021-12-08T00:08:51","date_gmt":"2021-12-08T06:08:51","guid":{"rendered":"https:\/\/www.diarioimagen.net\/?p=529635"},"modified":"2021-12-08T03:24:59","modified_gmt":"2021-12-08T09:24:59","slug":"el-periodismo-de-amlo","status":"publish","type":"post","link":"https:\/\/www.diarioimagen.net\/?p=529635","title":{"rendered":"El periodismo de AMLO"},"content":{"rendered":"<h2>Detr\u00e1s del Poder<\/h2>\n<h5>Jos\u00e9 Antonio L\u00f3pez Sosa<\/h5>\n<p>&nbsp;<\/p>\n<p>Todo indica que para el presidente Andr\u00e9s Manuel L\u00f3pez L\u00f3pez Obrador el periodismo bueno, por llamarlo de alg\u00fan modo, es aquel que se une a sus deseos, que comparte sus formas y que le aplaude cada decisi\u00f3n que toma en el poder.<\/p>\n<p>Prohibido prohibir dice, pero en realidad le resulta molesto que haya cr\u00edticos a su gobierno. Habla de periodismo cr\u00edtico pero no cita ni felicita a alg\u00fan periodista que le haya criticado desde el 1 de diciembre de 2018.<\/p>\n<p>Hubo una transformaci\u00f3n seria, no se trata de la Cuarta Transformaci\u00f3n, sino la del presidente L\u00f3pez Obrador de candidato a mandatario, antes aplaud\u00eda a los periodistas que investigaban y criticaban al r\u00e9gimen, hoy a esos mismos los repudia; antes, celebraba que se dieran a conocer, mediante investigaciones, actos de corrupci\u00f3n, hoy le parecen ataques arteros contra su proyecto.<\/p>\n<p>L\u00f3pez Obrador no entiende la funci\u00f3n del periodista, considera que todos recib\u00edan d\u00e1divas del gobierno y que quien le critique, no tiene como motor el periodismo sino la p\u00e9rdida de privilegios, o lo que \u00e9l considere privilegios.<\/p>\n<p>No hay una voz en su gabinete que le contrarie o le explique \u2014por lo menos en lo privado\u2014 la necesidad de una prensa libre y cr\u00edtica en un sistema democr\u00e1tico.<\/p>\n<p>El periodismo de AMLO debiera ser complaciente, aplaudidor, porril y hasta servil, el periodismo de AMLO es una caja de resonancia bajo un sistema de propaganda estaliniano donde todo est\u00e1 bien, donde nada est\u00e1 mal, donde por el simple hecho de ser diferentes, todo es permisible.<\/p>\n<p>La fijaci\u00f3n del Presidente ha sido pasar a la historia como el mejor en su cargo durante los \u00faltimas d\u00e9cadas, sin embargo con el solo hecho de sus comentarios con relaci\u00f3n a los periodistas y a las investigaciones period\u00edsticas sobre su gesti\u00f3n, resulta igual o peor que sus antecesores, a\u00fan cuando pertenecieran a la mafia del poder.<\/p>\n<p>Es terrible el ataque sistem\u00e1tico a los periodistas desde la tribuna matutina de Palacio Nacional.<\/p>\n<p><em><a href=\"http:\/\/www.lopezsosa.com\" target=\"_blank\" rel=\"noopener\">www.lopezsosa.com<\/a><\/em><br \/>\n<em><a href=\"mailto:joseantonio@lopezsosa.com\" target=\"_blank\" rel=\"noopener\">joseantonio@lopezsosa.com<\/a><\/em><br \/>\n<em><a href=\"http:\/\/twitter.com\/joseantonio1977\" target=\"_blank\" rel=\"noopener\">@joseantonio197<\/a><\/em><\/p>\n","protected":false},"excerpt":{"rendered":"<p><span style=\"color: #005497;\"><strong>Jos\u00e9 Antonio L\u00f3pez Sosa<\/strong><\/span><\/p>\n","protected":false},"author":3,"featured_media":0,"comment_status":"open","ping_status":"open","sticky":false,"template":"","format":"standard","meta":{"_monsterinsights_skip_tracking":false,"_monsterinsights_sitenote_active":false,"_monsterinsights_sitenote_note":"","_monsterinsights_sitenote_category":0,"footnotes":""},"categories":[637],"tags":[638,43690,43674],"class_list":["post-529635","post","type-post","status-publish","format-standard","hentry","category-jose-antonio-lopez-sosa","tag-detras-del-poder","tag-jose-antonio-lopez-sosa","tag-opinion"],"_links":{"self":[{"href":"https:\/\/www.diarioimagen.net\/index.php?rest_route=\/wp\/v2\/posts\/529635","targetHints":{"allow":["GET"]}}],"collection":[{"href":"https:\/\/www.diarioimagen.net\/index.php?rest_route=\/wp\/v2\/posts"}],"about":[{"href":"https:\/\/www.diarioimagen.net\/index.php?rest_route=\/wp\/v2\/types\/post"}],"author":[{"embeddable":true,"href":"https:\/\/www.diarioimagen.net\/index.php?rest_route=\/wp\/v2\/users\/3"}],"replies":[{"embeddable":true,"href":"https:\/\/www.diarioimagen.net\/index.php?rest_route=%2Fwp%2Fv2%2Fcomments&post=529635"}],"version-history":[{"count":0,"href":"https:\/\/www.diarioimagen.net\/index.php?rest_route=\/wp\/v2\/posts\/529635\/revisions"}],"wp:attachment":[{"href":"https:\/\/www.diarioimagen.net\/index.php?rest_route=%2Fwp%2Fv2%2Fmedia&parent=529635"}],"wp:term":[{"taxonomy":"category","embeddable":true,"href":"https:\/\/www.diarioimagen.net\/index.php?rest_route=%2Fwp%2Fv2%2Fcategories&post=529635"},{"taxonomy":"post_tag","embeddable":true,"href":"https:\/\/www.diarioimagen.net\/index.php?rest_route=%2Fwp%2Fv2%2Ftags&post=529635"}],"curies":[{"name":"wp","href":"https:\/\/api.w.org\/{rel}","templated":true}]}}