{"id":529746,"date":"2021-12-09T00:03:00","date_gmt":"2021-12-09T06:03:00","guid":{"rendered":"https:\/\/www.diarioimagen.net\/?p=529746"},"modified":"2021-12-09T08:04:33","modified_gmt":"2021-12-09T14:04:33","slug":"le-regresaremos-a-naucalpan-su-integridad-y-reconstruiremos-este-municipio-angelica-moya","status":"publish","type":"post","link":"https:\/\/www.diarioimagen.net\/?p=529746","title":{"rendered":"Le regresaremos a Naucalpan su integridad y reconstruiremos este municipio: Ang\u00e9lica Moya"},"content":{"rendered":"<p>&nbsp;<\/p>\n<ul>\n<li><strong><em>Desde el 1 de enero, nueva etapa en el gobierno<\/em><\/strong><\/li>\n<\/ul>\n<p>&nbsp;<\/p>\n<div id=\"attachment_529845\" style=\"width: 470px\" class=\"wp-caption aligncenter\"><a href=\"https:\/\/www.diarioimagen.net\/?attachment_id=529845\" rel=\"attachment wp-att-529845\"><img loading=\"lazy\" decoding=\"async\" aria-describedby=\"caption-attachment-529845\" class=\"size-full wp-image-529845\" src=\"https:\/\/www.diarioimagen.net\/wp-content\/uploads\/2021\/12\/naucalpan-4.jpg\" alt=\"\" width=\"460\" height=\"270\" \/><\/a><p id=\"caption-attachment-529845\" class=\"wp-caption-text\">Durante su toma de protesta, Ang\u00e9lica Moya Mar\u00edn, afirm\u00f3 que Naucalpan volver\u00e1 a ser el municipio emprendedor y vanguardista, trabajando con su gente, con\u00a0los empresarios, formando un\u00a0s\u00f3lo equipo.<\/p><\/div>\n<p>&nbsp;<\/p>\n<p><strong>Naucalpan, Estado de M\u00e9xico.\u2014<\/strong> A partir del primero de enero, tendremos una nueva, etapa, gobierno y vecinos tendremos la oportunidad de recuperar la integridad de nuestro municipio, con honestidad y un buen gobierno de coalici\u00f3n\u201d, as\u00ed lo dio a conocer Ang\u00e9lica Moya Mar\u00edn, durante su toma de protesta.<\/p>\n<p>Afirm\u00f3 categ\u00f3rica, que saldr\u00e1n de la opacidad en el manejo de las arcas locales y consider\u00f3 que ser\u00e1n referente en todo el estado de M\u00e9xico en la correcta aplicaci\u00f3n de los recursos p\u00fablicos, consciente de los graves problemas que arrastra el municipio.<\/p>\n<p>Acompa\u00f1ada por el gobernador mexiquense, Alfredo del Mazo Maza, as\u00ed como por los integrantes del Cabildo 2022-2024, Moya Mar\u00edn reiter\u00f3 su compromiso de solventar los problemas de pago de los trabajadores de confianza y sindicalizados. La alcaldesa electa del PAN, PRI y PRD, advirti\u00f3 que se castigar\u00e1 a quien falt\u00f3 en esa responsabilidad.<\/p>\n<p>\u201cNaucalpan volver\u00e1 a ser el municipio emprendedor y vanguardista, trabajando con su gente, con los empresarios, formando un s\u00f3lo equipo para reconstruir al Naucalpan herido, que recibe nuestro nuevo gobierno\u201d, puntualiz\u00f3 la alcaldesa que, a partir del 1 de enero del 2022, entrar\u00e1 en funciones.<\/p>\n<p>Ante los Dirigentes Nacional del PAN y del Edom\u00e9x, Marko Cortes, y Anuar Azuar, el coordinador del grupo parlamentario de Acci\u00f3n Nacional en el congreso mexiquense, Enrique Vargas, del ex dirigente Nacional albiceleste, Luis Felipe Bravo, diputados federales y locales, record\u00f3 que Naucalpan se ha formado a partir del trabajo, esfuerzo, uni\u00f3n y sacrificio de sus habitantes.<\/p>\n<p>\u201cNaucalpan fue levantado por faenas de su gente. Los Naucalpan construimos esta ciudad con nuestras manos y le dimos identidad, y cultura a una tierra que posee una riqueza excepcional\u201d, apunt\u00f3.<\/p>\n<p>Moya Mar\u00edn indic\u00f3 que Naucalpan lo m\u00e1s valioso es su gente y mira con gran expectativa el Futuro. \u201cLos Naucalpenses ser\u00e1n el motor que impulsar\u00e1 este gobierno\u201d, reiter\u00f3.<\/p>\n<p>Insisti\u00f3 que a partir de 1\u00b0 de enero inicia una nueva etapa de recuperar el municipio de su grandeza y dio de nueva cuenta su palabra a los vecinos para que juntos trabajen por un mismo objetivo.<\/p>\n<p>Por otra parte, dej\u00f3 claro que durante los pr\u00f3ximos tres a\u00f1os y ante la necesidad de recuperar a Naucalpan de las malas pr\u00e1cticas, la coalici\u00f3n del PAN, PRI y PRD, seguir\u00e1n unidos y confi\u00f3 que \u00e9sta ser\u00e1 pionera en hacer gobierno de coalici\u00f3n como antes lo fue, pionero en la alternancia p\u00fablica.<\/p>\n<p>Puntualiz\u00f3 que la soluci\u00f3n al problema financiero de Naucalpan no est\u00e1 en comprometer el patrimonio como pretenden el \u201cPredio la Victoria\u201d, el cual es clave para la reconstrucci\u00f3n del centro de Naucalpan.<\/p>\n<p>Finalmente, llam\u00f3 a los Naucalpenses a unir esfuerzos para devolverle la dignidad a este valioso municipio y luchar en todo momento contra la corrupci\u00f3n. \u201cLas arcas municipales ser\u00e1 una \u201ccaja de cristal para que todos conozcan en que se invierten los recursos p\u00fablicos\u201d, concluy\u00f3.<\/p>\n","protected":false},"excerpt":{"rendered":"<p>A partir del primero de enero, tendremos una nueva, etapa, gobierno y vecinos tendremos la oportunidad de recuperar la integridad de nuestro municipio, con honestidad y un buen gobierno de coalici\u00f3n\u201d, as\u00ed lo dio a conocer Ang\u00e9lica Moya Mar\u00edn, durante su toma de protesta.<\/p>\n","protected":false},"author":3,"featured_media":529845,"comment_status":"open","ping_status":"open","sticky":false,"template":"","format":"standard","meta":{"_monsterinsights_skip_tracking":false,"_monsterinsights_sitenote_active":false,"_monsterinsights_sitenote_note":"","_monsterinsights_sitenote_category":0,"footnotes":""},"categories":[5],"tags":[93139,43675,63982,970,84632],"class_list":["post-529746","post","type-post","status-publish","format-standard","has-post-thumbnail","hentry","category-estado-de-mexico","tag-angelica-moya-marin","tag-estado-de-mexico","tag-integridad","tag-naucalpan","tag-reconstruiremos"],"_links":{"self":[{"href":"https:\/\/www.diarioimagen.net\/index.php?rest_route=\/wp\/v2\/posts\/529746","targetHints":{"allow":["GET"]}}],"collection":[{"href":"https:\/\/www.diarioimagen.net\/index.php?rest_route=\/wp\/v2\/posts"}],"about":[{"href":"https:\/\/www.diarioimagen.net\/index.php?rest_route=\/wp\/v2\/types\/post"}],"author":[{"embeddable":true,"href":"https:\/\/www.diarioimagen.net\/index.php?rest_route=\/wp\/v2\/users\/3"}],"replies":[{"embeddable":true,"href":"https:\/\/www.diarioimagen.net\/index.php?rest_route=%2Fwp%2Fv2%2Fcomments&post=529746"}],"version-history":[{"count":0,"href":"https:\/\/www.diarioimagen.net\/index.php?rest_route=\/wp\/v2\/posts\/529746\/revisions"}],"wp:featuredmedia":[{"embeddable":true,"href":"https:\/\/www.diarioimagen.net\/index.php?rest_route=\/wp\/v2\/media\/529845"}],"wp:attachment":[{"href":"https:\/\/www.diarioimagen.net\/index.php?rest_route=%2Fwp%2Fv2%2Fmedia&parent=529746"}],"wp:term":[{"taxonomy":"category","embeddable":true,"href":"https:\/\/www.diarioimagen.net\/index.php?rest_route=%2Fwp%2Fv2%2Fcategories&post=529746"},{"taxonomy":"post_tag","embeddable":true,"href":"https:\/\/www.diarioimagen.net\/index.php?rest_route=%2Fwp%2Fv2%2Ftags&post=529746"}],"curies":[{"name":"wp","href":"https:\/\/api.w.org\/{rel}","templated":true}]}}