{"id":529749,"date":"2021-12-09T00:03:54","date_gmt":"2021-12-09T06:03:54","guid":{"rendered":"https:\/\/www.diarioimagen.net\/?p=529749"},"modified":"2021-12-09T08:03:35","modified_gmt":"2021-12-09T14:03:35","slug":"inicia-en-cuautitlan-vacunacion-a-jovenes-de-15-a-17-anos-contra-covid","status":"publish","type":"post","link":"https:\/\/www.diarioimagen.net\/?p=529749","title":{"rendered":"Inicia en Cuautitl\u00e1n vacunaci\u00f3n a j\u00f3venes de 15 a 17 a\u00f1os contra Covid"},"content":{"rendered":"<p>&nbsp;<\/p>\n<p><a href=\"https:\/\/www.diarioimagen.net\/?attachment_id=529841\" rel=\"attachment wp-att-529841\"><img loading=\"lazy\" decoding=\"async\" class=\"aligncenter size-full wp-image-529841\" src=\"https:\/\/www.diarioimagen.net\/wp-content\/uploads\/2021\/12\/cuautitlan-1.jpg\" alt=\"\" width=\"460\" height=\"270\" \/><\/a><\/p>\n<p>&nbsp;<\/p>\n<p><strong>Cuautitl\u00e1n, Estado de M\u00e9xico<\/strong><strong>.\u2014 <\/strong>Con la aplicaci\u00f3n de la vacuna contra la Covid-19 a adolescentes de entre 15 a 17 a\u00f1os y en cumplimiento al Programa Nacional de Vacunaci\u00f3n, se ampl\u00eda el n\u00famero de personas que han recibido el biol\u00f3gico en el municipio, detallaron autoridades de salud, al informar que el d\u00eda mi\u00e9rcoles 8 y jueves 9 de diciembre se estar\u00e1 aplicando en el Gimnasio Municipal Benito Ju\u00e1rez, a este grupo etario.<\/p>\n<p>Para facilitar el acceso a pie a este inmueble que se ubica en la calle Ahuehuetes, s\/n, colonia centro de Cuautitl\u00e1n, permanecer\u00e1n cerradas las vialidades para los automovilistas, esto como parte del programa de movilidad que se estar\u00e1 aplicando durante la jornada de vacunaci\u00f3n.<\/p>\n","protected":false},"excerpt":{"rendered":"<p>Con la aplicaci\u00f3n de la vacuna contra la Covid-19 a adolescentes de entre 15 a 17 a\u00f1os y en cumplimiento al Programa Nacional de Vacunaci\u00f3n, se ampl\u00eda el n\u00famero de personas que han recibido el biol\u00f3gico en el municipio, detallaron autoridades de salud, al informar que el d\u00eda mi\u00e9rcoles 8 y jueves 9 de diciembre se estar\u00e1 aplicando en el Gimnasio Municipal Benito Ju\u00e1rez, a este grupo etario.<\/p>\n","protected":false},"author":3,"featured_media":529841,"comment_status":"open","ping_status":"open","sticky":false,"template":"","format":"standard","meta":{"_monsterinsights_skip_tracking":false,"_monsterinsights_sitenote_active":false,"_monsterinsights_sitenote_note":"","_monsterinsights_sitenote_category":0,"footnotes":""},"categories":[5],"tags":[90021,681,43675],"class_list":["post-529749","post","type-post","status-publish","format-standard","has-post-thumbnail","hentry","category-estado-de-mexico","tag-covid-19","tag-cuautitlan","tag-estado-de-mexico"],"_links":{"self":[{"href":"https:\/\/www.diarioimagen.net\/index.php?rest_route=\/wp\/v2\/posts\/529749","targetHints":{"allow":["GET"]}}],"collection":[{"href":"https:\/\/www.diarioimagen.net\/index.php?rest_route=\/wp\/v2\/posts"}],"about":[{"href":"https:\/\/www.diarioimagen.net\/index.php?rest_route=\/wp\/v2\/types\/post"}],"author":[{"embeddable":true,"href":"https:\/\/www.diarioimagen.net\/index.php?rest_route=\/wp\/v2\/users\/3"}],"replies":[{"embeddable":true,"href":"https:\/\/www.diarioimagen.net\/index.php?rest_route=%2Fwp%2Fv2%2Fcomments&post=529749"}],"version-history":[{"count":0,"href":"https:\/\/www.diarioimagen.net\/index.php?rest_route=\/wp\/v2\/posts\/529749\/revisions"}],"wp:featuredmedia":[{"embeddable":true,"href":"https:\/\/www.diarioimagen.net\/index.php?rest_route=\/wp\/v2\/media\/529841"}],"wp:attachment":[{"href":"https:\/\/www.diarioimagen.net\/index.php?rest_route=%2Fwp%2Fv2%2Fmedia&parent=529749"}],"wp:term":[{"taxonomy":"category","embeddable":true,"href":"https:\/\/www.diarioimagen.net\/index.php?rest_route=%2Fwp%2Fv2%2Fcategories&post=529749"},{"taxonomy":"post_tag","embeddable":true,"href":"https:\/\/www.diarioimagen.net\/index.php?rest_route=%2Fwp%2Fv2%2Ftags&post=529749"}],"curies":[{"name":"wp","href":"https:\/\/api.w.org\/{rel}","templated":true}]}}