{"id":529751,"date":"2021-12-09T00:01:10","date_gmt":"2021-12-09T06:01:10","guid":{"rendered":"https:\/\/www.diarioimagen.net\/?p=529751"},"modified":"2021-12-09T08:02:15","modified_gmt":"2021-12-09T14:02:15","slug":"romina-contreras-llama-a-trabajar-en-unidad-para-convertir-a-huixquilucan-en-el-mejor-del-pais","status":"publish","type":"post","link":"https:\/\/www.diarioimagen.net\/?p=529751","title":{"rendered":"Romina Contreras llama a trabajar en unidad para convertir a Huixquilucan en el mejor del pa\u00eds"},"content":{"rendered":"<p>&nbsp;<\/p>\n<ul>\n<li><strong><em>Rinde protesta de ley para encabezar administraci\u00f3n 2022-2024<\/em><\/strong><\/li>\n<\/ul>\n<p>&nbsp;<\/p>\n<div id=\"attachment_529839\" style=\"width: 470px\" class=\"wp-caption aligncenter\"><a href=\"https:\/\/www.diarioimagen.net\/?attachment_id=529839\" rel=\"attachment wp-att-529839\"><img loading=\"lazy\" decoding=\"async\" aria-describedby=\"caption-attachment-529839\" class=\"size-full wp-image-529839\" src=\"https:\/\/www.diarioimagen.net\/wp-content\/uploads\/2021\/12\/huixquilucan-6.jpg\" alt=\"\" width=\"460\" height=\"270\" \/><\/a><p id=\"caption-attachment-529839\" class=\"wp-caption-text\">Romina Contreras rindi\u00f3 la protesta de ley para encabezar la administraci\u00f3n 2022-2024 y convertirse en la primera mujer que gobierna Huixquilucan.<\/p><\/div>\n<p>&nbsp;<\/p>\n<p><strong>Huixquilucan, Estado de M\u00e9xico.\u2014<\/strong> Al rendir la protesta de ley para encabezar la administraci\u00f3n 2022-2024 y convertirse en la primera mujer que gobierna esta localidad, la alcaldesa Romina Contreras Carrasco exhort\u00f3 a los ciudadanos a seguir trabajando en unidad y con respeto a las diferentes visiones, para privilegiar el desarrollo y seguir construyendo y avanzando con el objetivo de convertir a Huixquilucan en el mejor municipio de todo el pa\u00eds.<\/p>\n<p>Durante la Cuarta Sesi\u00f3n Solemne de Cabildo, donde tom\u00f3 protesta a los integrantes de su Cabildo para el periodo 2022-2024, la primera presidenta municipal de Huixquilucan destac\u00f3 que este proyecto recibi\u00f3 el apoyo de miles de ciudadanos, lo que, en el pasado proceso electoral, la consolid\u00f3 como una de las candidatas m\u00e1s votadas de toda la Rep\u00fablica mexicana y la n\u00famero uno en el Estado de M\u00e9xico.<\/p>\n<p>En presencia del secretario general de Gobierno, Ernesto Nemer \u00c1lvarez, y de la diputada Ingrid Schemelensky Castro, presidenta de la Mesa Directiva de la LXI Legislatura del Estado de M\u00e9xico; Romina Contreras se comprometi\u00f3 a poner su experiencia, formaci\u00f3n acad\u00e9mica y su ideal de gobernar, para el bien de las y los huixquiluquenses, a fin de mejorar su calidad de vida.<\/p>\n<p>Arropada por el l\u00edder de su partido, Marko Cort\u00e9s Mendoza, por la gobernadora de Chihuahua, Maru Campos, as\u00ed como representes de su partido en el Estado de M\u00e9xico y Ciudad de M\u00e9xico, diputados locales y federales, as\u00ed como del coordinador del Grupo Parlamentario del PAN en el Estado de M\u00e9xico, Enrique Vargas del Villar, representantes religiosos y empresarios; Romina Contreras se\u00f1al\u00f3 que, a partir del 01 de enero del 2022, trabajar\u00e1 para todos, dando respuesta a las necesidades de las y los huixquiluquenses, por lo que pondr\u00e1 toda su capacidad en una sola meta: llevar a Huixquilucan a ser el municipio mejor calificado de toda la Rep\u00fablica mexicana.<\/p>\n<p>\u201cQue se escuche claro y fuerte, Huixquilucan es el municipio mejor calificado del Estado de M\u00e9xico, un referente a nivel nacional, es un municipio gobernado por Acci\u00f3n Nacional. Estamos aqu\u00ed, estamos presentes y vamos con toda la fuerza rumbo al 2023\u201d, enfatiz\u00f3.<\/p>\n<p>En cuanto a las acciones y programas que la administraci\u00f3n 2022-2024 implementar\u00e1 en el municipio, Romina Contreras destac\u00f3 rubros como seguridad, salud, educaci\u00f3n, deporte, medio ambiente, desarrollo social, entre otros.<\/p>\n<p>En materia de seguridad, subray\u00f3 que, en los primeros 100 d\u00edas de gobierno, el municipio contar\u00e1 con 100 patrullas nuevas, adem\u00e1s de que incrementar\u00e1 el n\u00famero de torres de vigilancia, c\u00e1maras de videovigilancia y se reforzar\u00e1 el sistema de emergencias 24\/7, a trav\u00e9s de los dos Centros de Mando.<\/p>\n<p>En atenci\u00f3n a la prevenci\u00f3n de adicciones, contar\u00e1 con m\u00e1s binomios caninos K9 que apoyar\u00e1n en la detecci\u00f3n de drogas y armas en escuelas, as\u00ed como para b\u00fasqueda y rescate.<\/p>\n<p>Para la atenci\u00f3n de desastres naturales, se fortalecer\u00e1 el programa de instalaci\u00f3n de alertas s\u00edsmicas, as\u00ed como su mantenimiento; adem\u00e1s contempla la adquisici\u00f3n de un nuevo cami\u00f3n cisterna para el Heroico Cuerpo de Bomberos.<\/p>\n<p>Adelant\u00f3 que su administraci\u00f3n tendr\u00e1 sello de mujer, por lo que ser\u00e1 una aliada permanente de este sector de la poblaci\u00f3n, por lo que brindar\u00e1 programas y apoyos sin precedentes para procurar su desarrollo e independencia, por lo que se ampliar\u00e1n los apoyos que reciben mediante la Tarjeta Azul, para madres solteras; adem\u00e1s de que impulsar\u00e1 a las mujeres emprendedoras, continuar\u00e1n los programas de apoyos econ\u00f3micos para sus proyectos, a trav\u00e9s de convenios con ONU Mujeres.<\/p>\n<p>Tambi\u00e9n se comprometi\u00f3 a ampliar el n\u00famero de comedores comunitarios, aumentar el n\u00famero de prepas DIF, continuar\u00e1n las becas en todos los niveles educativos, as\u00ed como la entrega de tabletas electr\u00f3nicas a los mejores promedios y equipo de c\u00f3mputo a las escuelas.<\/p>\n<p>Uno de los proyectos es el Centro de Oficios, que ser\u00e1 inaugurado en los primeros 100 d\u00edas de gobierno, para capacitar y promover los empleos de acuerdo a las especialidades y necesidades de las empresas y hogares asentados en el municipio.<\/p>\n<p>En tanto, los adultos mayores continuar\u00e1n contando con la Tarjeta Plateada para sus gastos b\u00e1sicos y ampliar\u00e1 la red municipal de clubes de la tercera edad para su beneficio y disfrute.<\/p>\n<p>En el rubro econ\u00f3mico, Contreras Carrasco se\u00f1al\u00f3 que se crear\u00e1 una app de tel\u00e9fono inteligente para tener acceso a las vacantes disponibles en empresas y comercios de Huixquilucan; en tanto, las empresas que contraten a por lo menos el 40 por ciento de su personal a habitantes del municipio, tendr\u00e1n descuentos en pagos al municipio.<\/p>\n<p>En materia de deporte, iniciar\u00e1 la construcci\u00f3n de una alberca en la comunidad de Magdalena Chichicaspa, que se sumar\u00e1 a las tres existentes en territorio municipal; adem\u00e1s de gimnasios al aire libre y la rehabilitaci\u00f3n de espacios deportivos municipales.<\/p>\n<p>En el sector de la salud, adelant\u00f3 que su administraci\u00f3n redoblar\u00e1 el paso en la creaci\u00f3n de infraestructura hospitalaria, para ello, se comprometi\u00f3 a construir dos hospitales m\u00e1s, uno en la comunidad de Magdalena Chichicaspa y otro en la colonia Ampliaci\u00f3n Palo Solo, que se suman al Hospital San Pio, Meter Dei y Hospital San Fernando.<\/p>\n<p>Para fortalecer el tejido social, aumentar\u00e1n los Centros de Desarrollo Comunitario, por lo que en breve ser\u00e1n inaugurados centros en San Jacinto, El Guarda y el Laurel, sum\u00e1ndose a los 23 que ya existen, donde mensualmente reciben atenci\u00f3n m\u00e1s de 10 mil personas.<\/p>\n<p>Adem\u00e1s, inform\u00f3 que el Centro de Rehabilitaci\u00f3n e Integraci\u00f3n Social ampliar\u00e1 sus terapias de rehabilitaci\u00f3n para pacientes que han padecido COVID-19 y se podr\u00e1 en operaci\u00f3n un Centro Integral para personas con Autismo.<\/p>\n<p>\u201cEstoy lista para defender los logros de casi seis a\u00f1os, estoy lista para ser la presidenta de Huixquilucan\u201d, asever\u00f3 Romina Contreras.<\/p>\n<p>Por su parte, Ernesto Nemer \u00c1lvarez, secretario General de Gobierno, destac\u00f3 que \u00e9ste es un d\u00eda hist\u00f3rico para Huixquilucan, debido a que, por primera vez, ser\u00e1 presidido por una mujer.<\/p>\n","protected":false},"excerpt":{"rendered":"<p>Al rendir la protesta de ley para encabezar la administraci\u00f3n 2022-2024 y convertirse en la primera mujer que gobierna esta localidad, la alcaldesa Romina Contreras Carrasco exhort\u00f3 a los ciudadanos a seguir trabajando en unidad y con respeto a las diferentes visiones, para privilegiar el desarrollo y seguir construyendo y avanzando con el objetivo de convertir a Huixquilucan en el mejor municipio de todo el pa\u00eds.<\/p>\n","protected":false},"author":3,"featured_media":529839,"comment_status":"open","ping_status":"open","sticky":false,"template":"","format":"standard","meta":{"_monsterinsights_skip_tracking":false,"_monsterinsights_sitenote_active":false,"_monsterinsights_sitenote_note":"","_monsterinsights_sitenote_category":0,"footnotes":""},"categories":[5],"tags":[43675,1097,28167,2996],"class_list":["post-529751","post","type-post","status-publish","format-standard","has-post-thumbnail","hentry","category-estado-de-mexico","tag-estado-de-mexico","tag-huixquilucan","tag-trabajar","tag-unidad"],"_links":{"self":[{"href":"https:\/\/www.diarioimagen.net\/index.php?rest_route=\/wp\/v2\/posts\/529751","targetHints":{"allow":["GET"]}}],"collection":[{"href":"https:\/\/www.diarioimagen.net\/index.php?rest_route=\/wp\/v2\/posts"}],"about":[{"href":"https:\/\/www.diarioimagen.net\/index.php?rest_route=\/wp\/v2\/types\/post"}],"author":[{"embeddable":true,"href":"https:\/\/www.diarioimagen.net\/index.php?rest_route=\/wp\/v2\/users\/3"}],"replies":[{"embeddable":true,"href":"https:\/\/www.diarioimagen.net\/index.php?rest_route=%2Fwp%2Fv2%2Fcomments&post=529751"}],"version-history":[{"count":0,"href":"https:\/\/www.diarioimagen.net\/index.php?rest_route=\/wp\/v2\/posts\/529751\/revisions"}],"wp:featuredmedia":[{"embeddable":true,"href":"https:\/\/www.diarioimagen.net\/index.php?rest_route=\/wp\/v2\/media\/529839"}],"wp:attachment":[{"href":"https:\/\/www.diarioimagen.net\/index.php?rest_route=%2Fwp%2Fv2%2Fmedia&parent=529751"}],"wp:term":[{"taxonomy":"category","embeddable":true,"href":"https:\/\/www.diarioimagen.net\/index.php?rest_route=%2Fwp%2Fv2%2Fcategories&post=529751"},{"taxonomy":"post_tag","embeddable":true,"href":"https:\/\/www.diarioimagen.net\/index.php?rest_route=%2Fwp%2Fv2%2Ftags&post=529751"}],"curies":[{"name":"wp","href":"https:\/\/api.w.org\/{rel}","templated":true}]}}