{"id":529886,"date":"2021-12-10T00:01:10","date_gmt":"2021-12-10T06:01:10","guid":{"rendered":"https:\/\/www.diarioimagen.net\/?p=529886"},"modified":"2021-12-10T06:04:26","modified_gmt":"2021-12-10T12:04:26","slug":"con-policia-intermunicipal-combatiremos-el-crimen-en-tlalnepantla-rodriguez-hurtado","status":"publish","type":"post","link":"https:\/\/www.diarioimagen.net\/?p=529886","title":{"rendered":"Con Polic\u00eda Intermunicipal combatiremos el crimen en Tlalnepantla: Rodr\u00edguez\u00a0Hurtado"},"content":{"rendered":"<p>&nbsp;<\/p>\n<ul>\n<li><strong><em>Ya hay acuerdos con las alcald\u00edas vecinas para coordinarse<\/em><\/strong><\/li>\n<\/ul>\n<p>&nbsp;<\/p>\n<div id=\"attachment_529996\" style=\"width: 470px\" class=\"wp-caption aligncenter\"><a href=\"https:\/\/www.diarioimagen.net\/?attachment_id=529996\" rel=\"attachment wp-att-529996\"><img loading=\"lazy\" decoding=\"async\" aria-describedby=\"caption-attachment-529996\" class=\"size-full wp-image-529996\" src=\"https:\/\/www.diarioimagen.net\/wp-content\/uploads\/2021\/12\/toma-protesta.jpg\" alt=\"\" width=\"460\" height=\"270\" \/><\/a><p id=\"caption-attachment-529996\" class=\"wp-caption-text\">El edil Marco Antonio Rodr\u00edguez Hurtado, tras rendir protesta, se comprometi\u00f3 a combatir la incidencia delictiva en coordinaci\u00f3n con otras alcald\u00edas, con la Polic\u00eda Intermunicipal.<\/p><\/div>\n<p>&nbsp;<\/p>\n<p><strong>Tlalnepantla, Estado de M\u00e9xico.\u2014<\/strong> Tras rendir protesta como Presidente Municipal de Tlalnepantla 2022-2024, Marco Antonio Rodr\u00edguez Hurtado, se comprometi\u00f3 a combatir la incidencia delictiva en coordinaci\u00f3n con otras alcald\u00edas del entorno, con la Polic\u00eda Intermunicipal, que se coordinar\u00e1 con otras alcald\u00edas.<\/p>\n<p>Ante integrantes de los Cabildo saliente y entrante, representantes sociales, l\u00edderes religiosos, legisladores, el Gobernador del Estado de M\u00e9xico Alfredo del Mazo Maza, Marco Antonio Rodr\u00edguez Hurtado, abund\u00f3 que ya hay acuerdos con las alcald\u00edas vecinas para coordinarse en torno a esta nueva corporaci\u00f3n policial.<\/p>\n<p>En la hist\u00f3rica Ex Hacienda de Santa M\u00f3nica, el alcalde Tony Rodr\u00edguez agradeci\u00f3 la presencia del Gobernador Alfredo del Mazo Maza, se\u00f1al\u00f3 que ya tienen avanzada un plan para estable una polic\u00eda intermunicipal, que ayudar\u00e1 a combatir la delincuencia que afecta en las zonas lim\u00edtrofes.\u00a0 \u201cYa hemos tenido pl\u00e1ticas para ese fin, porque el de la inseguridad es un tema metropolitano que no distingue colores partidistas, hemos hablado con el alcalde de Nicol\u00e1s Romero, de Cuautitl\u00e1n Izcalli, Naucalpan, Atizap\u00e1n de Zaragoza, y esperamos di\u00e1logo con las alcald\u00edas de Gustavo A Madero y Azcapotzalco para trabajar en coordinaci\u00f3n programas de combate a la incidencia delictiva\u201d, dijo.<\/p>\n<p>Se trata de combatir coordinados el robo de transporte p\u00fablico, el robo a transporte de carga, a pasajeros, a casa habitaci\u00f3n, dijo Tony Rodr\u00edguez quien en ese sentido agreg\u00f3: \u201crecordemos que en la zona de Santa Cecilia tuvimos un caso lacerante, un conductor fue baleado tras un asalto, que fue uno de otros cr\u00edmenes que se cometen en la zona\u201d.<\/p>\n<p>Explic\u00f3 que la mayor cantidad de delitos ocurren en las \u00e1reas lim\u00edtrofes, \u201cpor eso se tiene que trabajar con programas de \u00edndole Metropolitano y con soluciones metropolitanas\u201d.<\/p>\n<p>En su turno el gobernador Alfredo del Mazo Maza aval\u00f3 la creaci\u00f3n de la polic\u00eda intermunicipal que operar\u00e1 en las alcald\u00edas del Valle de M\u00e9xico y al menos dos de la CDMX.<\/p>\n<p>El alcalde Tony Rodr\u00edguez quien, en este evento anunci\u00f3 el regreso de las estancias infantiles y comedores comunitarios, inform\u00f3 que se trata de compactar \u00e1reas para darles m\u00e1s funcionalidad como el regresar al personal m\u00e9dico del Instituto Municipal de Salud al DIF.<\/p>\n","protected":false},"excerpt":{"rendered":"<p>Tras rendir protesta como Presidente Municipal de Tlalnepantla 2022-2024, Marco Antonio Rodr\u00edguez Hurtado, se comprometi\u00f3 a combatir la incidencia delictiva en coordinaci\u00f3n con otras alcald\u00edas del entorno, con la Polic\u00eda Intermunicipal, que se coordinar\u00e1 con otras alcald\u00edas.<\/p>\n","protected":false},"author":3,"featured_media":529996,"comment_status":"open","ping_status":"open","sticky":false,"template":"","format":"standard","meta":{"_monsterinsights_skip_tracking":false,"_monsterinsights_sitenote_active":false,"_monsterinsights_sitenote_note":"","_monsterinsights_sitenote_category":0,"footnotes":""},"categories":[5],"tags":[43675,94213,169],"class_list":["post-529886","post","type-post","status-publish","format-standard","has-post-thumbnail","hentry","category-estado-de-mexico","tag-estado-de-mexico","tag-policia-intermunicipal","tag-tlalnepantla"],"_links":{"self":[{"href":"https:\/\/www.diarioimagen.net\/index.php?rest_route=\/wp\/v2\/posts\/529886","targetHints":{"allow":["GET"]}}],"collection":[{"href":"https:\/\/www.diarioimagen.net\/index.php?rest_route=\/wp\/v2\/posts"}],"about":[{"href":"https:\/\/www.diarioimagen.net\/index.php?rest_route=\/wp\/v2\/types\/post"}],"author":[{"embeddable":true,"href":"https:\/\/www.diarioimagen.net\/index.php?rest_route=\/wp\/v2\/users\/3"}],"replies":[{"embeddable":true,"href":"https:\/\/www.diarioimagen.net\/index.php?rest_route=%2Fwp%2Fv2%2Fcomments&post=529886"}],"version-history":[{"count":0,"href":"https:\/\/www.diarioimagen.net\/index.php?rest_route=\/wp\/v2\/posts\/529886\/revisions"}],"wp:featuredmedia":[{"embeddable":true,"href":"https:\/\/www.diarioimagen.net\/index.php?rest_route=\/wp\/v2\/media\/529996"}],"wp:attachment":[{"href":"https:\/\/www.diarioimagen.net\/index.php?rest_route=%2Fwp%2Fv2%2Fmedia&parent=529886"}],"wp:term":[{"taxonomy":"category","embeddable":true,"href":"https:\/\/www.diarioimagen.net\/index.php?rest_route=%2Fwp%2Fv2%2Fcategories&post=529886"},{"taxonomy":"post_tag","embeddable":true,"href":"https:\/\/www.diarioimagen.net\/index.php?rest_route=%2Fwp%2Fv2%2Ftags&post=529886"}],"curies":[{"name":"wp","href":"https:\/\/api.w.org\/{rel}","templated":true}]}}