{"id":529911,"date":"2021-12-10T00:01:09","date_gmt":"2021-12-10T06:01:09","guid":{"rendered":"https:\/\/www.diarioimagen.net\/?p=529911"},"modified":"2021-12-10T04:29:41","modified_gmt":"2021-12-10T10:29:41","slug":"senadores-agachones","status":"publish","type":"post","link":"https:\/\/www.diarioimagen.net\/?p=529911","title":{"rendered":"Senadores agachones"},"content":{"rendered":"<h2>De pe a pa<\/h2>\n<h5>Alberto Vieyra G.<\/h5>\n<p>&nbsp;<\/p>\n<p>El Senado mexicano que preside la ex ministra de la Corte, Olga S\u00e1nchez Cordero, cuyo trabajo al frente de Gobernaci\u00f3n dej\u00f3 mucho que desear, declin\u00f3 promover una controversia constitucional contra el \u201cdecretazo\u201d de AMLO, disfrazado de \u201cacuerdo\u201d para las obras p\u00fablicas sean consideradas de inter\u00e9s p\u00fablico y seguridad nacional, lo cual impedir\u00e1 que los ciudadanos podamos conocer en d\u00f3nde estuvieron los trinquetes con nuestros dineros p\u00fablicos aprobados por el Congreso de la Uni\u00f3n.<\/p>\n<p>La negativa de la se\u00f1ora S\u00e1nchez Cordero para evitar que AMLO monte en c\u00f3lera en contra de sus incondicionales senadores agachones, ser\u00e1 el INAI la instituci\u00f3n quien impugnar\u00e1 ante la Suprema Corte el \u201cdecretazo\u201d de AMLO para que impere la transparencia en el gobierno y no la opacidad, que haga pensar a la gente que hay <em>gato encerrado<\/em> en toda la obra p\u00fablica del gobierno federal. Lo que AMLO quiere es que ni usted, ni yo sepamos en qu\u00e9 se gastan nuestros dineros p\u00fablicos, lo cual evitar\u00e1 que la Auditor\u00eda Superior de la Federaci\u00f3n no pueda llevar a cabo auditor\u00edas correspondientes para saber d\u00f3nde hubo trinquetes sexenales.<\/p>\n<p>El acuerdo publicado el pasado 22 de noviembre incluye proyectos y obras ligadas a los sectores de telecomunicaciones, aduanero, fronterizo, hidr\u00e1ulico, h\u00eddrico, medio ambiente, tur\u00edstico, salud, v\u00edas f\u00e9rreas, ferrocarriles en todas sus modalidades, puertos y aeropuertos; adem\u00e1s de aquellos que \u201cpor su objeto, caracter\u00edsticas, naturaleza, complejidad y magnitud, se consideren prioritarios o estrat\u00e9gicos para el desarrollo nacional\u201d. AMLO quiere que todo sea oscuro en el r\u00e9gimen de la \u201cCuarta Transformaci\u00f3n\u201d y eso es violatorio del art\u00edculo 108 constitucional. Una constante en el dizque r\u00e9gimen de la \u201cCuarta Transformaci\u00f3n\u201d es la violaci\u00f3n a la Constituci\u00f3n y las leyes que de ella emanan. AMLO se pinta solo en eso de lo extralegal.<\/p>\n<p>El INAI, a trav\u00e9s de su presidenta, Blanca Lilia Ibarra Cadena, fundamenta su querella ante la Corte aduciendo vicios de institucionalidad y a\u00f1ade: \u201cUno de los principales ejes en los que se fundament\u00f3 la controversia constitucional radica en el art\u00edculo 108 de la Ley General de Transparencia y Acceso a la Informaci\u00f3n P\u00fablica, donde se especifica que \u201cno se pueden emitir acuerdos de car\u00e1cter general ni particular que clasifiquen documentos o informaci\u00f3n como reservada\u201d, principal punto a cuestionar del \u201cdecretazo\u201d impulsado por AMLO.<\/p>\n<p>Este \u201cdecretazo\u201d disfrazado de \u201cacuerdo\u201d esperar\u00e1 en la Corte a que le toque turno para determinar su inconstitucionalidad, como ocurrir\u00e1 con otro decretazo de mayo pasado, en el que AMLO militariza al pa\u00eds as\u00ed nom\u00e1s por sus pistolas.<\/p>\n<p>Pero, en lo que son peras o son manzanas ha vuelto a llamar poderosamente la atenci\u00f3n la perorata de AMLO en la que culpa de todos los males que vive el pa\u00eds a la \u201cmafia del poder\u201d. \u00bfCu\u00e1l \u201cmafia del poder\u201d, la que se fue, la que est\u00e1, las mafias criminales o la mafia del poder empresarial? \u00bfA qu\u00e9 mafias se refiere AMLO con ese tan gastado discurso con el que ha enga\u00f1ado a los mexicanos? \u00bfNo le parece a usted que ya es hora de que se ponga a chambear y se deje de culpar a los sexenios que le antecedieron, o sea, de ver la paja del ojo ajeno y no la viga en el ojo propio?<\/p>\n<p>AMLO ha utilizado como recurso ret\u00f3rico, de simulaci\u00f3n pol\u00edtica y de enga\u00f1o a los mexicanos el hacerse pasar como v\u00edctima, de que todo mundo lo critica y lo vapulea en los medios de comunicaci\u00f3n, a los que reiteradamente llama \u201cel hampa del periodismo\u201d. Los rancheros all\u00e1 en mi tierra dicen que el que se r\u00ede se lleva y el que se lleva, pos se aguanta.<\/p>\n<p><a href=\"mailto:info@agenciamn.com\" target=\"_blank\" rel=\"noopener noreferrer\"><em>nfo@agenciamn.com<\/em><\/a><\/p>\n","protected":false},"excerpt":{"rendered":"<p><span style=\"color: #005497;\"><strong>Alberto Vieyra G.<\/strong><\/span><\/p>\n","protected":false},"author":3,"featured_media":0,"comment_status":"open","ping_status":"open","sticky":false,"template":"","format":"standard","meta":{"_monsterinsights_skip_tracking":false,"_monsterinsights_sitenote_active":false,"_monsterinsights_sitenote_note":"","_monsterinsights_sitenote_category":0,"footnotes":""},"categories":[4596],"tags":[43697,4597,43674],"class_list":["post-529911","post","type-post","status-publish","format-standard","hentry","category-alberto-vieyra-g","tag-alberto-vieyra-g","tag-de-pe-a-pa","tag-opinion"],"_links":{"self":[{"href":"https:\/\/www.diarioimagen.net\/index.php?rest_route=\/wp\/v2\/posts\/529911","targetHints":{"allow":["GET"]}}],"collection":[{"href":"https:\/\/www.diarioimagen.net\/index.php?rest_route=\/wp\/v2\/posts"}],"about":[{"href":"https:\/\/www.diarioimagen.net\/index.php?rest_route=\/wp\/v2\/types\/post"}],"author":[{"embeddable":true,"href":"https:\/\/www.diarioimagen.net\/index.php?rest_route=\/wp\/v2\/users\/3"}],"replies":[{"embeddable":true,"href":"https:\/\/www.diarioimagen.net\/index.php?rest_route=%2Fwp%2Fv2%2Fcomments&post=529911"}],"version-history":[{"count":0,"href":"https:\/\/www.diarioimagen.net\/index.php?rest_route=\/wp\/v2\/posts\/529911\/revisions"}],"wp:attachment":[{"href":"https:\/\/www.diarioimagen.net\/index.php?rest_route=%2Fwp%2Fv2%2Fmedia&parent=529911"}],"wp:term":[{"taxonomy":"category","embeddable":true,"href":"https:\/\/www.diarioimagen.net\/index.php?rest_route=%2Fwp%2Fv2%2Fcategories&post=529911"},{"taxonomy":"post_tag","embeddable":true,"href":"https:\/\/www.diarioimagen.net\/index.php?rest_route=%2Fwp%2Fv2%2Ftags&post=529911"}],"curies":[{"name":"wp","href":"https:\/\/api.w.org\/{rel}","templated":true}]}}