{"id":529915,"date":"2021-12-10T00:05:43","date_gmt":"2021-12-10T06:05:43","guid":{"rendered":"https:\/\/www.diarioimagen.net\/?p=529915"},"modified":"2021-12-10T04:32:05","modified_gmt":"2021-12-10T10:32:05","slug":"aparato-de-justicia-inservible","status":"publish","type":"post","link":"https:\/\/www.diarioimagen.net\/?p=529915","title":{"rendered":"Aparato de justicia inservible"},"content":{"rendered":"<h2>Perfil de M\u00e9xico<\/h2>\n<h5>Armando R\u00edos Ruiz<\/h5>\n<p>&nbsp;<\/p>\n<p>\u00bfCu\u00e1ntos miles de millones de pesos cuesta el enorme aparato de justicia, con sus fiscal\u00edas General de la Rep\u00fablica, de la Ciudad de M\u00e9xico, de los estados? \u00bfCon la Suprema Corte, Consejo de la Judicatura? \u00bfCon todo el despliegue que representa la Guardia Nacional, las polic\u00edas capitalinas, tanto preventivas como judiciales? \u00bfCon las corporaciones encargadas de perseguir el delito en las entidades del pa\u00eds y hasta en pa\u00edses diferentes?<\/p>\n<p>No encontr\u00e9 el dato y para armarlo tendr\u00eda que recurrir al presupuesto de cada entidad que interviene en todo el sistema, para darnos una idea de lo cuantioso que debe ser la procuraci\u00f3n e impartici\u00f3n de justicia. La prevenci\u00f3n, la persecuci\u00f3n del delito. El mantenimiento de las c\u00e1rceles del pa\u00eds y todo lo que se mueve adentro, desde el personal administrativo, el operativo y los reos que purgan condenas.<\/p>\n<p>De todos formas, debe ser de muchos miles de millones de pesos mensuales que pr\u00e1cticamente se tiran a la basura en un pa\u00eds en donde desde el principio de la actual administraci\u00f3n, se puso el ejemplo sobre la forma de dilapidar el numerario que pertenece al pueblo de M\u00e9xico \u2212porque gracias a \u00e9l ha sido posible conseguirlo\u2212 y que su Presidente, sin la menor congoja arroja a un pozo sin fondo. Verbigracia, la desaparici\u00f3n del aeropuerto de Texcoco.<\/p>\n<p>No s\u00f3lo desapareci\u00f3 el aeropuerto. Tambi\u00e9n cientos de instituciones que ten\u00edan su funci\u00f3n espec\u00edfica y necesaria, como el Fonden y otras parecidas.<\/p>\n<p>\u00bfPor qu\u00e9 no desaparecer ahora toda la maquinaria apuntada l\u00edneas arriba, si no tiene ning\u00fan caso mantenerla? El dinero que se emplea en ella podr\u00eda servir para regalarlo ahora a los j\u00f3venes a punto de cumplir 18 a\u00f1os y que en breve se convertir\u00e1n en votos seguros para quien no tiene ning\u00fan empacho en dilapidarlo. De esa forma podr\u00eda anticipar y ampliar su espectro de adoradores.<\/p>\n<p>Lo anterior viene a colaci\u00f3n por las revelaciones hechas apenas por el Inegi, con datos de la Encuesta Nacional de Victimizaci\u00f3n y Percepci\u00f3n sobre Seguridad P\u00fablica, en el sentido de que el a\u00f1o anterior, m\u00e1s de 21 millones de mexicanos fueron v\u00edctimas de la delincuencia en el pa\u00eds. Afirma que en 93.3 por ciento der los delitos no hubo denuncia o la autoridad no inici\u00f3 una carpeta de investigaci\u00f3n. A pesar del elevado n\u00famero de il\u00edcitos, fue menor que en 2019. La encuesta aprecia que la pandemia ayud\u00f3 a esa peque\u00f1a reducci\u00f3n.<\/p>\n<p>\u00bfA qu\u00e9 obedece todo esto? Obviamente, a la t\u00e1ctica absurda de no perseguir los actos delictivos. Las autoridades encargadas se preocupan por convencer de que siempre est\u00e1 a la baja. Eso lo he escuchado a lo largo de mi vida. Por eso, en una ocasi\u00f3n asegur\u00e9 que si la incidencia realmente bajara con cada nuevo funcionario, M\u00e9xico ya estar\u00eda en competencia con los pa\u00edses europeos que han cerrado sus c\u00e1rceles por falta de delincuentes.<\/p>\n<p>Eso es tambi\u00e9n la consecuencia de una t\u00e1ctica por dem\u00e1s equivocada y hasta ofensiva, de dar abrazos a los delincuentes, que oculta la verdadera intenci\u00f3n, de dejarlos actuar a sus anchas, a cambio de que coadyuven con ciertas tareas de gobierno. Desde hace tiempo sabemos que el crimen no prospera, si la autoridad no quiere. Es necesario el concurso de \u00e9sta.<\/p>\n<p>Desde hace varias d\u00e9cadas, muchos mexicanos sabemos de la complicidad de unos y otros. Pero es la primera vez que escuchamos un consentimiento expl\u00edcito a los criminales, animados por expresiones que coadyuvan abiertamente a impulsar el delito, mientras las instituciones encargadas de reducirlo duermen.<\/p>\n<p>El informe es detallado. Utilizamos s\u00f3lo datos que pueden interesar al lector. Dice tambi\u00e9n que el costo total a consecuencia de la inseguridad y el delito en hogares represent\u00f3 un monto de\u00a0277.6 mil millones de pesos, es decir, 1.85 por ciento del PIB. Ya podemos imaginar el tama\u00f1o de la erogaci\u00f3n, si tomamos en cuenta el gasto en instituciones que no funcionan. Pero el gobierno de un pa\u00eds pobre se comporta como si lo fuera del m\u00e1s rico del mundo.<\/p>\n<p><a href=\"mailto:ariosruiz@gmail.com\" target=\"_blank\" rel=\"noopener noreferrer\"><em>ariosruiz@gmail.com<\/em><\/a><\/p>\n","protected":false},"excerpt":{"rendered":"<p><span style=\"color: #005497;\"><strong>Armando R\u00edos Ruiz<\/strong><\/span><\/p>\n","protected":false},"author":3,"featured_media":0,"comment_status":"open","ping_status":"open","sticky":false,"template":"","format":"standard","meta":{"_monsterinsights_skip_tracking":false,"_monsterinsights_sitenote_active":false,"_monsterinsights_sitenote_note":"","_monsterinsights_sitenote_category":0,"footnotes":""},"categories":[88405],"tags":[88407,43674,91193],"class_list":["post-529915","post","type-post","status-publish","format-standard","hentry","category-armando-rios-ruiz","tag-armando-rios-ruiz","tag-opinion","tag-perfil-de-mexico"],"_links":{"self":[{"href":"https:\/\/www.diarioimagen.net\/index.php?rest_route=\/wp\/v2\/posts\/529915","targetHints":{"allow":["GET"]}}],"collection":[{"href":"https:\/\/www.diarioimagen.net\/index.php?rest_route=\/wp\/v2\/posts"}],"about":[{"href":"https:\/\/www.diarioimagen.net\/index.php?rest_route=\/wp\/v2\/types\/post"}],"author":[{"embeddable":true,"href":"https:\/\/www.diarioimagen.net\/index.php?rest_route=\/wp\/v2\/users\/3"}],"replies":[{"embeddable":true,"href":"https:\/\/www.diarioimagen.net\/index.php?rest_route=%2Fwp%2Fv2%2Fcomments&post=529915"}],"version-history":[{"count":0,"href":"https:\/\/www.diarioimagen.net\/index.php?rest_route=\/wp\/v2\/posts\/529915\/revisions"}],"wp:attachment":[{"href":"https:\/\/www.diarioimagen.net\/index.php?rest_route=%2Fwp%2Fv2%2Fmedia&parent=529915"}],"wp:term":[{"taxonomy":"category","embeddable":true,"href":"https:\/\/www.diarioimagen.net\/index.php?rest_route=%2Fwp%2Fv2%2Fcategories&post=529915"},{"taxonomy":"post_tag","embeddable":true,"href":"https:\/\/www.diarioimagen.net\/index.php?rest_route=%2Fwp%2Fv2%2Ftags&post=529915"}],"curies":[{"name":"wp","href":"https:\/\/api.w.org\/{rel}","templated":true}]}}