{"id":529923,"date":"2021-12-10T00:11:16","date_gmt":"2021-12-10T06:11:16","guid":{"rendered":"https:\/\/www.diarioimagen.net\/?p=529923"},"modified":"2021-12-10T04:38:55","modified_gmt":"2021-12-10T10:38:55","slug":"un-sustituto-para-adan-a-lopez","status":"publish","type":"post","link":"https:\/\/www.diarioimagen.net\/?p=529923","title":{"rendered":"\u00bfUn sustituto para Ad\u00e1n A. L\u00f3pez?"},"content":{"rendered":"<h2>\u00cdndice pol\u00edtico<\/h2>\n<h5>Francisco Rodr\u00edguez<\/h5>\n<p>&nbsp;<\/p>\n<ul>\n<li><strong><em>Jaime Bonilla ya dio el \u201cyes\u201d<\/em><\/strong><\/li>\n<li><strong><em>\u00bfQui\u00e9n es el dirigente del PRI?<\/em><\/strong><\/li>\n<\/ul>\n<p>&nbsp;<\/p>\n<p>Pidi\u00f3 unos meses para <strong>disfrutar la vida<\/strong> al lado de su familia.<\/p>\n<p>Estaba por concluir su <strong>breve mandato<\/strong> como gobernador.<\/p>\n<p>La invitaci\u00f3n fue <strong>generosa<\/strong>, tanto o m\u00e1s como \u00e9l lo hab\u00eda sido en el pasado con quien lo sigui\u00f3 llamando a participar a su lado.<\/p>\n<p>Que escogiera del men\u00fa de <strong>opciones<\/strong>:<\/p>\n<p>Infraestructura&#8230;<\/p>\n<p>&#8230;Bienestar&#8230;<\/p>\n<p>&#8230;alguna otra que le gustara y acomodara.<\/p>\n<p>Insisti\u00f3:<\/p>\n<p>\u201cDame unos meses. Tengo mucho de ni siquiera ver a mis nietos.\u201d<\/p>\n<p>Y s\u00ed, <strong>le dio unos meses<\/strong> de <em>relax<\/em>.<\/p>\n<p>Aunque eso significara sostener durante m\u00e1s tiempo a quienes, dice \u00e9l, <strong>no le sirven<\/strong>&#8230;<\/p>\n<p>Ni en Infraestructura&#8230;<\/p>\n<p>&#8230;ni en Bienestar&#8230;<\/p>\n<p>&#8230;ni en otras que no le gustan ni le acomodan.<\/p>\n<p>Finalmente, parece que <strong>la invitaci\u00f3n ya fue aceptada<\/strong>.<\/p>\n<p>Y que, a partir del inicio de 2022, <strong>el invitado se mudar\u00e1 de San Diego a la capital federal mexicana<\/strong>, cabe aclarar&#8230; excepto algunos fines de semana que regresar\u00e1 a la frontera norte \u2013o <em>south of the border<\/em>, seg\u00fan desde donde \u00e9l vea la <strong>l\u00ednea divisoria<\/strong>&#8211; a disfrutar la vida con sus nietos.<\/p>\n<p>Y no, todo indica que <strong>no ser\u00e1 en Infraestructura<\/strong>&#8230;<\/p>\n<p>&#8230; <strong>ni en Bienestar<\/strong>&#8230;<\/p>\n<p>&#8230;que la que le gusta y le acomoda est\u00e1 ubicada en el Palacete de los Covi\u00e1n, justo en el a\u00f1oso <strong>Paseo de Bucareli<\/strong>.\u00a0 \u00bfViene <strong>Jaime Bonilla Valdez<\/strong> a la CDMX a relevar a <strong>Ad\u00e1n Augusto L\u00f3pez<\/strong>?<\/p>\n<p>\u00bfYa en enero pr\u00f3ximo?<\/p>\n<p>\u00bfO como <strong>subsecretario de Gobernaci\u00f3n<\/strong>&#8230; para ascender a la titularidad cuando este otro tabasque\u00f1o sea <strong>postulado por Morena<\/strong> a la Presidencia de la Rep\u00fablica?<\/p>\n<p>\u00bfUsted qu\u00e9 cree?<\/p>\n<p style=\"text-align: center;\"><strong>Videgaray endeud\u00f3 a Pemex<\/strong><\/p>\n<p>La atenci\u00f3n p\u00fablica se ha centrado en el muchachito \u2013hijo de papi, veees- <strong>Emilio Lozoya<\/strong> y lo ha convertido en el perro del mal, como si fuera el \u00fanico causante de la desastrosa situaci\u00f3n que vive Petr\u00f3leos Mexicanos en la actualidad. No lo es.<\/p>\n<p>Cosas que son del <strong>Pacto de Impunidad EPN-AMLO<\/strong> ni el ex presidente ni su \u201ccerebro\u201d <strong>Luis Videgaray<\/strong> han recibido siquiera la mirada inquisidora de la Fiscal\u00eda General.<\/p>\n<p>Antes, todo lo contrario.<\/p>\n<p>Pe\u00f1a Nieto, <strong>el brib\u00f3n toluquita<\/strong>, est\u00e1 instalado en Europa en <em>il dolce far niente<\/em> que usted que <em>parla l\u2019italiano <\/em>bien sabe que es el placer de no hacer nada. O sea<strong>, igual que cuando estuvo en Los Pinos<\/strong>.<\/p>\n<p>Y el que alguna vez fuera nombrado \u201cel financiero del a\u00f1o\u201d por un pasqu\u00edn que se edita en Miami, Videgaray, est\u00e1 en Cambridge, Massachusetts, <strong>iluminando con sus vastos conocimientos<\/strong> a la muchachada que asiste al <em>Em Ay T\u00ed<\/em>. \u00a1Pobres j\u00f3venes con tan destacado mentor!<\/p>\n<p>Ambos, entre otros, son <strong>responsables del enorme endeudamiento<\/strong> de la petrolera nacional.<\/p>\n<p>Porque, mire usted, <strong>hasta 2012<\/strong>, cuando a M\u00e9xico le cay\u00f3 la desgracia inventada por Televisa del dizque gobierno pe\u00f1ista, Pemex deb\u00eda <strong>40 mil millones de d\u00f3lares<\/strong>. Una deuda manejable.<\/p>\n<p>Pero, al t\u00e9rmino de la pesadilla que nos causaran <strong>las rater\u00edas de la <em>tolucopachucracia<\/em><\/strong>, los pasivos de la (mal) llamada empresa productiva del Estado ya ascend\u00edan a \u00a1<strong>100 mil millones<\/strong> de billetes verdes!<\/p>\n<p>En seis a\u00f1os los genios de la SHCP y de Petr\u00f3leos Mexicanos, Videgaray, Lozoya, <strong>Jos\u00e9 Antonio Meade, Jos\u00e9 Antonio Gonz\u00e1lez Anaya<\/strong>&#8230; y banda que los acompa\u00f1aba, le agregaron <strong>60 mil millones<\/strong> de d\u00f3lares a la deuda. \u00a1Una barbaridad!<\/p>\n<p>Hoy, Pemex debe alrededor de <strong>112 mil millones<\/strong> de <em>US currency<\/em>.<\/p>\n<p>La administraci\u00f3n de <strong>AMLO le ha agregado 12 mil millones m\u00e1s<\/strong>.<\/p>\n<p>Y del presupuesto, del dinero que aportamos los pagaimpuestos, el a\u00f1o pasado <strong>ya le dimos 4 mil 400 millones<\/strong> de verdes.<\/p>\n<p>Y en estos d\u00edas ir\u00e1n a las arcas del enorme edificio ubicado en la calzada de Marina Nacional <strong>otros 3 mil 500 millones<\/strong> m\u00e1s.<\/p>\n<p>Tal es, someramente, la imagen del <strong>desastre financiero<\/strong> que se vive en Pemex.<\/p>\n<p>Y <strong>ninguno de los responsables<\/strong>, ni siquiera Lozoya Austin, han recibido cuando menos la condena popular.\u00a0 De las <strong>acciones penales mejor ni hablamos<\/strong>.<\/p>\n<p>Ah\u00ed est\u00e1, como <strong>sombrilla protectora<\/strong>, el Pacto de Impunidad firmado por EPN y por L\u00f3pez Obrador.<\/p>\n<p>La dizque <strong>honestidad valiente<\/strong>, jejeje.<\/p>\n<p style=\"text-align: center;\"><strong>Indicios<\/strong><\/p>\n<p>\u00bfQui\u00e9n conoce al joven <strong>(<em>vand<\/em>)<em>Alito<\/em><\/strong>? Tal podr\u00eda ser la respuesta a la <strong>grosera<\/strong> respuesta que el presidente del CEN pri\u00edsta diera a la encuesta del diario <em>Reforma<\/em> que, entre sus precandidatos a la Presidencia de la Rep\u00fablica 2024-2030, coloc\u00f3 a <strong>Luis Donaldo Colosio Riojas<\/strong>? De verdad, \u00bfqui\u00e9n conoce al campechano? \u00bfCu\u00e1les son sus obras? \u00bfQu\u00e9 discursos est\u00e1n a la altura de los mejores oradores que ha tenido el tricolor? Y, lo m\u00e1s importante, \u00bfcu\u00e1les son los triunfos electorales de <strong>Alejandro Moreno C\u00e1rdenas<\/strong>? Hasta ahora lo \u00fanico que lo distingue entre otros son sus propiedades inmobiliarias y ser el mejor comprador de muchas de las tiendas que se ubicaban, antes de la pandemia, en la rumbosa avenida Presidente Mazaryk. * * * Y seg\u00fan ha trascendido a quien aparentemente <strong>ya se le cay\u00f3 la embajada mexicana<\/strong> ubicada en la Villa del Oso y del Madro\u00f1o es al sinaloense <strong>Quirino Ordaz Coppel<\/strong>. Su periodo sexenal en el Palacio de Gobierno en Culiac\u00e1n fue de pura saliva y de menciones bien pagadas en medios de comunicaci\u00f3n. Un <strong>hueco cascar\u00f3n<\/strong>. El saldo: <strong>entreg\u00f3 la entidad al <\/strong>narco para Morena. Y eso lo saben en el gobierno que el PSOE lleva para sus majestades hispanas. * * * Lo cort\u00e9s no debe quitar lo exigente. Mal, muy <strong>mal se vieron los alcaldes<\/strong> de CDMX opositores a <strong>Claudia Sheinbaum<\/strong> que no asistieron a la lectura del informe de la jefa de Gobierno. Encabezados por los aliancistas <strong>Lim\u00f3n <\/strong>y<strong> Tabe<\/strong> dejaron muy mal sabor de boca entre sus electores. * * * Mis m\u00e1s sinceras <strong>felicitaciones a los colegas<\/strong> que este jueves fueron galardonados por el <strong>Club de Periodistas <\/strong>que encabezan <strong>Mouris Salloum<\/strong> y <strong>Celeste Sa\u00e9nz de Miera<\/strong>. \u00a1Abrazo respetuoso para todos! * * * Por hoy es todo. Le agradezco la lectura a estas l\u00edneas, dese\u00e1ndole un muy feliz <strong>fin de semana guadalupano<\/strong> y, como siempre, que tenga usted \u00a1buenas gracias y muchos, muchos d\u00edas!<\/p>\n<p><em><u><a href=\"http:\/\/www.indicepolitico.com\" target=\"_blank\" rel=\"noopener noreferrer\">www.indicepolitico.com<\/a><\/u><u><br \/>\n<\/u><a href=\"mailto:indicepolitico@gmail.com\" target=\"_blank\" rel=\"noopener noreferrer\">indicepolitico@gmail.com<\/a><\/em><br \/>\n<em><a href=\"https:\/\/twitter.com\/indicepolitico?lang=es\" target=\"_blank\" rel=\"noopener noreferrer\">@IndicePolitico<\/a><\/em><br \/>\n<em><u><a href=\"https:\/\/twitter.com\/pacorodriguez\" target=\"_blank\" rel=\"noopener noreferrer\">@pacorodriguez<\/a><\/u><\/em><\/p>\n","protected":false},"excerpt":{"rendered":"<p><span style=\"color: #005497;\"><strong>Francisco Rodr\u00edguez<\/strong><\/span><br \/>\n<br \/>\nPidi\u00f3 unos meses para <strong>disfrutar la vida<\/strong> al lado de su familia.   Estaba por concluir su <strong>breve mandato<\/strong> como gobernador.<\/p>\n","protected":false},"author":3,"featured_media":0,"comment_status":"open","ping_status":"open","sticky":false,"template":"","format":"standard","meta":{"_monsterinsights_skip_tracking":false,"_monsterinsights_sitenote_active":false,"_monsterinsights_sitenote_note":"","_monsterinsights_sitenote_category":0,"footnotes":""},"categories":[549],"tags":[43689,550,43674],"class_list":["post-529923","post","type-post","status-publish","format-standard","hentry","category-francisco-rodriguez","tag-francisco-rodriguez","tag-indice-politico","tag-opinion"],"_links":{"self":[{"href":"https:\/\/www.diarioimagen.net\/index.php?rest_route=\/wp\/v2\/posts\/529923","targetHints":{"allow":["GET"]}}],"collection":[{"href":"https:\/\/www.diarioimagen.net\/index.php?rest_route=\/wp\/v2\/posts"}],"about":[{"href":"https:\/\/www.diarioimagen.net\/index.php?rest_route=\/wp\/v2\/types\/post"}],"author":[{"embeddable":true,"href":"https:\/\/www.diarioimagen.net\/index.php?rest_route=\/wp\/v2\/users\/3"}],"replies":[{"embeddable":true,"href":"https:\/\/www.diarioimagen.net\/index.php?rest_route=%2Fwp%2Fv2%2Fcomments&post=529923"}],"version-history":[{"count":0,"href":"https:\/\/www.diarioimagen.net\/index.php?rest_route=\/wp\/v2\/posts\/529923\/revisions"}],"wp:attachment":[{"href":"https:\/\/www.diarioimagen.net\/index.php?rest_route=%2Fwp%2Fv2%2Fmedia&parent=529923"}],"wp:term":[{"taxonomy":"category","embeddable":true,"href":"https:\/\/www.diarioimagen.net\/index.php?rest_route=%2Fwp%2Fv2%2Fcategories&post=529923"},{"taxonomy":"post_tag","embeddable":true,"href":"https:\/\/www.diarioimagen.net\/index.php?rest_route=%2Fwp%2Fv2%2Ftags&post=529923"}],"curies":[{"name":"wp","href":"https:\/\/api.w.org\/{rel}","templated":true}]}}