{"id":529940,"date":"2021-12-10T00:12:25","date_gmt":"2021-12-10T06:12:25","guid":{"rendered":"https:\/\/www.diarioimagen.net\/?p=529940"},"modified":"2021-12-10T04:46:22","modified_gmt":"2021-12-10T10:46:22","slug":"premio-nacional-de-periodismo-para-el-senado","status":"publish","type":"post","link":"https:\/\/www.diarioimagen.net\/?p=529940","title":{"rendered":"Premio Nacional de Periodismo para el Senado\u00a0"},"content":{"rendered":"<h2>Tras la puerta del poder<\/h2>\n<h5>Roberto Vizca\u00edno<\/h5>\n<p>&nbsp;<\/p>\n<p>En estos tiempos de oscurantismo, regresi\u00f3n y perfiles autoritarios recibir un Premio Nacional de Periodismo y que \u00e9ste sea otorgado en reconocimiento a avances y logros en innovaci\u00f3n, es sin duda algo que satisface el doble.<\/p>\n<p>As\u00ed lo disfrutaron ayer, tanto <strong>Ricardo Monreal<\/strong>, presidente de la Junta de Coordinaci\u00f3n Pol\u00edtica, como el periodista y comunic\u00f3logo <strong>Abelardo Mart\u00edn<\/strong>, coordinador de Comunicaci\u00f3n Social del Senado de la Rep\u00fablica.<\/p>\n<p>Y es que ambos, y la instituci\u00f3n que representan, fueron reconocidos por el Club de Periodistas con el Premio Nacional de Periodismo por su moderna y funcional plataforma digital de comunicaci\u00f3n.<\/p>\n<p>Una herramienta a la que acuden diariamente cientos de miles de internautas entre estudiantes, investigadores, ciudadanos comunes, empresarios, observadores pol\u00edticos, funcionarios, y otros muchos en busca de informaci\u00f3n plural sobre noticias, declaraciones, posicionamientos, iniciativas, leyes y perfiles de senadores y senadoras.<\/p>\n<p>El Club de Periodistas consider\u00f3 que esta plataforma surge de una conducci\u00f3n pol\u00edtica y de comunicaci\u00f3n social comprometida con la transparencia y los mayores avances digitales y de nuevas tecnolog\u00edas de la informaci\u00f3n.<\/p>\n<p><strong>Ricardo Monreal<\/strong> indic\u00f3 que esta plataforma se ha convertido en referencia de medios de comunicaci\u00f3n e internautas, lo que se refleja en el crecimiento totalmente org\u00e1nico de seguidores de sus redes: Facebook, Twitter, YouTube, Instagram, Spotify y Telegram, los cuales suman ya m\u00e1s de un mill\u00f3n 300 mil.<\/p>\n<p style=\"text-align: center;\"><strong>Monreal: no soy el preferido, soy el id\u00f3neo\u00a0\u00a0 <\/strong><\/p>\n<p>Sin duda, eje de la mayor atracci\u00f3n medi\u00e1tica y pol\u00edtica en la adelantad\u00edsima sucesi\u00f3n presidencial que vive M\u00e9xico, el zacatecano <strong>Ricardo Monreal <\/strong>continu\u00f3 ayer en ese juego en el que todos los d\u00edas avanza y modela v\u00eda, los medios informativos, su perfil de precandidato efectivo, p\u00fablico, para la Presidencia de la Rep\u00fablica.<\/p>\n<p>Ese juego implica ir d\u00eda a d\u00eda a un reto, desaf\u00edo hacia <strong>Andr\u00e9s Manuel L\u00f3pez Obrador<\/strong> dentro una riesgosa danza discursiva que lo coloca al filo de la navaja con el mandatario m\u00e1s poderoso que haya tenido el pa\u00eds en d\u00e9cadas.<\/p>\n<p>\u201cSoy un socio y no un subordinado de <strong>L\u00f3pez Obrador<\/strong>\u201d, aclara para tomar distancia del voluntarismo del mandatario.<\/p>\n<p>Y ya metido en eso, subraya que tampoco es una \u201ccorcholata\u201d en ese juego de sucesi\u00f3n abierta por <strong>AMLO<\/strong>.<\/p>\n<p>\u201cYo tengo dignidad\u201d, afirma para exponer las condiciones de sumisi\u00f3n en que transitan <strong>Marcelo Ebrard<\/strong> y <strong>Claudia Sheinbaum <\/strong>dentro de este proceso sucesorio.<\/p>\n<p>Y, en charla con Joaqu\u00edn L\u00f3pez-D\u00f3riga, reconoce que tal como se han presentado y transitan las cosas en este proceso, no hay ni equilibrio ni \u201cpiso parejo\u201d entre los aspirantes.<\/p>\n<p>Cierto, dijo, hay \u201cse\u00f1ales\u201d que advierten que <strong>Claudia Sheinbaum<\/strong> es la preferida.\u00a0 Pero considera que frente a eso \u00e9l se sabe c\u00f3mo el id\u00f3neo porque, explica, el Presidente <em>sabe que no debe poner en riesgo el triunfo y la continuidad o continuaci\u00f3n de un proyecto pol\u00edtico que \u00e9l encabez\u00f3 en 2018<\/em>.<\/p>\n<p>\u00bfSer\u00e1?<\/p>\n<p style=\"text-align: center;\"><strong>Aguilar Castillo, adelante&#8230;<br \/>\n<\/strong><\/p>\n<p>Y ya que andamos en destapes adelantados, ayer se inform\u00f3 que en un sondeo preliminar v\u00eda redes sociales en el Estado de M\u00e9xico, quien sali\u00f3 muy muy adelante fue el diputado federal priista y secretario de Organizaci\u00f3n del CEN tricolor, Ricardo Aguilar Castillo.<\/p>\n<p>\u00a1Cierto!, faltan dos a\u00f1os para esas elecciones, pero si la presidencial ya est\u00e1 abierta por qu\u00e9 no la gubernatura del Estado de M\u00e9xico podr\u00eda comenzar a ser analizada.<\/p>\n<p>En ese sondeo <strong>Aguilar Castillo <\/strong>super\u00f3 al panista <strong>Enrique Vargas<\/strong>, a la tricolor <strong>Ana Lilia Anzaldo<\/strong>, al ahora emecista <strong>Juan Zepeda <\/strong>y a los morenistas <strong>Higinio Mart\u00ednez<\/strong> y <strong>Delfina G\u00f3mez<\/strong>.<\/p>\n<p>A ver c\u00f3mo llegan a la final.<\/p>\n<p><em><a href=\"mailto:rvizcainoa@gmail.com\" target=\"_blank\" rel=\"noopener noreferrer\">vizcainoa@gmail.com<\/a><br \/>\n<a href=\"http:\/\/endirecto.mx\" target=\"_blank\" rel=\"noopener noreferrer\">www.endirecto.mx<\/a><br \/>\n<a href=\"https:\/\/twitter.com\/_rvizcaino\" target=\"_blank\" rel=\"noopener noreferrer\">@_RVizcaino<\/a><br \/>\n<a href=\"https:\/\/www.facebook.com\/rvizcainoa\" target=\"_blank\" rel=\"noopener noreferrer\">facebook.com\/rvizcainoa<\/a><\/em><\/p>\n","protected":false},"excerpt":{"rendered":"<p><span style=\"color: #005497;\"><strong>Roberto Vizca\u00edno<\/strong><\/span><br \/>\n<br \/>\nEn estos tiempos de oscurantismo, regresi\u00f3n y perfiles autoritarios recibir un Premio Nacional de Periodismo y que \u00e9ste sea otorgado en reconocimiento a avances y logros en innovaci\u00f3n, es sin duda algo que satisface el doble.<\/p>\n","protected":false},"author":3,"featured_media":0,"comment_status":"open","ping_status":"open","sticky":false,"template":"","format":"standard","meta":{"_monsterinsights_skip_tracking":false,"_monsterinsights_sitenote_active":false,"_monsterinsights_sitenote_note":"","_monsterinsights_sitenote_category":0,"footnotes":""},"categories":[136],"tags":[43674,93,94],"class_list":["post-529940","post","type-post","status-publish","format-standard","hentry","category-roberto-vizcaino-opinion","tag-opinion","tag-roberto-vizcaino","tag-tras-la-puerta-del-poder"],"_links":{"self":[{"href":"https:\/\/www.diarioimagen.net\/index.php?rest_route=\/wp\/v2\/posts\/529940","targetHints":{"allow":["GET"]}}],"collection":[{"href":"https:\/\/www.diarioimagen.net\/index.php?rest_route=\/wp\/v2\/posts"}],"about":[{"href":"https:\/\/www.diarioimagen.net\/index.php?rest_route=\/wp\/v2\/types\/post"}],"author":[{"embeddable":true,"href":"https:\/\/www.diarioimagen.net\/index.php?rest_route=\/wp\/v2\/users\/3"}],"replies":[{"embeddable":true,"href":"https:\/\/www.diarioimagen.net\/index.php?rest_route=%2Fwp%2Fv2%2Fcomments&post=529940"}],"version-history":[{"count":0,"href":"https:\/\/www.diarioimagen.net\/index.php?rest_route=\/wp\/v2\/posts\/529940\/revisions"}],"wp:attachment":[{"href":"https:\/\/www.diarioimagen.net\/index.php?rest_route=%2Fwp%2Fv2%2Fmedia&parent=529940"}],"wp:term":[{"taxonomy":"category","embeddable":true,"href":"https:\/\/www.diarioimagen.net\/index.php?rest_route=%2Fwp%2Fv2%2Fcategories&post=529940"},{"taxonomy":"post_tag","embeddable":true,"href":"https:\/\/www.diarioimagen.net\/index.php?rest_route=%2Fwp%2Fv2%2Ftags&post=529940"}],"curies":[{"name":"wp","href":"https:\/\/api.w.org\/{rel}","templated":true}]}}