{"id":530063,"date":"2021-12-13T00:00:45","date_gmt":"2021-12-13T06:00:45","guid":{"rendered":"https:\/\/www.diarioimagen.net\/?p=530063"},"modified":"2021-12-15T03:59:08","modified_gmt":"2021-12-15T09:59:08","slug":"obtiene-mara-premios-latinoamericano-y-nacional-como-presidenta-solidaria-e-incluyente","status":"publish","type":"post","link":"https:\/\/www.diarioimagen.net\/?p=530063","title":{"rendered":"Obtiene Mara premios latinoamericano y nacional como presidenta solidaria e incluyente"},"content":{"rendered":"<h2>Hora 14<\/h2>\n<h5>Mauricio Conde Olivares<\/h5>\n<p>&nbsp;<\/p>\n<p>Hoy se conmemora el D\u00eda de la Gastronom\u00eda Mexicana y el XI Aniversario de la declaratoria de la Cocina Tradicional Mexicana como Patrimonio Cultural Inmaterial de la Humanidad por la UNESCO y al concluir el viaje de trabajo que durante esta semana realiz\u00f3 en el estado de Texas, Estados Unidos, el secretario de Turismo del Gobierno de M\u00e9xico, Miguel Torruco Marqu\u00e9s, afirm\u00f3 que el balance de la visita a las ciudades de Houston y San Antonio es muy positivo, ya que se cumpli\u00f3 con la agenda planeada y todos los objetivos.<\/p>\n<p>El titular de la Secretar\u00eda de Turismo precis\u00f3 que la finalidad del viaje era presentar a la comunidad tur\u00edstica de esos importantes mercados emisores de viajeros a M\u00e9xico los Programas \u201cToca Puertas\u201d y \u201cReencuentro con mis ra\u00edces\u201d, promover la captaci\u00f3n de inversiones e impulsar la conectividad a\u00e9rea entre estas dos ciudades de Estados Unidos y nuestro pa\u00eds.<\/p>\n<p>Con tal prop\u00f3sito, en ambas metr\u00f3polis el secretario Torruco Marqu\u00e9s, siguiendo una intensa agenda, realiz\u00f3 diversas reuniones de trabajo con mayoristas, turoperadores, agentes de viajes, inversionistas, desarrolladores inmobiliarios, directivos de plataformas digitales y de aerol\u00edneas, representantes de C\u00e1maras, l\u00edderes de la comunidad mexicano-americana y medios de comunicaci\u00f3n. Adem\u00e1s, sostuvo sendos encuentros con los alcaldes Sylvester Turner, de Houston, con quien acord\u00f3 una visita a M\u00e9xico pr\u00f3ximamente; y Ron Nirenberg, de San Antonio, adem\u00e1s de que fue invitado al Cabildo para asistir a una sesi\u00f3n del Ayuntamiento.<\/p>\n<p>Particularmente, la delegaci\u00f3n mexicana imparti\u00f3 a turoperadores, mayoristas y agentes de viajes interesados en incrementar sus flujos de viajeros a nuestro pa\u00eds el seminario \u201cAs\u00ed es M\u00e9xico\u201d, en el que, adem\u00e1s de destacar y explicar la importancia que la industria tur\u00edstica tiene para la econom\u00eda nacional, se les puso al tanto de las novedades en el Programa \u201cPueblos M\u00e1gicos\u201d y en los principales Proyectos Prioritarios que en materia tur\u00edstica lleva a cabo el gobierno del presidente Andr\u00e9s Manuel L\u00f3pez Obrador, como el Tren Maya y el desarrollo ecotur\u00edstico de las Islas Mar\u00edas, as\u00ed como las carreras de la Ruta del Pescado de Moctezuma y la pr\u00f3xima a inaugurarse en 2022 del Desierto de Altar, en Sonora, entre otros.<\/p>\n<p>El secretario Torruco Marqu\u00e9s destac\u00f3 que la reactivaci\u00f3n de la industria tur\u00edstica nacional est\u00e1 en marcha y ejemplo de ello es que en 2019, procedentes de Houston y San Antonio v\u00eda a\u00e9rea arribaron a destinos mexicanos 1 mill\u00f3n 902 mil turistas; en tanto que de enero a septiembre del presente a\u00f1o la cantidad alcanz\u00f3 1 mill\u00f3n 464 mil viajeros. Esto representa un incremento de 136 por ciento para el flujo procedente de Houston y de 300 por ciento para el de San Antonio, comparado con lo registrado en 2020.<\/p>\n<p>Por otra parte, le informo que Mara Lezama, Presidenta Municipal de Benito Ju\u00e1rez, obtuvo 2 reconocimientos por encabezar un gobierno incluyente y solidario: uno a nivel latinoamericano que le otorg\u00f3 la Fundaci\u00f3n para el Desarrollo de la Solidaridad y la Inclusi\u00f3n Social; as\u00ed como otro premio a nivel nacional por parte de la Asociaci\u00f3n Nacional de Alcald\u00edas y Municipios de M\u00e9xico (ANAMM), en relaci\u00f3n al \u201cPrograma de prevenci\u00f3n y atenci\u00f3n multidisciplinaria de las violencias contra las mujeres, ni\u00f1as y ni\u00f1os\u201d, que se aplica en Canc\u00fan para beneficio de grupos vulnerables de la poblaci\u00f3n.<\/p>\n<p>En Bogot\u00e1, Colombia, Mara Lezama recibi\u00f3 uno de estos reconocimientos en el marco de la entrega de premios a los Gobernantes Solidarios e Incluyentes de Latinoam\u00e9rica 2021, por parte de Fundaci\u00f3n para el Desarrollo de la Solidaridad y la Inclusi\u00f3n Social.<\/p>\n<p>En el sal\u00f3n principal del Hotel Movich Bur\u00f3 26 se proyect\u00f3 este finde semana ante gobernantes de 8 pa\u00edses el video del \u201cPrograma de prevenci\u00f3n y atenci\u00f3n multidisciplinaria de las violencias contra las mujeres, ni\u00f1as y ni\u00f1os\u201d y posteriormente fue nombrada Mara Lezama como ganadora del premio Presidenta Municipal Solidaria e Incluyente de Latinoam\u00e9rica 2021 &#8211; Categor\u00eda: \u201cMejor Programa institucional de capacitaci\u00f3n en derechos humanos de la Mujer, con \u00e9nfasis en la prevenci\u00f3n y erradicaci\u00f3n de la violencia de g\u00e9nero\u201d.<\/p>\n<p>De esta forma, le impusieron a la Presidenta Municipal de Benito Ju\u00e1rez la medalla de la solidaridad y tambi\u00e9n le fue entregada la Estatuilla en Bronce de Latinoam\u00e9rica, para despu\u00e9s tomar la palabra para resaltar la lucha por el empoderamiento de las mujeres en el principal destino tur\u00edstico de M\u00e9xico y Am\u00e9rica Latina, todo esto en el marco de la ceremonia protocolaria de los premios a la Solidaridad e Inclusi\u00f3n Social Latinoam\u00e9rica 2021.<\/p>\n<p>Tambi\u00e9n, derivado del compromiso con las mujeres y los trabajos desarrollados por parte del Instituto Municipal de la Mujer (IMM), la Asociaci\u00f3n Nacional de Alcald\u00edas y Municipios de M\u00e9xico (ANAMM) otorg\u00f3 una menci\u00f3n honor\u00edfica al antes mencionado proyecto: \u201cPrevenci\u00f3n y Atenci\u00f3n Multidisciplinaria de las violencias contra las Mujeres, Ni\u00f1as y Ni\u00f1os\u201d, el cual consiste en la rehabilitaci\u00f3n de espacios p\u00fablicos para convertirlos en M\u00f3dulos de Atenci\u00f3n a la Mujer.<\/p>\n<p>El premio, entregado en la ciudad de Puebla, Puebla, fue recibido por la titular del IMM, Miroslava Reguera Mart\u00ednez, en representaci\u00f3n de la Presidenta Municipal Mara Lezama, en el marco de la Premiaci\u00f3n Nacional al Buen Gobierno Municipal 2021, que realiza dicha asociaci\u00f3n y que adem\u00e1s representa tambi\u00e9n una distinci\u00f3n al Ayuntamiento como \u201cEmbajador a la Dignidad Social\u201d.<\/p>\n<p>Durante el evento se destac\u00f3 que el proyecto fue elegido entre 90 propuestas recibidas y se mencionaron los avances del municipio en la materia para atender las recomendaciones emitidas por Comisi\u00f3n Nacional para Prevenir y Erradicar la Violencia Contra las Mujeres (CONAVIM) en la Declaratoria de Alerta de Violencia de G\u00e9nero.<\/p>\n<p>Ejemplo de lo anterior es que Benito Ju\u00e1rez cuenta con nueve M\u00f3dulos de Atenci\u00f3n a la Mujer, incluyendo las instalaciones del IMM en la Supermanzana 247, m\u00e1s los que se ubican en las supermanzanas 91, 92, 200, 220, 221, 225, 237 y Colonia Avante, que son espacios comunitarios seguros e identificables, en los cuales se ofrecen servicios multidisciplinarios, tales como: asesor\u00edas legales, psicol\u00f3gicas y de trabajo social, capacitaci\u00f3n para el autoempleo y m\u00e9dico.<\/p>\n<p>Cabe destacar que la Comisi\u00f3n de los Derechos Humanos del Estado de Quintana Roo, presidida por Marco Antonio T\u00f3h Eu\u00e1n, y la Comisi\u00f3n de Derechos Humanos de la XVI Legislatura del Congreso del Estado de Quintana Roo, presidida por la Dip. Judith Rodr\u00edguez Villanueva, el pasado 9 de diciembre dieron por cumplida la Recomendaci\u00f3n CDHEQROO\/20\/2020\/II, referida a los lamentables hechos del pasado 9 de noviembre de 2020 frente al ayuntamiento del municipio de Benito Ju\u00e1rez.<\/p>\n<p>Lo que conlleva la aceptaci\u00f3n de que fueron cumplidas las recomendaciones emitidas por la Comisi\u00f3n Nacional para Prevenir y Erradicar la Violencia Contra las Mujeres (CONAVIM) en la Declaratoria de Alerta de Violencia de G\u00e9nero, en tanto las autoridades ministeriales y judiciales efect\u00faan el deslinde de responsabilidades.<\/p>\n<p>En otro orden, le participo que Alessandra Ambrosio culmin\u00f3 la celebraci\u00f3n para presentar el nuevo Breathless Cancun Soul Resort &amp; Spa solo para adultos. La noche incluy\u00f3 un desfile de modas con Alessandra Ambrosio en la pasarela con un look de los dise\u00f1adores mexicanos V\u00edctor &amp; Jesse. Tambi\u00e9n exhibieron sus colecciones Agatha Ru\u00edz de la Prada y Gustavo Pucheta. Los invitados disfrutaron de la presentaci\u00f3n en vivo de la DJ Rhiannon Roze; actuaciones acrob\u00e1ticas y un espect\u00e1culo de fuegos artificiales.<\/p>\n<p>El elegante hotel de 429 suites ubicado en la zona hotelera de Canc\u00fan, Quintana Roo es una experiencia cosmopolita, que ofrece la combinaci\u00f3n de lujo y entretenimiento en vivo para solteros, parejas y amigos.<\/p>\n<p>Los hu\u00e9spedes pueden vivir a lo grande y celebrar cada momento en este elegante hotel ubicado entre el mar Caribe y la Laguna de Nichupt\u00e9 en Quintana Roo, donde cada suite tiene un balc\u00f3n privado y vista al mar. Las dos albercas infinity en el rooftop del hotel, la sala privada de yoga y el gimnasio de \u00faltima generaci\u00f3n dan la bienvenida a los hu\u00e9spedes a la zona Breathe Deep para sumergirse en la relajaci\u00f3n total y zen.<\/p>\n<p>Breathless Cancun Soul ofrece a los adultos una lujosa y moderna escapada, complementada con una experiencia Unlimited-Luxury donde todo est\u00e1 incluido. Entre las amenidades se destacan:<\/p>\n<p>Tres deslumbrantes piscinas, incluida una alberca Energy, perfecta para un equilibrio entre relajaci\u00f3n y socializaci\u00f3n, y dos m\u00e1s infinity en el rooftop con impresionantes vistas al mar y al atardecer \u2013 la exclusiva piscina infinity en Xhale Club con vista al horizonte de Canc\u00fan y la divertida alberca infinity de Xcelerate. La mitad de las suites cuentan con vista al mar.<\/p>\n<p>Xhale Club ofrece: Suites con vista al mar y tinas de hidromasaje en los balcones; Acceso a un exclusivo sal\u00f3n; \u00c1rea exclusive en el rooftop con piscina infinity y bar. Servicios mejorados y m\u00e1s. \u00c1reas interiores y exteriores en la propiedad donde los hu\u00e9spedes pueden disfrutar de bares, restaurantes gourmet y tiendas que ofrecen lugares de reuni\u00f3n social ideales para mezclarse.<\/p>\n<p>Diez opciones gastron\u00f3micas gourmet de moda, que incluyen seis restaurantes a la carta (uno ubicado en el rooftop) un buffet, dos grills y una cafeter\u00eda. Once elegantes bares y salones, incluido el After Dark Nightclub y un Sports Bar y un exclusive bar de Champ\u00e1n; empero, lo anterior, ser\u00e1 motivo de otro an\u00e1lisis en posterior entrega de <strong><em>Hora 14<\/em><\/strong>.<\/p>\n<p><em><a href=\"mailto:%20mauricio_conde@msn.com\" target=\"_blank\" rel=\"noopener noreferrer\">mauricioconde59@outlook.com<\/a><\/em><br \/>\n<em><a href=\"https:\/\/twitter.com\/mauconde007\" target=\"_blank\" rel=\"noopener noreferrer\">@mauconde007<\/a> <\/em><br \/>\n<em><a href=\"https:\/\/mauriciocondeblog.wordpress.com\" target=\"_blank\" rel=\"noopener noreferrer\">https:\/\/mauriciocondeblog.wordpress.com<\/a><\/em><\/p>\n","protected":false},"excerpt":{"rendered":"<p><span style=\"color: #005497;\"><strong>Mauricio Conde Olivares<\/strong><\/span><\/p>\n","protected":false},"author":3,"featured_media":0,"comment_status":"open","ping_status":"open","sticky":false,"template":"","format":"standard","meta":{"_monsterinsights_skip_tracking":false,"_monsterinsights_sitenote_active":false,"_monsterinsights_sitenote_note":"","_monsterinsights_sitenote_category":0,"footnotes":""},"categories":[35889],"tags":[43712,43674,44860],"class_list":["post-530063","post","type-post","status-publish","format-standard","hentry","category-mauricio-conde-olivares","tag-mauricio-conde-olivares","tag-opinion","tag-hora-14"],"_links":{"self":[{"href":"https:\/\/www.diarioimagen.net\/index.php?rest_route=\/wp\/v2\/posts\/530063","targetHints":{"allow":["GET"]}}],"collection":[{"href":"https:\/\/www.diarioimagen.net\/index.php?rest_route=\/wp\/v2\/posts"}],"about":[{"href":"https:\/\/www.diarioimagen.net\/index.php?rest_route=\/wp\/v2\/types\/post"}],"author":[{"embeddable":true,"href":"https:\/\/www.diarioimagen.net\/index.php?rest_route=\/wp\/v2\/users\/3"}],"replies":[{"embeddable":true,"href":"https:\/\/www.diarioimagen.net\/index.php?rest_route=%2Fwp%2Fv2%2Fcomments&post=530063"}],"version-history":[{"count":0,"href":"https:\/\/www.diarioimagen.net\/index.php?rest_route=\/wp\/v2\/posts\/530063\/revisions"}],"wp:attachment":[{"href":"https:\/\/www.diarioimagen.net\/index.php?rest_route=%2Fwp%2Fv2%2Fmedia&parent=530063"}],"wp:term":[{"taxonomy":"category","embeddable":true,"href":"https:\/\/www.diarioimagen.net\/index.php?rest_route=%2Fwp%2Fv2%2Fcategories&post=530063"},{"taxonomy":"post_tag","embeddable":true,"href":"https:\/\/www.diarioimagen.net\/index.php?rest_route=%2Fwp%2Fv2%2Ftags&post=530063"}],"curies":[{"name":"wp","href":"https:\/\/api.w.org\/{rel}","templated":true}]}}