{"id":530073,"date":"2021-12-13T00:05:25","date_gmt":"2021-12-13T06:05:25","guid":{"rendered":"https:\/\/www.diarioimagen.net\/?p=530073"},"modified":"2021-12-13T05:19:19","modified_gmt":"2021-12-13T11:19:19","slug":"periodistas-en-riesgo","status":"publish","type":"post","link":"https:\/\/www.diarioimagen.net\/?p=530073","title":{"rendered":"Periodistas en riesgo"},"content":{"rendered":"<h2>Perfil de M\u00e9xico<\/h2>\n<h5>Armando R\u00edos Ruiz<\/h5>\n<p>&nbsp;<\/p>\n<p>Hace unos d\u00edas publiqu\u00e9 en este espacio, citas de la Encuesta Nacional de Victimizaci\u00f3n y Percepci\u00f3n sobre Seguridad P\u00fablica, que habla de la casi nula acci\u00f3n de las autoridades encargadas de prevenir y perseguir el delito, que el a\u00f1o pasado s\u00f3lo atendieron siete por ciento de m\u00e1s de 21 millones de il\u00edcitos cometidos en todo el pa\u00eds. Cifra rid\u00edcula que para variar, coloca a M\u00e9xico en los primeros lugares del mundo\u00a0 en ese rubro, como en otros, siempre negativos.<\/p>\n<p>Infobae, el sitio de noticias en espa\u00f1ol m\u00e1s le\u00eddo del planeta, asegura que M\u00e9xico ocupa segundo lugar en asesinatos de periodistas, s\u00f3lo superado este a\u00f1o por Afganist\u00e1n, un lugar eternamente en guerra, en donde 73 por ciento de su poblaci\u00f3n vive en zonas rurales, en la pobreza, a pesar de tener el subsuelo atiborrado de petr\u00f3leo que las empresas petroleras de Estados Unidos ans\u00edan explotar desde hace mucho tiempo y una econom\u00eda que depende de la siembra de amapola, as\u00ed como una miner\u00eda rica en diversidad de minerales.<\/p>\n<p>Asegura que en el acumulado de los \u00faltimos cinco a\u00f1os, M\u00e9xico es el pa\u00eds del planeta con m\u00e1s periodistas asesinados (66), por delante de los 53 de Afganist\u00e1n y los 40 de la India. Desde hace tiempo es campe\u00f3n del mundo en ese rubro, seguido de Afganist\u00e1n y Filipinas. Dif\u00edcilmente perder\u00e1 el t\u00edtulo.<\/p>\n<p>El asesinato de periodistas en M\u00e9xico no es nuevo. Prevalece desde hace muchas d\u00e9cadas y siempre, los gobiernos han implementado aparatos para acabar con esta situaci\u00f3n. Sin embargo, los cr\u00edmenes contra el gremio han permanecido impunes.<\/p>\n<p>No obstante, durante el presente sexenio no se ha inventado una estrategia para su protecci\u00f3n. Si no existe siquiera para la salvaguarda de todo el pueblo mexicano, con 130 millones de habitantes, \u00bfqu\u00e9 puede esperar el sector m\u00e1s despreciado, vilipendiado, fustigado por el m\u00e1ximo mandatario, que un d\u00eda s\u00ed y otro tambi\u00e9n dicta pestes desde su pulpito ma\u00f1anero en contra del mismo?<\/p>\n<p>Al recibir el Premio Nobel de la Paz junto con su colega filipina Mar\u00eda Ressa, el periodista ruso Dimitry Muratov pidi\u00f3 un minuto de silencio por los reporteros asesinados recientemente en Oslo. Dijo que \u201csomos el requisito indispensable para el progreso. Somos el ant\u00eddoto contra la tiran\u00eda (&#8230;) Pong\u00e1monos en pie y honremos con un minuto de silencio a nuestros colegas periodistas (&#8230;) que dieron su vida por esta profesi\u00f3n\u201d. A\u00f1adi\u00f3: \u201cQuiero que los periodistas mueran de viejos\u201d.<\/p>\n<p>La filipina Ressa atac\u00f3 a los grandes grupos tecnol\u00f3gicos que permiten la difusi\u00f3n de \u201cun lodo t\u00f3xico\u201d en las redes sociales por su codicia. Mencion\u00f3 que su poder\u00a0 \u201cpermiti\u00f3 que el virus de la mentira nos infectara a cada uno, enfrent\u00e1ndonos entre nosotros, sacando a la luz nuestros miedos, nuestra rabia y nuestro odio, preparando el terreno para la llegada de dirigentes autoritarios y de dictadores. \u00bfHablaba de M\u00e9xico, cuya situaci\u00f3n es mundialmente conocida?<\/p>\n<p>Molesta por lo que pasa en diferentes partes del mundo, situaci\u00f3n que triste y lamentablemente encabeza M\u00e9xico, sostuvo: \u201cnecesitamos que el periodismo independiente sobreviva, primero brindando una mayor protecci\u00f3n a los periodistas y defenderlos contra los Estados que atacan a los periodistas\u201d.<\/p>\n<p>Tarea por dem\u00e1s dif\u00edcil, principalmente cuando existen pa\u00edses en los que los propios mandatarios, responsables de la seguridad del pueblo que gobiernan, est\u00e1n m\u00e1s empe\u00f1ados en prodigar abrazos a quienes asesinan y hasta responden por cuenta propia al llamado que se hace en el discurso diario, que desprestigia a los comunicadores. Que los exhibe y los vilipendia con una constancia infinita, rabiosa, violenta. Matarlos es quedar bien con esa pol\u00edtica.<\/p>\n<p>Adem\u00e1s, significa quitar de enfrente a quien estorba. A unos, porque se atreven a publicar sus hechos. A otros, porque se niegan a plegarse a sus designios. A sus acciones descabelladas y absurdas. A aplaudir sus fallas garrafales y necias. Sus despilfarros y sus yerros.<\/p>\n<p>Curioso. Pero entre otras fallas, esto es lo que aqu\u00ed, a\u00fan muchos aplauden.<\/p>\n<p><a href=\"mailto:ariosruiz@gmail.com\" target=\"_blank\" rel=\"noopener noreferrer\"><em>ariosruiz@gmail.com<\/em><\/a><\/p>\n","protected":false},"excerpt":{"rendered":"<p><span style=\"color: #005497;\"><strong>Armando R\u00edos Ruiz<\/strong><\/span><\/p>\n","protected":false},"author":3,"featured_media":0,"comment_status":"open","ping_status":"open","sticky":false,"template":"","format":"standard","meta":{"_monsterinsights_skip_tracking":false,"_monsterinsights_sitenote_active":false,"_monsterinsights_sitenote_note":"","_monsterinsights_sitenote_category":0,"footnotes":""},"categories":[88405],"tags":[88407,43674,91193],"class_list":["post-530073","post","type-post","status-publish","format-standard","hentry","category-armando-rios-ruiz","tag-armando-rios-ruiz","tag-opinion","tag-perfil-de-mexico"],"_links":{"self":[{"href":"https:\/\/www.diarioimagen.net\/index.php?rest_route=\/wp\/v2\/posts\/530073","targetHints":{"allow":["GET"]}}],"collection":[{"href":"https:\/\/www.diarioimagen.net\/index.php?rest_route=\/wp\/v2\/posts"}],"about":[{"href":"https:\/\/www.diarioimagen.net\/index.php?rest_route=\/wp\/v2\/types\/post"}],"author":[{"embeddable":true,"href":"https:\/\/www.diarioimagen.net\/index.php?rest_route=\/wp\/v2\/users\/3"}],"replies":[{"embeddable":true,"href":"https:\/\/www.diarioimagen.net\/index.php?rest_route=%2Fwp%2Fv2%2Fcomments&post=530073"}],"version-history":[{"count":0,"href":"https:\/\/www.diarioimagen.net\/index.php?rest_route=\/wp\/v2\/posts\/530073\/revisions"}],"wp:attachment":[{"href":"https:\/\/www.diarioimagen.net\/index.php?rest_route=%2Fwp%2Fv2%2Fmedia&parent=530073"}],"wp:term":[{"taxonomy":"category","embeddable":true,"href":"https:\/\/www.diarioimagen.net\/index.php?rest_route=%2Fwp%2Fv2%2Fcategories&post=530073"},{"taxonomy":"post_tag","embeddable":true,"href":"https:\/\/www.diarioimagen.net\/index.php?rest_route=%2Fwp%2Fv2%2Ftags&post=530073"}],"curies":[{"name":"wp","href":"https:\/\/api.w.org\/{rel}","templated":true}]}}