{"id":530240,"date":"2021-12-14T00:02:18","date_gmt":"2021-12-14T06:02:18","guid":{"rendered":"https:\/\/www.diarioimagen.net\/?p=530240"},"modified":"2021-12-14T03:21:09","modified_gmt":"2021-12-14T09:21:09","slug":"preguntas-incomodas-de-oposicion-enfurecen-al-subsecretario-lopez-gatell","status":"publish","type":"post","link":"https:\/\/www.diarioimagen.net\/?p=530240","title":{"rendered":"Preguntas inc\u00f3modas de oposici\u00f3n enfurecen al subsecretario L\u00f3pez-Gatell"},"content":{"rendered":"<h2>La Retaguardia<\/h2>\n<h5>Adriana Moreno Cordero<\/h5>\n<p>&nbsp;<\/p>\n<ul>\n<li><strong><em>Encuentro Segob-PAN, Santiago Creel, la cara amable; Marko Cort\u00e9s, la dura<\/em><\/strong><\/li>\n<\/ul>\n<p>&nbsp;<\/p>\n<p>En privado, muy en privado, se reuni\u00f3 el funcionario favorito del lopezobradorismo, <strong>Hugo L\u00f3pez.Gatell<\/strong>, con los integrantes de la Junta de Coordinaci\u00f3n Pol\u00edtica de la C\u00e1mara de Diputados y m\u00e1s tard\u00f3 en llegar al Palacio Legislativo de San L\u00e1zaro, que en salirse no enojado, furioso del encuentro, pues pocos resultaron los de Morena para defender y tapar la ineficiencia funcionario de la Secretar\u00eda de Salud.<\/p>\n<p>Apurado y medio nervioso, el coordinador de la bancada del partido oficial en la C\u00e1mara baja, <strong>Ignacio Mier Velazco<\/strong>, intent\u00f3 justificar el visible enojo del subsecretario de Prevenci\u00f3n y Promoci\u00f3n de la Salud, diciendo que gustoso y feliz, hab\u00eda acudido a su encuentro con los legisladores, pero nadie le crey\u00f3 al diputado poblano.<\/p>\n<p>Total que la visita L\u00f3pez-Gatell se volvi\u00f3 todo un enredo, pues mientras el presidente de la Junta de Coordinaci\u00f3n Pol\u00edtica, el pri\u00edsta <strong>Rub\u00e9n Moreira,<\/strong> argumentaba que la comparecencia se hab\u00eda suspendido por \u201ccontrariedades en el formato\u201d. \u201cNo es un tema del subsecretario, para ser franco. Es un tema de nosotros, las y los diputados donde hubo contrariedades en el formato que ten\u00edamos\u201d, por todos los corrillos de San L\u00e1zaro se coment\u00f3 que el enojo del siempre eficiente subsecretario fue porque la vicecoordinadora de la bancada del PRD, <strong>Elizabeth P\u00e9rez<\/strong>, lo estaba grabando, cuando el acuerdo hab\u00eda sido que el encuentro ser\u00eda, muy, pero muy privado.<\/p>\n<p>Aqu\u00ed de lo que se trat\u00f3 fue de una pregunta muy inc\u00f3moda para el subsecretario, pues el coordinador de la bancada del PRD, <strong>Luis Espinoza Ch\u00e1zaro,<\/strong> cuestionaba al funcionario sobre aquella ocasi\u00f3n en la que as\u00ed sin m\u00e1s y con el pa\u00eds en la peor crisis de la pandemia, con contagios acumulados a esa fecha, diciembre de 2020, del orden de un mill\u00f3n 631 mil 132, y optimista como suele ser, le dio por irse de vacaciones a Oaxaca, a las playas de Zipolite, a principios de este a\u00f1o, en enero, muy bien acompa\u00f1ado (eso pens\u00f3 \u00e9l); de hecho, ah\u00ed pas\u00f3 el A\u00f1o Nuevo, muy sonriente y enamorado, sin cubrebocas ni sana distancia, al contrario.<\/p>\n<p>Aqu\u00ed es l\u00f3gico pensar qu\u00e9 habr\u00eda pasado si el funcionario hubiera comparecido ante el pleno de la C\u00e1mara de Diputados. Seguramente la guerra se hubiera instalado en el Sal\u00f3n de Plenos, esto es, su paso por la C\u00e1mara baja, habr\u00eda sido mucho peor que el de su jefe y maestro, el titular de Salud, <strong>Jorge Alcocer<\/strong>, que por cierto y como se recordar\u00e1, cuando estuvo compareciendo ante los legisladores, dijo que no vacunar\u00eda a sus nieto contra la Covid-19, porque no ten\u00eda pensado la inmunidad que supuestamente desarrollan los menores.<\/p>\n<p>S\u00ed, fue en aquella ocasi\u00f3n en la que la oposici\u00f3n le regal\u00f3 una l\u00e1pida de cartulina al secretario Alcocer por el p\u00e9simo y desatinado manejo que ha hecho de esta pandemia en el pa\u00eds, Hugo L\u00f3pez-Gatell y para proteger a su alumno preferido, el titular de la Ssa aguant\u00f3 estoico la andanada de cr\u00edticas y luego, la realidad rebas\u00f3 y le plant\u00f3 en la cara su ineficiencia.<\/p>\n<p>De cualquier manera, L\u00f3pez-Gatell encontr\u00f3 ayer el pretexto perfecto para estar tan solo unos minutos con los integrantes de la Jucopo, casi media hora e irse por donde hab\u00eda llegado. Lo que se pudo comprobar tambi\u00e9n es que el funcionario de la Secretar\u00eda de Salud siempre ha tenido la piel demasiado delgada y piensa que con el apoyo del presidente L\u00f3pez Obrador le es suficiente pero, \u00bfacaso olvid\u00f3 que hace unos meses fue el mismo Presidente quien en una reuni\u00f3n privada en Palacio Nacional dijo que el subsecretario de Prevenci\u00f3n y Promoci\u00f3n de la Salud ya lo ten\u00eda harto?, acto seguido -seg\u00fan dicen los que saben-, el de Tepetit\u00e1n asegur\u00f3 que le retirar\u00eda su apoyo y que a ver c\u00f3mo se las arreglaba solo.<\/p>\n<p>Por su parte, el diputado por Movimiento Ciudadano, <strong>Jorge Alvarez Maynez<\/strong>, dijo con toda raz\u00f3n, que este tipo de encuentros deben ser p\u00fablicos. \u201cEl Poder Legislativo no debe sesionar de manera privada y desde el principio esto estaba mal. L\u00f3pez-Gatell realiz\u00f3 un mon\u00f3logo lleno de contradicciones como es su costumbre\u201d. Y ah\u00ed volvi\u00f3 a salir la situaci\u00f3n de cuando el perredista Espinoza Ch\u00e1zaro estaba haciendo su cuestionamiento y L\u00f3pez-Gatell los interrumpi\u00f3 groseramente cuando el que llev\u00f3 c\u00e1maras para grabarlo fue el propio subsecretario. Despu\u00e9s Leonel Godoy, de Morena, entr\u00f3 a la defensa del se\u00f1or subsecretario y ya se revent\u00f3 todo<\/p>\n<p>Alvarez Maynez dijo que el compareciente hab\u00eda insistido en que\u00a0 que las muertes por Covid no son por malas pol\u00edticas p\u00fablicas o mala planeaci\u00f3n o manejo de la pandemia, sino porque los mexicanos tienen comorbilidades<\/p>\n<p>Se supone que el encuentro se va a reprogramar para ser \u201cun di\u00e1logo p\u00fablico\u201d, pero como dice el diputado de Movimiento Ciudadano, no hay condiciones.<\/p>\n<p>Respecto a la grabaci\u00f3n de la diputada Elizabeth P\u00e9rez twitte\u00f3:<\/p>\n<p>\u201cEl DR. @HLGatell, asever\u00f3 que yo lo estaba grabando; algo totalmente falso. Fue el pretexto para suspender su comparecencia en la Jucopo, hoy en @Mx_Diputados, pues se percibi\u00f3 sumamente rebasado por los excesos de sus dichos y negligencias, cuestionados por las y los Diputados\u201d. Agreg\u00f3 que en el caso de estar grabando, en nada hubiera afectado a un funcionario p\u00fablico, en este caso, de segundo nivel. El problema es que L\u00f3pez Gatell<\/p>\n<p style=\"text-align: center;\"><strong>Municiones<\/strong><\/p>\n<p>*** Al estar en reuni\u00f3n en la secretar\u00eda de Gobernaci\u00f3n, el l\u00edder nacional del PAN, <strong>Marko Cort\u00e9s<\/strong>, demand\u00f3 al titular de la Segob, <strong>Ad\u00e1n Augusto L\u00f3pez Hern\u00e1ndez<\/strong>, el cese la persecuci\u00f3n pol\u00edtica en contra de los adversarios del lopezobradorismo y que resumi\u00f3 en la frase de que se persigue a panistas porque se ha politizado la justicia para los opositores. El encuentro dur\u00f3 poco m\u00e1s de dos horas y asistieron los gobernadores de Tamaulipas, <strong>Francisco Javier Cabeza de Vaca<\/strong>; el de Durango, <strong>Jos\u00e9 Rosas Aispuro<\/strong>, as\u00ed como los coordinadores en el Congreso de la Uni\u00f3n, <strong>Jorge Romero<\/strong> y <strong>Julen Rementer\u00eda<\/strong>. Se puede decir que el diputado Santiago Creel fue la voz amable de la reuni\u00f3n y Marko Cort\u00e9s, el lado duro que sali\u00f3 adem\u00e1s a la defensa de <strong>Ricardo Anaya<\/strong> y el gobernador Garc\u00eda Cabeza de Vaca y acus\u00f3 de que el presidente culpa a los opositores violentando la presunci\u00f3n de inocencia y el debido proceso. Acordaron no obstante que se reunir\u00e1n nuevamente despu\u00e9s del 10 de enero del pr\u00f3ximo a\u00f1o.<\/p>\n<p>*** Por su parte, el secretario Ad\u00e1n Augusto L\u00f3pez agradeci\u00f3 a <strong>Santiago Creel<\/strong> que le hubiera hecho llegar al Presidente una carta que permite, supuestamente, abrir canales de di\u00e1logos para encontrar las coincidencias. El diputado Creel Miranda se\u00f1al\u00f3 que fue una buena reuni\u00f3n \u201cun buen inicio\u201d porque se establecer\u00e1n varias mesas plurales sobre temas fundamentales como el de la seguridad; el\u00a0 de la reforma\u00a0 el\u00e9ctrica; el fortalecimiento de la democracia y lo que tiene que ver con lo electoral y que estas arrancar\u00e1n a partir del 10 de enero.<\/p>\n<p><u><a href=\"mailto:morcora@gmail.com\" target=\"_blank\" rel=\"noopener noreferrer\"><em>morcora@gmail.com<\/em><\/a><\/u><\/p>\n","protected":false},"excerpt":{"rendered":"<p><span style=\"color: #005497;\"><strong>Adriana Moreno Cordero<\/strong><\/span><\/p>\n","protected":false},"author":3,"featured_media":0,"comment_status":"open","ping_status":"open","sticky":false,"template":"","format":"standard","meta":{"_monsterinsights_skip_tracking":false,"_monsterinsights_sitenote_active":false,"_monsterinsights_sitenote_note":"","_monsterinsights_sitenote_category":0,"footnotes":""},"categories":[69370],"tags":[69369,69368,43674],"class_list":["post-530240","post","type-post","status-publish","format-standard","hentry","category-adriana-moreno-cordero","tag-adriana-moreno-cordero","tag-la-retaguardia","tag-opinion"],"_links":{"self":[{"href":"https:\/\/www.diarioimagen.net\/index.php?rest_route=\/wp\/v2\/posts\/530240","targetHints":{"allow":["GET"]}}],"collection":[{"href":"https:\/\/www.diarioimagen.net\/index.php?rest_route=\/wp\/v2\/posts"}],"about":[{"href":"https:\/\/www.diarioimagen.net\/index.php?rest_route=\/wp\/v2\/types\/post"}],"author":[{"embeddable":true,"href":"https:\/\/www.diarioimagen.net\/index.php?rest_route=\/wp\/v2\/users\/3"}],"replies":[{"embeddable":true,"href":"https:\/\/www.diarioimagen.net\/index.php?rest_route=%2Fwp%2Fv2%2Fcomments&post=530240"}],"version-history":[{"count":0,"href":"https:\/\/www.diarioimagen.net\/index.php?rest_route=\/wp\/v2\/posts\/530240\/revisions"}],"wp:attachment":[{"href":"https:\/\/www.diarioimagen.net\/index.php?rest_route=%2Fwp%2Fv2%2Fmedia&parent=530240"}],"wp:term":[{"taxonomy":"category","embeddable":true,"href":"https:\/\/www.diarioimagen.net\/index.php?rest_route=%2Fwp%2Fv2%2Fcategories&post=530240"},{"taxonomy":"post_tag","embeddable":true,"href":"https:\/\/www.diarioimagen.net\/index.php?rest_route=%2Fwp%2Fv2%2Ftags&post=530240"}],"curies":[{"name":"wp","href":"https:\/\/api.w.org\/{rel}","templated":true}]}}