{"id":530248,"date":"2021-12-14T00:03:48","date_gmt":"2021-12-14T06:03:48","guid":{"rendered":"https:\/\/www.diarioimagen.net\/?p=530248"},"modified":"2021-12-14T03:38:49","modified_gmt":"2021-12-14T09:38:49","slug":"amlo-pide-union-a-la-conago","status":"publish","type":"post","link":"https:\/\/www.diarioimagen.net\/?p=530248","title":{"rendered":"AMLO pide uni\u00f3n a la Conago"},"content":{"rendered":"<h2>Espacio Electoral<\/h2>\n<h5>Eleazar Flores<\/h5>\n<p>&nbsp;<\/p>\n<p><strong>CON MIRAS FUTURAS-.<\/strong> Para los analistas del d\u00eda a d\u00eda result\u00f3 muy extra\u00f1o el llamado presidencial a la Conferencia Nacional de Gobernadores a mantenerse unida, cuando la principal divisa del padre de la Cuarta Transformaci\u00f3n ha sido\u00a0 promover el divisionismo. Pruebas sobran.<\/p>\n<p>Baste recordar al empresariado, las clases medias anti-morenistas de <em>chilangolandia<\/em> que botaron a gobiernos de la Cuarta Transformaci\u00f3n de diez delegaciones y del gremio period\u00edstico ni hablar, sigue siendo el blanco preferido del p\u00falpito ma\u00f1anero, empresarios y trabajadores.<\/p>\n<p><strong>SER\u00c1N MAYOR\u00cdA-.<\/strong> Lo que pasa es que el inquilino de Palacio Nacional siempre va delante de todos y ve muy pr\u00f3xima la fecha en que los gobernadores ser\u00e1n mayor\u00eda morenista, lo que es cuesti\u00f3n de tiempo, siete u ocho meses, pues de las diez entidades que tendr\u00e1n elecciones con gubernatura de por medio, Movimiento Regeneraci\u00f3n Nacional va por m\u00e1s de la mitad.<\/p>\n<p>Lo que el padre de la Cuarta Transformaci\u00f3n olvid\u00f3 en su llamado fin semanero para que la Conferencia Nacional de Gobernadores, Conago, se mantenga unida, es que ya hay cuando menos otra fracci\u00f3n m\u00e1s, la coalici\u00f3n de gobernadores de Acci\u00f3n Nacional, que va disminuyendo su presencia en entidades que va dejando de gobernar.<\/p>\n<p>En este momento no hay elecciones, pero en cosa de dos meses empezar\u00e1n los trabajos, aun cuando en relaci\u00f3n a candidaturas ya llevan buen tramo recorrido, con largas listas de \u201csuspirantes\u201d en cada una de las entidades en cuesti\u00f3n. Incluso con pleitos internos como son los casos de Aguascalientes, Hidalgo y mejor le paro.<\/p>\n<p>Una Conago unida y ya con cuando menos dos terceras partes de entidades gobernadas por el partido del gobierno, aumentar\u00e1 poder de ya sabe qui\u00e9n, como si le faltara.<\/p>\n<p>De confirmarse los c\u00e1lculos matem\u00e1tico-electorales de 2022, con un noventa por ciento de posibilidades, seg\u00fan analistas y\u00a0 encuestadores, Morena se convertir\u00e1 en un aut\u00e9ntico trabuco y si a todo lo anterior se sumara la figura un poco decorativa de la Conago, al padre de la Cuarta Transformaci\u00f3n lo convertir\u00edan sus seguidores en votante invencible.<\/p>\n<p>Y esto en la antesala de los dos comicios m\u00e1s importantes que se avecinan, el del Estado de M\u00e9xico en 2023 y la presidencial del a\u00f1o siguiente, por lo que el due\u00f1o de Morena est\u00e1 haciendo con tiempo\u00a0 sus preparativos, nada de improvisaciones y mucho menos en lo electoral, que es su especialidad, olvidando sus seguidores hasta los malos resultados de su gobierno.<\/p>\n<p><strong>OTRO ORGANISMO-.<\/strong> El naciente organismo de alcaldes denominado \u201cCiudades Capitales de M\u00e9xico\u201d, con sello del partido Movimiento Ciudadano y el regio Luis Donaldo Colosio Riojas como figura principal, podr\u00eda dar de qu\u00e9 hablar pero \u00bfcontrapeso?, no da para tanto.<\/p>\n<p><em><a href=\"mailto:elefa44@gmail.com\" target=\"_blank\" rel=\"noopener noreferrer\">elefa44@gmail.com<\/a><\/em><\/p>\n","protected":false},"excerpt":{"rendered":"<p><span style=\"color: #005497;\"><strong>Eleazar Flores<\/strong><\/span><\/p>\n","protected":false},"author":3,"featured_media":0,"comment_status":"open","ping_status":"open","sticky":false,"template":"","format":"standard","meta":{"_monsterinsights_skip_tracking":false,"_monsterinsights_sitenote_active":false,"_monsterinsights_sitenote_note":"","_monsterinsights_sitenote_category":0,"footnotes":""},"categories":[81743],"tags":[81744,81776,43674],"class_list":["post-530248","post","type-post","status-publish","format-standard","hentry","category-eleazar-flores","tag-eleazar-flores","tag-espacio-electoral","tag-opinion"],"_links":{"self":[{"href":"https:\/\/www.diarioimagen.net\/index.php?rest_route=\/wp\/v2\/posts\/530248","targetHints":{"allow":["GET"]}}],"collection":[{"href":"https:\/\/www.diarioimagen.net\/index.php?rest_route=\/wp\/v2\/posts"}],"about":[{"href":"https:\/\/www.diarioimagen.net\/index.php?rest_route=\/wp\/v2\/types\/post"}],"author":[{"embeddable":true,"href":"https:\/\/www.diarioimagen.net\/index.php?rest_route=\/wp\/v2\/users\/3"}],"replies":[{"embeddable":true,"href":"https:\/\/www.diarioimagen.net\/index.php?rest_route=%2Fwp%2Fv2%2Fcomments&post=530248"}],"version-history":[{"count":0,"href":"https:\/\/www.diarioimagen.net\/index.php?rest_route=\/wp\/v2\/posts\/530248\/revisions"}],"wp:attachment":[{"href":"https:\/\/www.diarioimagen.net\/index.php?rest_route=%2Fwp%2Fv2%2Fmedia&parent=530248"}],"wp:term":[{"taxonomy":"category","embeddable":true,"href":"https:\/\/www.diarioimagen.net\/index.php?rest_route=%2Fwp%2Fv2%2Fcategories&post=530248"},{"taxonomy":"post_tag","embeddable":true,"href":"https:\/\/www.diarioimagen.net\/index.php?rest_route=%2Fwp%2Fv2%2Ftags&post=530248"}],"curies":[{"name":"wp","href":"https:\/\/api.w.org\/{rel}","templated":true}]}}