{"id":530254,"date":"2021-12-14T00:06:52","date_gmt":"2021-12-14T06:06:52","guid":{"rendered":"https:\/\/www.diarioimagen.net\/?p=530254"},"modified":"2021-12-14T03:42:55","modified_gmt":"2021-12-14T09:42:55","slug":"los-migrantes-asunto-sin-solucion-de-fondo","status":"publish","type":"post","link":"https:\/\/www.diarioimagen.net\/?p=530254","title":{"rendered":"Los migrantes, asunto sin soluci\u00f3n de fondo"},"content":{"rendered":"<h2>As\u00ed las cosas&#8230;<\/h2>\n<h5>Humberto Mares N.<\/h5>\n<p>&nbsp;<\/p>\n<p>Sin duda, el fatal accidente en donde murieron 55 migrantes pone a la vista con pruebas lo que siempre hemos sabido el contrabando de personas del sur de M\u00e9xico y la forma en que se transportan.<\/p>\n<p>El jueves pasado un tr\u00e1iler se volc\u00f3 en Chiapas con 160 personas a bordo de su caja ansinados y circul\u00f3 cuando menos por tres retenes o puntos de revisi\u00f3n donde se encontraban autoridades policiales y de Migraci\u00f3n sobre la carretera San Crist\u00f3bal de las Casas-Tuxtla Guti\u00e9rrez y nadie lo detuvo para su revisi\u00f3n, nadie lo detect\u00f3.<\/p>\n<p>Normalmente en esos sitios agentes del Instituto Nacional de Migraci\u00f3n (INM) apoyados por elementos de la Guardia Nacional realizan la revisi\u00f3n de todo, autos particulares, pero los transportes ya sean de pasajeros o de carga siempre los revisan todos. Este tr\u00e1iler nadie lo revis\u00f3.<\/p>\n<p>No es nuevo que el tr\u00e1fico de personas se est\u00e9 dando en nuestro pa\u00eds. Ahora m\u00e1s que nunca las autoridades debieron de reforzar sus acciones ante el cumulo de migrantes que han ingresado a nuestro pa\u00eds, en busca de obtener asilo en los Estados Unidos.<\/p>\n<p>En la ruta que sigui\u00f3 el cami\u00f3n se detect\u00f3 un ret\u00e9n con presencia de agentes del Instituto Nacional de Migraci\u00f3n y de la Guardia Nacional en el kil\u00f3metro 46 de la autopista 190D, a poco menos de un kil\u00f3metro de San Crist\u00f3bal de las Casas, localidad de donde parti\u00f3. Fotograf\u00edas publicadas en diarios dan cuenta de ello y nadie explica porque no lo abrieron.<\/p>\n<p>Un pasajero que sobrevivi\u00f3 al accidente de nacionalidad guatemalteca se\u00f1alo que fueron dos tr\u00e1ileres los que partieron de San Crist\u00f3bal de las Casas.<\/p>\n<p>El comandante de la Guardia Nacional, Luis Rodr\u00edguez Bucio, confirmo que los migrantes viajaban ocultos en la caja del tr\u00e1iler y asegur\u00f3 que el tr\u00e1iler que transportaba a los migrantes no hab\u00eda cruzado ning\u00fan puesto de migraci\u00f3n, en tanto que un agente dijo que el ret\u00e9n del Instituto Nacional de Migraci\u00f3n ubicado a la salida de San Crist\u00f3bal de las Casas fue levantado minutos antes de que pasara la unidad.<\/p>\n<p>Las caravanas de migrantes son permanentes durante todo el a\u00f1o, pero se han intensificado ante la crisis econ\u00f3mica en los pa\u00edses centroamericanos con motivo de la pandemia; y los r\u00edos de personas entrando a M\u00e9xico contin\u00faan y con ello los graves problemas que ello significa.<\/p>\n<p>Seis pa\u00edses reclaman y quieren a los culpables de la tragedia en Chiapas. M\u00e9xico, Guatemala, Estados Unidos, Rep\u00fablica Dominicana, Honduras, Ecuador y Nicaragua aseguraron que no permitir\u00e1n la impunidad en el caso del accidente ocurrido el jueves en Chiapas, que ha cobrado la vida de 55 personas y casi cien heridos de distintas nacionalidades.<\/p>\n<p>El canciller Marcelo Ebrard dio a conocer la creaci\u00f3n de un grupo internacional de acci\u00f3n inmediata contra la red de traficantes de personas, responsable de la tragedia, que tiene como objetivo investigar, identificar, aprehender y presentar ante la justicia a sus integrantes y mandos.<\/p>\n<p>Por su parte el presidente L\u00f3pez Obrador pide a EU agilizar plan migratorio con el fin de evitar tragedias como la registrada en Chiapas. AMLO hizo un llamado a su hom\u00f3logo de Estados Unidos, Joe Biden, a agilizar la aprobaci\u00f3n de un plan migratorio. \u201cAll\u00e1 tienen que enfrentar a un elefante reum\u00e1tico que no camina, no act\u00faan de manera ejecutiva y esto amerita una atenci\u00f3n urgente\u201d, se\u00f1al\u00f3.<\/p>\n<p>Posteriormente, dos migrantes fueron atropellados por una camioneta del Instituto Nacional de Migraci\u00f3n que sal\u00eda a toda velocidad en medio de una turba enardecida. La caravana de migrantes caminaba por el estado de Puebla rumbo a la Ciudad de M\u00e9xico. Avanz\u00f3 24 kil\u00f3metros desde San Mart\u00edn Texmelucan hasta Santa Rita Tlahuapan, antes de llegar a la colina de R\u00edo Fr\u00edo donde se registr\u00f3 el accidente.<\/p>\n<p style=\"text-align: center;\"><strong>Don Porfirio declara<\/strong><\/p>\n<p>Porfirio Mu\u00f1oz Ledo fue directo y declar\u00f3: \u201cPor fuerza de la pol\u00edtica, de la econom\u00eda, de la sociedad y de las ambiciones, este r\u00e9gimen de concentraci\u00f3n de poderes tender\u00e1 a desgajarse en los pr\u00f3ximos meses, antes de que se cumplan dos a\u00f1os\u201d se\u00f1al\u00f3 el pol\u00edtico de izquierda, al recibir el Premio Nacional Benito Ju\u00e1rez Garc\u00eda que entrega el partido Movimiento Ciudadano.<\/p>\n<p>Mu\u00f1oz Ledo fue diputado federal por el partido Morena y quiso e hizo todo para continuar como diputado v\u00eda la reelecci\u00f3n, pero en Morena no lo apoyaron. Esto ocasion\u00f3 que el legendario pol\u00edtico renunciara al partido en el poder. Pero Don Porfirio ha militado en el PRI, PARM, PRD, PT y Morena. Tal vez es el pol\u00edtico que m\u00e1s partidos pol\u00edticos ha pertenecido y en todos ha sido legislador. Adem\u00e1s, atribuy\u00f3 el llamado masivo al Z\u00f3calo que hizo el presidente Andr\u00e9s Manuel L\u00f3pez Obrador a que est\u00e1 sintiendo el vac\u00edo del abandono del poder.<\/p>\n<p>Movimiento Ciudadano se ha acercado al pol\u00edtico que seguramente ser\u00e1 el partido en donde don Porfirio milite pr\u00f3ximamente. Dante Delgado, viejo lobo de mar de muchas batallas, muchas de ellas compartidas con Mu\u00f1oz Ledo, seguramente le ofrecer\u00e1 la tribuna al pol\u00edtico, que sin duda Porfirio no rechazar\u00e1. Al tiempo. As\u00ed las cosas, hasta pronto. Use cubrebocas, seguimos en pandemia.<\/p>\n<p><a href=\"mailto:hmares21@gmail.com\" target=\"_blank\" rel=\"noopener noreferrer\"><em>mares21@gmail.com<\/em><\/a><\/p>\n","protected":false},"excerpt":{"rendered":"<p><span style=\"color: #005497;\"><strong>Humberto Mares N.<\/strong><\/span><\/p>\n","protected":false},"author":3,"featured_media":0,"comment_status":"open","ping_status":"open","sticky":false,"template":"","format":"standard","meta":{"_monsterinsights_skip_tracking":false,"_monsterinsights_sitenote_active":false,"_monsterinsights_sitenote_note":"","_monsterinsights_sitenote_category":0,"footnotes":""},"categories":[15043],"tags":[92044,92045,43674],"class_list":["post-530254","post","type-post","status-publish","format-standard","hentry","category-humberto-mares-n","tag-asi-las-cosas","tag-humberto-mares-n","tag-opinion"],"_links":{"self":[{"href":"https:\/\/www.diarioimagen.net\/index.php?rest_route=\/wp\/v2\/posts\/530254","targetHints":{"allow":["GET"]}}],"collection":[{"href":"https:\/\/www.diarioimagen.net\/index.php?rest_route=\/wp\/v2\/posts"}],"about":[{"href":"https:\/\/www.diarioimagen.net\/index.php?rest_route=\/wp\/v2\/types\/post"}],"author":[{"embeddable":true,"href":"https:\/\/www.diarioimagen.net\/index.php?rest_route=\/wp\/v2\/users\/3"}],"replies":[{"embeddable":true,"href":"https:\/\/www.diarioimagen.net\/index.php?rest_route=%2Fwp%2Fv2%2Fcomments&post=530254"}],"version-history":[{"count":0,"href":"https:\/\/www.diarioimagen.net\/index.php?rest_route=\/wp\/v2\/posts\/530254\/revisions"}],"wp:attachment":[{"href":"https:\/\/www.diarioimagen.net\/index.php?rest_route=%2Fwp%2Fv2%2Fmedia&parent=530254"}],"wp:term":[{"taxonomy":"category","embeddable":true,"href":"https:\/\/www.diarioimagen.net\/index.php?rest_route=%2Fwp%2Fv2%2Fcategories&post=530254"},{"taxonomy":"post_tag","embeddable":true,"href":"https:\/\/www.diarioimagen.net\/index.php?rest_route=%2Fwp%2Fv2%2Ftags&post=530254"}],"curies":[{"name":"wp","href":"https:\/\/api.w.org\/{rel}","templated":true}]}}