{"id":530256,"date":"2021-12-14T00:08:56","date_gmt":"2021-12-14T06:08:56","guid":{"rendered":"https:\/\/www.diarioimagen.net\/?p=530256"},"modified":"2021-12-14T03:44:45","modified_gmt":"2021-12-14T09:44:45","slug":"el-desden-por-el-turismo-religioso","status":"publish","type":"post","link":"https:\/\/www.diarioimagen.net\/?p=530256","title":{"rendered":"El desd\u00e9n por el turismo religioso"},"content":{"rendered":"<h2>Detr\u00e1s del Poder<\/h2>\n<h5>Jos\u00e9 Antonio L\u00f3pez Sosa<\/h5>\n<p>&nbsp;<\/p>\n<p>Anteayer, 12 de diciembre, de nueva cuenta la Bas\u00edlica de Guadalupe en la Ciudad de M\u00e9xico, recibi\u00f3 a cientos de miles de peregrinos, cada uno de ellos se deben catalogar como turistas religiosos, gente que independientemente del nivel socioecon\u00f3mico, asisten a un santuario y generan una importante derrama econ\u00f3mica.<\/p>\n<p>Tristemente, en la capital del pa\u00eds no hay un programa integral de turismo religioso, donde se pueda por un lado, orientar y dar asistencia a los miles y millones que durante ese d\u00eda y el resto del a\u00f1o acuden al santuario y por otro, impulsar a los negocios y empresas relacionadas con estas visitas -desde hoteles hasta restaurantes, desde posadas hasta puestos de comida- para tener un orden y sobre todo, calidad para recibir a estos millones que asisten a la Bas\u00edlica.<\/p>\n<p>No hay inter\u00e9s por un nicho que en otros sitios del mundo, como el santuario de Lourdes en Francia o en la Ciudad del Vaticano, son fuente importante del motor econ\u00f3mico y tur\u00edstico.<\/p>\n<p>En los alrededores de la Bas\u00edlica de Guadalupe s\u00f3lo hay dos hoteles decentes: el City Express La Villa (en Clave y Calzada de Guadalupe) y el Holiday Inn Express en la zona de Peralvillo. Tampoco hay m\u00f3dulos de informaci\u00f3n tur\u00edstica, menos a\u00fan informaci\u00f3n para los peregrinos de d\u00f3nde comer, d\u00f3nde pernoctar o qu\u00e9 actividades hacer \u2014para todos los presupuestos\u2014 en los alrededores.<\/p>\n<p>Cada 12 de diciembre que pasa, se pierde una oportunidad de ordenar este turismo religioso, de promoverlo y tomarlo con seriedad. Se desprecia ese turismo, se dejan perder oportunidades valiosas.<\/p>\n<p style=\"text-align: center;\"><strong>Tamaulipas<\/strong><\/p>\n<p><strong>\u00a0<\/strong>De los estados que peor desempe\u00f1o tur\u00edstico tuvieron este a\u00f1o est\u00e1 Tamaulipas, la crisis de inseguridad y la falta de ordenamientos tur\u00edsticos a todos los niveles representan un problema constante que no ha podido superarse.<\/p>\n<p>Tamaulipas no s\u00f3lo es el crimen organizado o Nuevo Laredo, pero lamentablemente no hay estrategias de comunicaci\u00f3n que lo posicionan frente a la industria y los viajeros.<\/p>\n<p><em><a href=\"http:\/\/www.lopezsosa.com\" target=\"_blank\" rel=\"noopener\">www.lopezsosa.com<\/a><\/em><br \/>\n<em><a href=\"mailto:joseantonio@lopezsosa.com\" target=\"_blank\" rel=\"noopener\">joseantonio@lopezsosa.com<\/a><\/em><br \/>\n<em><a href=\"http:\/\/twitter.com\/joseantonio1977\" target=\"_blank\" rel=\"noopener\">@joseantonio197<\/a><\/em><\/p>\n","protected":false},"excerpt":{"rendered":"<p><span style=\"color: #005497;\"><strong>Jos\u00e9 Antonio L\u00f3pez Sosa<\/strong><\/span><\/p>\n","protected":false},"author":3,"featured_media":0,"comment_status":"open","ping_status":"open","sticky":false,"template":"","format":"standard","meta":{"_monsterinsights_skip_tracking":false,"_monsterinsights_sitenote_active":false,"_monsterinsights_sitenote_note":"","_monsterinsights_sitenote_category":0,"footnotes":""},"categories":[637],"tags":[638,43690,43674],"class_list":["post-530256","post","type-post","status-publish","format-standard","hentry","category-jose-antonio-lopez-sosa","tag-detras-del-poder","tag-jose-antonio-lopez-sosa","tag-opinion"],"_links":{"self":[{"href":"https:\/\/www.diarioimagen.net\/index.php?rest_route=\/wp\/v2\/posts\/530256","targetHints":{"allow":["GET"]}}],"collection":[{"href":"https:\/\/www.diarioimagen.net\/index.php?rest_route=\/wp\/v2\/posts"}],"about":[{"href":"https:\/\/www.diarioimagen.net\/index.php?rest_route=\/wp\/v2\/types\/post"}],"author":[{"embeddable":true,"href":"https:\/\/www.diarioimagen.net\/index.php?rest_route=\/wp\/v2\/users\/3"}],"replies":[{"embeddable":true,"href":"https:\/\/www.diarioimagen.net\/index.php?rest_route=%2Fwp%2Fv2%2Fcomments&post=530256"}],"version-history":[{"count":0,"href":"https:\/\/www.diarioimagen.net\/index.php?rest_route=\/wp\/v2\/posts\/530256\/revisions"}],"wp:attachment":[{"href":"https:\/\/www.diarioimagen.net\/index.php?rest_route=%2Fwp%2Fv2%2Fmedia&parent=530256"}],"wp:term":[{"taxonomy":"category","embeddable":true,"href":"https:\/\/www.diarioimagen.net\/index.php?rest_route=%2Fwp%2Fv2%2Fcategories&post=530256"},{"taxonomy":"post_tag","embeddable":true,"href":"https:\/\/www.diarioimagen.net\/index.php?rest_route=%2Fwp%2Fv2%2Ftags&post=530256"}],"curies":[{"name":"wp","href":"https:\/\/api.w.org\/{rel}","templated":true}]}}