{"id":530341,"date":"2021-12-15T00:15:21","date_gmt":"2021-12-15T06:15:21","guid":{"rendered":"https:\/\/www.diarioimagen.net\/?p=530341"},"modified":"2021-12-15T03:56:16","modified_gmt":"2021-12-15T09:56:16","slug":"ultrajes-a-la-autoridad","status":"publish","type":"post","link":"https:\/\/www.diarioimagen.net\/?p=530341","title":{"rendered":"Ultrajes a la autoridad"},"content":{"rendered":"<h2>Por la Derecha..!<\/h2>\n<h5>Luis \u00c1ngel Garc\u00eda<\/h5>\n<p>&nbsp;<\/p>\n<p>&nbsp;<\/p>\n<p>&nbsp;<\/p>\n<p>La polic\u00eda en estado de indefensi\u00f3n. Los grupos de activistas y el propio senador y l\u00edder de la bancada de Morena en la C\u00e1mara alta, Ricardo Monreal, exigen que se derogue el delito de ultrajes a la autoridad porque, seg\u00fan ellos, es una figura jur\u00eddica de la que abusan las autoridades y los cuerpos de seguridad para encarcelar injustamente a los ciudadanos o cobrar venganzas por agravios personales. Envalentonados, los partidarios de la abrogaci\u00f3n de este delito en los c\u00f3digos penales no proponen una disposici\u00f3n que frene los excesos de particulares.<\/p>\n<p>El objetivo de toda Constituci\u00f3n y sus leyes reglamentarias es poner un dique a los abusos de autoridad del poder p\u00fablico, desde el Presidente hasta el polic\u00eda de la esquina. Sin embargo, como ciudadanos que queremos vivir en sociedad, renunciamos a nuestros derechos naturales y aceptamos en el pacto social las normas de todo Estado de Derecho. Ello implica, entre otras cosas, hacer justicia de propia mano y aceptamos que un aparato de gobierno la procure para mantener la paz y tranquilidad p\u00fablica mediante el uso leg\u00edtimo de la fuerza. Por eso existen, como en todo el mundo, los cuerpos de seguridad para mantener el orden y salvaguardar la vida y patrimonio de quienes viven en esa comunidad.<\/p>\n<p>Los excesos que cometen los uniformados y las fuerzas armadas son sancionados por las mismas leyes civiles o por el fuero militar. En cualquier caso, son m\u00e1s rigurosas las penalidades para estos servidores p\u00fablicos que con el resto de la poblaci\u00f3n. Por ejemplo, un polic\u00eda que comete un delito, al ser declarado culpable, recibe el doble de a\u00f1os de c\u00e1rcel por su condici\u00f3n de uniformado.<\/p>\n<p>Qu\u00e9 pasa cuando el ciudadano de la calle ofende, insulta, agrede a la autoridad, se le debiera remitir al Ministerio P\u00fablico por ultrajes a la autoridad. Ello mantiene el equilibrio del pacto social. Pero, el paternalismo mal entendido de los nuevos gobiernos, el falso argumento de que no son represores y el vestirse con la t\u00fanica de dem\u00f3cratas ha permitido que el libre albedr\u00edo se convierta en excesos. Ello nos ha llevado a la crisis de gobernabilidad. Lo hemos visto con las feministas que lo mismo destruyen monumentos que comercios, agreden a particulares y polic\u00edas sin consecuencias o los migrantes, cuyos actos vand\u00e1licos a su paso por el territorio nacional han dejado caos y enfrentamientos con las fuerzas del orden, quienes se llevan la peor parte. C\u00f3mo parar ese desorden.<\/p>\n<p>Precisamente para evitar esos excesos ciudadanos con los representantes de la ley, se cre\u00f3 el delito de ultrajes a la autoridad. Muchos estados han eliminado esa conducta antisocial y dejado en estado de indefensi\u00f3n a las polic\u00edas. Que hay excesos, sancionen a esos elementos, pero denles instrumentos que les permitan cumplir con su deber. Cuando se cre\u00f3 el Servicio Secreto para contener el delito, hubo muchos abusos, pero en lugar de castigar las conductas ilegales de los agentes, se opt\u00f3 por desaparecer a una corporaci\u00f3n que conten\u00eda a la delincuencia. Lo mismo quieren hacer el legislador zacatecano y algunas organizaciones de la sociedad civil. No castigan las conductas ilegales de los uniformados, debilitan a toda una estructura que requiere del apoyo oficial y ciudadano para cumplir con su misi\u00f3n, preservar el orden y proteger al ciudadano y su patrimonio.<\/p>\n<p>Es vergonzoso mirar como los estoicos polic\u00edas capitalinos se defienden y defienden la plaza s\u00f3lo con su entrega y un escudo de acr\u00edlico, emulando a los soldados de las legiones romanas. En otras partes del mundo, los mismos polic\u00edas llevan armas con municiones de goma y letales, toletes, gases lacrim\u00f3genos, tanquetas de agua, carros blindados y tienen la orden de reprimir, de hacer uso leg\u00edtimo de la fuerza para no dejar pasar a los manifestantes. Ciudadano que se resiste o agrede a la autoridad es llevado a la c\u00e1rcel por ultrajes a la autoridad. Aqu\u00ed, con el brete de que somos dem\u00f3cratas, libertarios y no reprimimos, se deja hacer y dejar pasar. No pongamos en estado de indefensi\u00f3n a los polic\u00edas, est\u00e1 de por medio la gobernanza y la supervivencia del Estado de Derecho.<\/p>\n","protected":false},"excerpt":{"rendered":"<p><span style=\"color: #005497;\"><strong>Luis \u00c1ngel Garc\u00eda<\/strong><\/span><br \/>\n<br \/>\nLa polic\u00eda en estado de indefensi\u00f3n. Los grupos de activistas y el propio senador y l\u00edder de la bancada de Morena en la C\u00e1mara alta, Ricardo Monreal, exigen que se derogue el delito de ultrajes a la autoridad porque, seg\u00fan ellos, es una figura jur\u00eddica de la que abusan las autoridades y los cuerpos de seguridad para encarcelar injustamente a los ciudadanos o cobrar venganzas por agravios personales.<\/p>\n","protected":false},"author":3,"featured_media":0,"comment_status":"open","ping_status":"open","sticky":false,"template":"","format":"standard","meta":{"_monsterinsights_skip_tracking":false,"_monsterinsights_sitenote_active":false,"_monsterinsights_sitenote_note":"","_monsterinsights_sitenote_category":0,"footnotes":""},"categories":[92115],"tags":[92117,43674,92116],"class_list":["post-530341","post","type-post","status-publish","format-standard","hentry","category-luis-angel-garcia","tag-luis-angel-garcia","tag-opinion","tag-por-la-derecha"],"_links":{"self":[{"href":"https:\/\/www.diarioimagen.net\/index.php?rest_route=\/wp\/v2\/posts\/530341","targetHints":{"allow":["GET"]}}],"collection":[{"href":"https:\/\/www.diarioimagen.net\/index.php?rest_route=\/wp\/v2\/posts"}],"about":[{"href":"https:\/\/www.diarioimagen.net\/index.php?rest_route=\/wp\/v2\/types\/post"}],"author":[{"embeddable":true,"href":"https:\/\/www.diarioimagen.net\/index.php?rest_route=\/wp\/v2\/users\/3"}],"replies":[{"embeddable":true,"href":"https:\/\/www.diarioimagen.net\/index.php?rest_route=%2Fwp%2Fv2%2Fcomments&post=530341"}],"version-history":[{"count":0,"href":"https:\/\/www.diarioimagen.net\/index.php?rest_route=\/wp\/v2\/posts\/530341\/revisions"}],"wp:attachment":[{"href":"https:\/\/www.diarioimagen.net\/index.php?rest_route=%2Fwp%2Fv2%2Fmedia&parent=530341"}],"wp:term":[{"taxonomy":"category","embeddable":true,"href":"https:\/\/www.diarioimagen.net\/index.php?rest_route=%2Fwp%2Fv2%2Fcategories&post=530341"},{"taxonomy":"post_tag","embeddable":true,"href":"https:\/\/www.diarioimagen.net\/index.php?rest_route=%2Fwp%2Fv2%2Ftags&post=530341"}],"curies":[{"name":"wp","href":"https:\/\/api.w.org\/{rel}","templated":true}]}}