{"id":530390,"date":"2021-12-15T00:11:07","date_gmt":"2021-12-15T06:11:07","guid":{"rendered":"https:\/\/www.diarioimagen.net\/?p=530390"},"modified":"2021-12-17T06:10:33","modified_gmt":"2021-12-17T12:10:33","slug":"fin-de-una-etapa-oscura-en-la-corta","status":"publish","type":"post","link":"https:\/\/www.diarioimagen.net\/?p=530390","title":{"rendered":"Fin de una etapa oscura en la \u201cCorta\u201d"},"content":{"rendered":"<h2>\u00cdndice pol\u00edtico<\/h2>\n<h5>Francisco Rodr\u00edguez<\/h5>\n<p><em>\u00a0<\/em><\/p>\n<ul>\n<li><strong><em>Arturo Zald\u00edvar, insulto a la legalidad<\/em><\/strong><\/li>\n<li><strong><em>Guadalajara, los \u201cLakers\u201d, la corrupci\u00f3n<\/em><\/strong><\/li>\n<\/ul>\n<p>&nbsp;<\/p>\n<p>En alguno de sus recientes discursos como <strong>ministro presidente de la <em>Corta<\/em> de Justicia, Arturo Zald\u00edvar Lelo de Larrea<\/strong> dijo sin el menor pudor que \u201cla corrupci\u00f3n es inadmisible en cualquier sector del gobierno, pero es mucho m\u00e1s grave cuando <strong>lo que se vende es la justicia<\/strong>\u201d.<\/p>\n<p>Mucho rollo para alguien que, como \u00e9l, lleg\u00f3 al cargo v\u00eda una gran corruptela: <strong>venderse a la llamada Cuarta Transformaci\u00f3n<\/strong> a cambio de las presiones que el gobiernito de AMLO ejerci\u00f3 sobre los dem\u00e1s ministros para que lo votaran para un periodo que hoy felizmente termina.<\/p>\n<p>Final tambi\u00e9n de <strong>una etapa oscura<\/strong> en la <em>Corta<\/em>.<\/p>\n<p>Etapa de <strong>prepotencia<\/strong> hacia con sus compa\u00f1eros ministros.<\/p>\n<p>Etapa, lo peor, de un <strong>desprecio por la legalidad<\/strong>.<\/p>\n<p>Y es que, con eso de que <strong>para Andr\u00e9s Manuel L\u00f3pez Obrador la voz del pueblo est\u00e1 por sobre la Constituci\u00f3n<\/strong>&#8230;<\/p>\n<p>&#8230;a Zald\u00edvar se le hizo f\u00e1cil <strong>despreciar el texto y el esp\u00edritu<\/strong> de la Carta Magna durante meses&#8230;<\/p>\n<p>&#8230;cuando <strong>uno de los<\/strong> <strong>partidos sat\u00e9lites<\/strong> de Morena, en este caso <strong>el Verde<\/strong>, propuso ampliar dos a\u00f1os su presidencia del Poder Judicial de la Federaci\u00f3n.<\/p>\n<p>Se va Zald\u00edvar&#8230;<\/p>\n<p>&#8230;y <strong>nadie<\/strong> del edificio de la avenida Pino Su\u00e1rez <strong>va a extra\u00f1arlo<\/strong>.<\/p>\n<p>Ya lo ver\u00e1 usted.<\/p>\n<p style=\"text-align: center;\"><strong>Y ahora, \u00bfuna ministra presidente?<\/strong><\/p>\n<p>Aunque la ley se\u00f1ala que deben <strong>ser los ministros y s\u00f3lo los ministros<\/strong> quienes elijan a quien presida la <em>Corta<\/em> de Justicia y, al mismo tiempo, la Judicatura Federal&#8230; lo m\u00e1s seguro es que, como en el caso ya narrado de Zald\u00edvar, <strong>L\u00f3pez Obrador vuelva a meter las manos en la elecci\u00f3n<\/strong>. Aunque con inciertos resultados, pues ya no tiene a <strong>Julio Scherer<\/strong> como operador.<\/p>\n<p>Y dada su obcecaci\u00f3n por querer <strong>emparejar cartones entre los g\u00e9neros femenino y masculino,<\/strong> lo m\u00e1s seguro es que ya haya dado instrucciones que sus cercanos impulsen a <strong>alguna de las cuatro se\u00f1oras ministras<\/strong>, tres de las cuales fueron propuestas al Senado por \u00e9l.<\/p>\n<p><strong>Descarte<\/strong>, por tal, las posibilidades de <strong>Norma Luc\u00eda Pi\u00f1a Hern\u00e1ndez<\/strong>, quien lleg\u00f3 a la SCJN a propuesta de <strong>Enrique Pe\u00f1a Nieto<\/strong> -en realidad, del consejero jur\u00eddico de aquel, <strong>Humberto Castillejos<\/strong>&#8211; hace seis a\u00f1os, en 2015.\u00a0 En cambio, quienes s\u00ed tienen m\u00e1s posibilidades son las ministras <strong>Ana Margarita R\u00edos Farjat, Yasm\u00edn Esquivel Mossa y\/o Loretta Ortiz Ahlf<\/strong>.<\/p>\n<p>\u00bfMinistra presidente?<\/p>\n<p>En escasas horas lo sabremos.<\/p>\n<p style=\"text-align: center;\"><strong>La Sofom de Romo, consentida <\/strong><\/p>\n<p>El <strong>presidente municipal de Guadalajara, Pablo Lemus Navarro<\/strong>, se juega su futuro pol\u00edtico y el gran prestigio de su padre, el reconocido abogado <strong>don Jes\u00fas Lemus Contreras<\/strong>, con una millonaria licitaci\u00f3n ama\u00f1ada.<\/p>\n<p>De paso se est\u00e1 llevando entre las patas a su correligionario <strong>Enrique Alfaro, gobernador de Jalisco<\/strong>.<\/p>\n<p>Se trata de la adquisici\u00f3n del \u201cServicio de Arrendamiento Integral de Equipamiento de Seguridad\u201d, para 290 camionetas doble cabina con motores V6 mediante un <strong>proceso de licitaci\u00f3n p\u00fablica que m\u00e1s bien es dirigida hacia un privado<\/strong>.<\/p>\n<p>Y es que Lemus y sus muchachos le armaron la licitaci\u00f3n al pol\u00e9mico due\u00f1o de la Sofom Operadora de Servicios Mega, <strong>Guillermo Romo Romero<\/strong>.<\/p>\n<p>Romo Romero, en efecto, es <strong>el mismo de la invitaci\u00f3n al gobernador Alfaro al juego de b\u00e1squet de los <em>Lakers<\/em><\/strong>, en asientos preferenciales a ras de la cancha. El mismo, tambi\u00e9n, cuyas empresas <strong>contratan a personal ligado a la familia del gobernador<\/strong>. El mismo que ha tenido como socio a <strong>Emilio Lozoya Thalmann<\/strong>, padre del ex director general de Pemex durante el pe\u00f1ato, ahora en la c\u00e1rcel, bajo proceso.<\/p>\n<p>La arreglada licitaci\u00f3n sorprendi\u00f3 a los empresarios automotrices del pa\u00eds, distribuidores y empresas financieras por <strong>los requisitos exigidos<\/strong> que -\u00a1f\u00edjese qu\u00e9 casualidad!- <strong>s\u00f3lo cumple la empresa de Romo Romero,<\/strong> tales como el tipo de unidades, la empresa dictaminadora de los estados financieros, el tiempo del proceso, es decir, una licitaci\u00f3n dirigida de la que ya <strong>preparan su impugnaci\u00f3n<\/strong> en tribunales varios empresarios del ramo.<\/p>\n<p>Hay que recordar que <strong>el gobierno de Jalisco ya favoreci\u00f3 a la empresa de Romo Romero<\/strong> -esto es, ya pag\u00f3 la invitaci\u00f3n al mandatario estatal- con un contrato de arrendamiento de maquinaria para el campo, de <strong>m\u00e1s de 3 mil millones de pesos<\/strong>, que es un esc\u00e1ndalo por la forma en que se asign\u00f3 y que es conocido como <strong>\u00a1A toda m\u00e1quina!<\/strong><\/p>\n<p>Pablo Lemus est\u00e1 a tiempo de <strong>parar este asunto<\/strong> que, definitivamente, <strong>hiede a corrupci\u00f3n<\/strong>.<\/p>\n<p>A menos que \u00e9l y Alfaro <strong>esperen algo m\u00e1s que invitaciones a espect\u00e1culos deportivos<\/strong>, \u00bfno cree usted?<\/p>\n<p style=\"text-align: center;\"><strong>Indicios<\/strong><\/p>\n<p><strong>Los invit\u00f3<\/strong> a venir. Pol\u00edtica de puertas abiertas. <strong>Visas y trabajo<\/strong> para todos los que cruzaran la frontera sur y se internaran en nuestro territorio&#8230; <strong>hasta que se puso a las \u00f3rdenes de Donald Trump<\/strong> y comenz\u00f3 a pararlos en seco. Con <strong>el Ej\u00e9rcito<\/strong>. Con la entonces reci\u00e9n creada <strong>Guardia Nacional militarizada<\/strong>. 14 mil elementos contra las caravanas que luego ser\u00edan <strong>administrada$ por elementos de todos los niveles que se desempe\u00f1an en el Instituto Nacional de Migraci\u00f3n<\/strong>. Con los \u201cpolleros\u201d, los traileros, militares, guardias y agentes migratorios han hecho una <strong>empresa ilegal de ganancias incuantificables<\/strong>. Represi\u00f3n, salvajismo en contra de aquellos desesperanzados que \u201c<strong>no se ponen a mano<\/strong>\u201d. Largas caminatas por las carreteras que unen al sureste con el centro y el norte del pa\u00eds. Y <strong>al arribo de unos cuantos centenares de ellos a la capital federal<\/strong>, <strong>m\u00e1s represi\u00f3n<\/strong>. S\u00ed, ciert\u00edsimo, <strong>las comparaciones son odiosas,<\/strong> pero la se\u00f1ora <strong>Claudia Sheinbaum<\/strong> s\u00ed actu\u00f3 como en su momento lo hiciera <strong>Alfonso Corona del Rosal<\/strong>. Y s\u00ed, ciert\u00edsimo, <strong>Andr\u00e9s Manuel L\u00f3pez Obrador <\/strong>y sus cercanos reprimen con el Ej\u00e9rcito y con la Guardia Nacional militarizada al estilo de <strong>Gustavo D\u00edaz Ordaz<\/strong>. Nada nuevo bajo el sol. <strong>Aunque lo nieguen<\/strong>. * * * \u00a1Uf! \u00a1Se acab\u00f3 el espacio! Entonces, por hoy es todo. Le deseo <strong>que siga disfrutando esta semana<\/strong> y, como siempre, que tenga usted \u00a1buenas gracias y muchos, muchos d\u00edas!<\/p>\n<p><em><u><a href=\"http:\/\/www.indicepolitico.com\" target=\"_blank\" rel=\"noopener noreferrer\">www.indicepolitico.com<\/a><\/u><u><br \/>\n<\/u><a href=\"mailto:indicepolitico@gmail.com\" target=\"_blank\" rel=\"noopener noreferrer\">indicepolitico@gmail.com<\/a><\/em><br \/>\n<em><a href=\"https:\/\/twitter.com\/indicepolitico?lang=es\" target=\"_blank\" rel=\"noopener noreferrer\">@IndicePolitico<\/a><\/em><br \/>\n<em><u><a href=\"https:\/\/twitter.com\/pacorodriguez\" target=\"_blank\" rel=\"noopener noreferrer\">@pacorodriguez<\/a><\/u><\/em><\/p>\n","protected":false},"excerpt":{"rendered":"<p><span style=\"color: #005497;\"><strong>Francisco Rodr\u00edguez<\/strong><\/span><br \/>\n<br \/>\nEn alguno de sus recientes discursos como <strong>ministro presidente de la <em>Corta<\/em> de Justicia, Arturo Zald\u00edvar Lelo de Larrea<\/strong> dijo sin el menor pudor que \u201cla corrupci\u00f3n es inadmisible en cualquier sector del gobierno, pero es mucho m\u00e1s grave cuando <strong>lo que se vende es la justicia<\/strong>\u201d.<\/p>\n","protected":false},"author":3,"featured_media":0,"comment_status":"open","ping_status":"open","sticky":false,"template":"","format":"standard","meta":{"_monsterinsights_skip_tracking":false,"_monsterinsights_sitenote_active":false,"_monsterinsights_sitenote_note":"","_monsterinsights_sitenote_category":0,"footnotes":""},"categories":[549],"tags":[43689,550,43674],"class_list":["post-530390","post","type-post","status-publish","format-standard","hentry","category-francisco-rodriguez","tag-francisco-rodriguez","tag-indice-politico","tag-opinion"],"_links":{"self":[{"href":"https:\/\/www.diarioimagen.net\/index.php?rest_route=\/wp\/v2\/posts\/530390","targetHints":{"allow":["GET"]}}],"collection":[{"href":"https:\/\/www.diarioimagen.net\/index.php?rest_route=\/wp\/v2\/posts"}],"about":[{"href":"https:\/\/www.diarioimagen.net\/index.php?rest_route=\/wp\/v2\/types\/post"}],"author":[{"embeddable":true,"href":"https:\/\/www.diarioimagen.net\/index.php?rest_route=\/wp\/v2\/users\/3"}],"replies":[{"embeddable":true,"href":"https:\/\/www.diarioimagen.net\/index.php?rest_route=%2Fwp%2Fv2%2Fcomments&post=530390"}],"version-history":[{"count":0,"href":"https:\/\/www.diarioimagen.net\/index.php?rest_route=\/wp\/v2\/posts\/530390\/revisions"}],"wp:attachment":[{"href":"https:\/\/www.diarioimagen.net\/index.php?rest_route=%2Fwp%2Fv2%2Fmedia&parent=530390"}],"wp:term":[{"taxonomy":"category","embeddable":true,"href":"https:\/\/www.diarioimagen.net\/index.php?rest_route=%2Fwp%2Fv2%2Fcategories&post=530390"},{"taxonomy":"post_tag","embeddable":true,"href":"https:\/\/www.diarioimagen.net\/index.php?rest_route=%2Fwp%2Fv2%2Ftags&post=530390"}],"curies":[{"name":"wp","href":"https:\/\/api.w.org\/{rel}","templated":true}]}}