{"id":530422,"date":"2021-12-15T00:03:53","date_gmt":"2021-12-15T06:03:53","guid":{"rendered":"https:\/\/www.diarioimagen.net\/?p=530422"},"modified":"2021-12-15T05:55:22","modified_gmt":"2021-12-15T11:55:22","slug":"al-carajo-con-los-dirigentes","status":"publish","type":"post","link":"https:\/\/www.diarioimagen.net\/?p=530422","title":{"rendered":"Al carajo con los\u2026 dirigentes"},"content":{"rendered":"<h2>Espacio Electoral<\/h2>\n<h5>Eleazar Flores<\/h5>\n<p><strong>\u00a0<\/strong><\/p>\n<p><strong>PARTIDOS HU\u00c9RFANOS-.<\/strong> A imagen y semejanza de ya saben qui\u00e9n, militantes de los partidos pol\u00edticos desean mandarlos \u201cal carajo\u201d, dada su ineptitud manifiesta para dirigirlos y m\u00e1s aun para escoger candidatos fuertes a gubernaturas.<\/p>\n<p>Cierto que a primera vista piensa usted en militantes panistas y priistas\u00a0 que ven en el \u201cazul\u201d Marko Cort\u00e9s y en el tricolor Alejandro Moreno incapacidad manifiesta, falta de ideas y hasta de personalidad que les haga pensar con realismo en triunfos electorales en los comicios locales de 2022.<\/p>\n<p>Menos mal que esos militantes no mandaron al rancho de ya saben quien a sus dirigentes, aun cuando seguramente ganas no les faltaba.<\/p>\n<p><strong>CASO PANISTA-.<\/strong> En plenos procesos internos, los dirigentes o mejor dicho el dirigente nacional panista sufre por dos cosas: La candidatura que prometi\u00f3 a una mujer y el gobernador Mart\u00edn Orozco Sandoval tiene \u201cotros datos\u201d por lo que la conciliaci\u00f3n entre ambos est\u00e1 m\u00e1s que dif\u00edcil.<\/p>\n<p>Lo peor es que Aguascalientes es la entidad donde, de inicio, el PAN la llevaba f\u00e1cil, pero se le ha dificultado por falta de intercomunicaci\u00f3n oportuna entre el presidente nacional del PAN y el gobernador. A\u00fan se espera una posible coalici\u00f3n para enfrentar con cierto \u00e9xito a Morena.<\/p>\n<p><strong>CASO PRI\u00cdSTA-.<\/strong> La fuerte debilidad e incapacidad negociadora interna hace del presidente nacional del PRI convertirse en estorbo si es que el tricolor a\u00fan mantiene esperanzas de poder ganar alguna gubernatura en 2022 y da la casualidad que la \u00fanica que podr\u00eda alcanzar ser\u00eda la del estado de Hidalgo.<\/p>\n<p>Y tambi\u00e9n da la casualidad que en esta entidad el PRI podr\u00eda perder una de las pocas gubernaturas que le quedan, todo por las diferencias entre el presidente nacional tricolor, Alejandro Moreno C\u00e1rdenas, y el gobernador Omar Fayad Meneses, a \u00faltimas fechas promotor de significativa inversi\u00f3n privada en su entidad.<\/p>\n<p>Resulta que <em>Alito<\/em> o A<em>mlito<\/em> como lo conocen sus \u201camigos\u201d, tiene en su secretaria general Carolina Viggiano a la carta fuerte para la tierra de los tuzos de Pachuca, en tanto que Omar Fayad no le quiere fallar a su carta fuerte, Israel F\u00e9lix Soto. Pero tambi\u00e9n en esta entidad podr\u00edan aliarse los otros partidos al PRI, para aspirar a un triunfo contra Morena.<\/p>\n<p>El PAN en Aguascalientes y el PRI en Hidalgo pueden tener sus meses contados, con el agregado de que los actuales gobernadores de dichas entidades podr\u00edan colgar sus respectivas derrotas a \u201cdecisiones del centro\u201d, claman las bases panistas y tricolores regionales.<\/p>\n<p>Las derrotas podr\u00edan significar la tumba para los dirigentes partidistas nacionales m\u00e1s que para los gobernadores.<\/p>\n<p>ufrimiento de \u00e9stos empezar\u00eda cuando sus sucesores morenos empiecen a decir que recibieron un cochinero neoliberal.<\/p>\n<p><em><a href=\"mailto:elefa44@gmail.com\" target=\"_blank\" rel=\"noopener noreferrer\">elefa44@gmail.com<\/a><\/em><\/p>\n","protected":false},"excerpt":{"rendered":"<p><span style=\"color: #005497;\"><strong>Eleazar Flores<\/strong><\/span><\/p>\n","protected":false},"author":3,"featured_media":0,"comment_status":"open","ping_status":"open","sticky":false,"template":"","format":"standard","meta":{"_monsterinsights_skip_tracking":false,"_monsterinsights_sitenote_active":false,"_monsterinsights_sitenote_note":"","_monsterinsights_sitenote_category":0,"footnotes":""},"categories":[81743],"tags":[81744,81776,43674],"class_list":["post-530422","post","type-post","status-publish","format-standard","hentry","category-eleazar-flores","tag-eleazar-flores","tag-espacio-electoral","tag-opinion"],"_links":{"self":[{"href":"https:\/\/www.diarioimagen.net\/index.php?rest_route=\/wp\/v2\/posts\/530422","targetHints":{"allow":["GET"]}}],"collection":[{"href":"https:\/\/www.diarioimagen.net\/index.php?rest_route=\/wp\/v2\/posts"}],"about":[{"href":"https:\/\/www.diarioimagen.net\/index.php?rest_route=\/wp\/v2\/types\/post"}],"author":[{"embeddable":true,"href":"https:\/\/www.diarioimagen.net\/index.php?rest_route=\/wp\/v2\/users\/3"}],"replies":[{"embeddable":true,"href":"https:\/\/www.diarioimagen.net\/index.php?rest_route=%2Fwp%2Fv2%2Fcomments&post=530422"}],"version-history":[{"count":0,"href":"https:\/\/www.diarioimagen.net\/index.php?rest_route=\/wp\/v2\/posts\/530422\/revisions"}],"wp:attachment":[{"href":"https:\/\/www.diarioimagen.net\/index.php?rest_route=%2Fwp%2Fv2%2Fmedia&parent=530422"}],"wp:term":[{"taxonomy":"category","embeddable":true,"href":"https:\/\/www.diarioimagen.net\/index.php?rest_route=%2Fwp%2Fv2%2Fcategories&post=530422"},{"taxonomy":"post_tag","embeddable":true,"href":"https:\/\/www.diarioimagen.net\/index.php?rest_route=%2Fwp%2Fv2%2Ftags&post=530422"}],"curies":[{"name":"wp","href":"https:\/\/api.w.org\/{rel}","templated":true}]}}