{"id":530481,"date":"2021-12-16T00:05:26","date_gmt":"2021-12-16T06:05:26","guid":{"rendered":"https:\/\/www.diarioimagen.net\/?p=530481"},"modified":"2021-12-17T06:36:11","modified_gmt":"2021-12-17T12:36:11","slug":"potros-salvajes-cerrara-temporada-ante-pumas-cu","status":"publish","type":"post","link":"https:\/\/www.diarioimagen.net\/?p=530481","title":{"rendered":"Potros Salvajes cerrar\u00e1 temporada ante Pumas CU"},"content":{"rendered":"<p><em>\u00a0<\/em><\/p>\n<ul>\n<li><strong><em>A este duelo \u00fanicamente podr\u00e1n acceder familiares de los jugadores de ambos equipos y no tendr\u00e1 acceso el p\u00fablico en general<\/em><\/strong><\/li>\n<\/ul>\n<p><strong>\u00a0<\/strong><\/p>\n<div id=\"attachment_530520\" style=\"width: 470px\" class=\"wp-caption aligncenter\"><a href=\"https:\/\/www.diarioimagen.net\/?attachment_id=530520\" rel=\"attachment wp-att-530520\"><img loading=\"lazy\" decoding=\"async\" aria-describedby=\"caption-attachment-530520\" class=\"size-full wp-image-530520\" src=\"https:\/\/www.diarioimagen.net\/wp-content\/uploads\/2021\/12\/uaem-11.jpg\" alt=\"\" width=\"460\" height=\"270\" \/><\/a><p id=\"caption-attachment-530520\" class=\"wp-caption-text\">En el emparrillado del Estadio \u201cDr. Juan Josafat Pichardo Cruz\u201d, los Potros Salvajes de la Universidad Aut\u00f3noma del Estado de M\u00e9xico (UAEM) recibir\u00e1n a los Pumas CU.<\/p><\/div>\n<p>&nbsp;<\/p>\n<p><strong>Toluca, Estado de M\u00e9xico.- <\/strong>Este viernes, a las 15:00 horas, en el emparrillado del Estadio \u201cDr. Juan Josafat Pichardo Cruz\u201d, los Potros Salvajes de la Universidad Aut\u00f3noma del Estado de M\u00e9xico (UAEM) recibir\u00e1n a los Pumas CU, en el duelo de la semana 7 de la Conferencia de los 14 grandes, de la Organizaci\u00f3n Nacional Estudiantil de Futbol Americano (ONEFA).<\/p>\n<p>A este duelo \u00fanicamente podr\u00e1n acceder familiares de los jugadores de ambos equipos y no tendr\u00e1 acceso el p\u00fablico en general.<\/p>\n<p>El <em>head coach<\/em> del conjunto auriverde, Ricardo Jim\u00e9nez, conf\u00eda en salir con un buen resultado y aprovechar el apoyo de la comunidad universitaria al cerrar en casa.<\/p>\n<p>Explic\u00f3 que aun cuando el conjunto de la UAEM no ha despegado dentro de la conferencia verde, los partidos permiten conjuntar un buen equipo dentro de la Organizaci\u00f3n Nacional Estudiantil de Futbol Americano (ONEFA).<\/p>\n<p>En cada una de sus l\u00edneas, el representativo verde y oro cuenta con elementos j\u00f3venes que adquieren experiencia, lo cual a la postre servir\u00e1 al plantel.<\/p>\n<p>Este duelo en el \u201cDr. Juan Josafat Pichardo Cruz\u201d se llevar\u00e1 a cabo respetando las medidas sanitarias pertinentes por la COVID-19. Se pedir\u00e1 uso de cubrebocas, gel antibacterial y mantendr\u00e1 la sana distancia.<\/p>\n","protected":false},"excerpt":{"rendered":"<p>Este viernes, a las 15:00 horas, en el emparrillado del Estadio \u201cDr. Juan Josafat Pichardo Cruz\u201d, los Potros Salvajes de la Universidad Aut\u00f3noma del Estado de M\u00e9xico (UAEM) recibir\u00e1n a los Pumas CU, en el duelo de la semana 7 de la Conferencia de los 14 grandes, de la Organizaci\u00f3n Nacional Estudiantil de Futbol Americano (ONEFA).<\/p>\n","protected":false},"author":3,"featured_media":530520,"comment_status":"open","ping_status":"open","sticky":false,"template":"","format":"standard","meta":{"_monsterinsights_skip_tracking":false,"_monsterinsights_sitenote_active":false,"_monsterinsights_sitenote_note":"","_monsterinsights_sitenote_category":0,"footnotes":""},"categories":[5],"tags":[20677,43675,1837,452],"class_list":["post-530481","post","type-post","status-publish","format-standard","has-post-thumbnail","hentry","category-estado-de-mexico","tag-cu","tag-estado-de-mexico","tag-potros","tag-toluca"],"_links":{"self":[{"href":"https:\/\/www.diarioimagen.net\/index.php?rest_route=\/wp\/v2\/posts\/530481","targetHints":{"allow":["GET"]}}],"collection":[{"href":"https:\/\/www.diarioimagen.net\/index.php?rest_route=\/wp\/v2\/posts"}],"about":[{"href":"https:\/\/www.diarioimagen.net\/index.php?rest_route=\/wp\/v2\/types\/post"}],"author":[{"embeddable":true,"href":"https:\/\/www.diarioimagen.net\/index.php?rest_route=\/wp\/v2\/users\/3"}],"replies":[{"embeddable":true,"href":"https:\/\/www.diarioimagen.net\/index.php?rest_route=%2Fwp%2Fv2%2Fcomments&post=530481"}],"version-history":[{"count":0,"href":"https:\/\/www.diarioimagen.net\/index.php?rest_route=\/wp\/v2\/posts\/530481\/revisions"}],"wp:featuredmedia":[{"embeddable":true,"href":"https:\/\/www.diarioimagen.net\/index.php?rest_route=\/wp\/v2\/media\/530520"}],"wp:attachment":[{"href":"https:\/\/www.diarioimagen.net\/index.php?rest_route=%2Fwp%2Fv2%2Fmedia&parent=530481"}],"wp:term":[{"taxonomy":"category","embeddable":true,"href":"https:\/\/www.diarioimagen.net\/index.php?rest_route=%2Fwp%2Fv2%2Fcategories&post=530481"},{"taxonomy":"post_tag","embeddable":true,"href":"https:\/\/www.diarioimagen.net\/index.php?rest_route=%2Fwp%2Fv2%2Ftags&post=530481"}],"curies":[{"name":"wp","href":"https:\/\/api.w.org\/{rel}","templated":true}]}}