{"id":530483,"date":"2021-12-16T00:02:38","date_gmt":"2021-12-16T06:02:38","guid":{"rendered":"https:\/\/www.diarioimagen.net\/?p=530483"},"modified":"2021-12-16T06:32:52","modified_gmt":"2021-12-16T12:32:52","slug":"conacyt-aplicara-vacuna-patria-en-fase-2-que-duraria-un-ano","status":"publish","type":"post","link":"https:\/\/www.diarioimagen.net\/?p=530483","title":{"rendered":"Conacyt aplicar\u00e1 vacuna Patria en fase 2, que durar\u00eda un a\u00f1o"},"content":{"rendered":"<p>&nbsp;<\/p>\n<ul>\n<li><strong><em>Busca voluntarios en la capital del pa\u00eds<\/em><\/strong><\/li>\n<\/ul>\n<p>&nbsp;<\/p>\n<div id=\"attachment_530522\" style=\"width: 470px\" class=\"wp-caption aligncenter\"><a href=\"https:\/\/www.diarioimagen.net\/?attachment_id=530522\" rel=\"attachment wp-att-530522\"><img loading=\"lazy\" decoding=\"async\" aria-describedby=\"caption-attachment-530522\" class=\"size-full wp-image-530522\" src=\"https:\/\/www.diarioimagen.net\/wp-content\/uploads\/2021\/12\/VACUNA-PATRIA.jpg\" alt=\"\" width=\"460\" height=\"270\" \/><\/a><p id=\"caption-attachment-530522\" class=\"wp-caption-text\">La fase 3 de la vacuna Patria, y \u00faltima para determinar su idoneidad, estar\u00eda completa hasta 2023.<\/p><\/div>\n<p>&nbsp;<\/p>\n<p>El Consejo Nacional de Ciencia y Tecnolog\u00eda (Conacyt) apenas anunci\u00f3 el inicio de la fase 2 de pruebas de la vacuna Patria, contrario a la promesa presidencial de que estar\u00eda lista para aplicarse en M\u00e9xico y el resto de Am\u00e9rica Latina este mes.<\/p>\n<p>La vacuna contra Covid \u201cmexicana\u201d estar\u00e1 en su segunda etapa de estudio y si vives en la Ciudad de M\u00e9xico, eres mayor de 18 a\u00f1os y ya tienes el esquema completo podr\u00edas participar en las pruebas.<\/p>\n<p>De acuerdo con una convocatoria difundida por el Conacyt, el objetivo de las pruebas es determinar si el f\u00e1rmaco puede ser empleado como vacuna de refuerzo en personas con esquema completo con dosis de otros laboratorios como Pfizer o AstraZeneca.<\/p>\n<p>Se tiene previsto que esta fase del estudio de la vacuna Patria dure cuando menos un a\u00f1o, por lo que la fase 3, y \u00faltima para determinar su idoneidad, estar\u00eda completa hasta 2023, dos a\u00f1os despu\u00e9s de la fecha prometida por las autoridades sanitarias del pa\u00eds.<\/p>\n<p>\u201cEl objetivo de este estudio es evaluar el uso de la vacuna Patria como refuerzo para personas previamente vacunadas. Este estudio tendr\u00e1 duraci\u00f3n de un a\u00f1o, durante el cual se dar\u00e1 seguimiento a los y las participantes con visitas presenciales y llamadas telef\u00f3nicas\u201d, anunci\u00f3 el Conacyt.<\/p>\n<p>Los voluntarios deber\u00e1n cumplir los siguientes requisitos:<\/p>\n<p><strong>\u00ac<\/strong> Contar con un esquema de vacunaci\u00f3n completo contra Covid-19<br \/>\n<strong>\u00ac<\/strong> La \u00faltima dosis debe haberse aplicado por lo menos 4 meses antes de participar en este estudio<br \/>\n<strong>\u00ac<\/strong> No haber presentado enfermedades respiratorias durante los \u00faltimos 21 d\u00edas<br \/>\n<strong>\u00ac<\/strong> No estar embarazada, ni lactando<br \/>\n<strong>\u00ac<\/strong> Tener buen estado general de salud<br \/>\n<strong>\u00ac<\/strong> En caso de presentar alguna enfermedad cr\u00f3nica con manejo m\u00e9dico, \u00e9sta debe estar controlada y estable sin cambios en el tratamiento durante los \u00faltimos 3 meses<br \/>\n<strong>\u00ac<\/strong> No estar participando en otro protocolo de estudio<br \/>\n<strong>\u00ac<\/strong>\u00a0En la primera visita al centro se entregar\u00e1 un consentimiento informado completamente legal y se le explicar\u00e1 todo lo referente a este estudio.<\/p>\n<p>El Conacyt inform\u00f3 que las personas mayores de 18 podr\u00e1n participar en el estudio y deber\u00e1n estar vacunadas con esquema completo de las siguientes dosis:<\/p>\n<p>\u2022 Pfizer<br \/>\n\u2022 CanSino<br \/>\n\u2022 SinoVac<br \/>\n\u2022 Johnson &amp; Johnson<br \/>\n\u2022 AstraZeneca<br \/>\n\u2022 Sputnik<\/p>\n<p>A principios de este a\u00f1o, en la presentaci\u00f3n que el presidente L\u00f3pez Obrador hizo sobre este f\u00e1rmaco, se asegur\u00f3 que la inversi\u00f3n en la creaci\u00f3n de la vacuna Patria ten\u00eda como objetivo que M\u00e9xico fuera capaz de producir su propio inmunizador contra Covid-19 y ahorrar en principio hasta un 855% respecto a la adquisici\u00f3n de vacunas en el extranjero.<\/p>\n<p>No obstante, hasta el 15 de diciembre, el gobierno de M\u00e9xico ha aplicado 137 millones de vacunas lo que representa 66.2 millones de personas plenamente inmunizadas.<\/p>\n<p>De acuerdo con informaci\u00f3n difundida por el gobierno de M\u00e9xico, alrededor de 51.4% de la poblaci\u00f3n mexicana est\u00e1 completamente inmunizada, aunque los recursos que ha erogado la administraci\u00f3n lopezobradorista se mantienen bajo reserva.<\/p>\n","protected":false},"excerpt":{"rendered":"<p>El Consejo Nacional de Ciencia y Tecnolog\u00eda (Conacyt) apenas anunci\u00f3 el inicio de la fase 2 de pruebas de la vacuna Patria, contrario a la promesa presidencial de que estar\u00eda lista para aplicarse en M\u00e9xico y el resto de Am\u00e9rica Latina este mes.<\/p>\n","protected":false},"author":3,"featured_media":530522,"comment_status":"open","ping_status":"open","sticky":false,"template":"","format":"standard","meta":{"_monsterinsights_skip_tracking":false,"_monsterinsights_sitenote_active":false,"_monsterinsights_sitenote_note":"","_monsterinsights_sitenote_category":0,"footnotes":""},"categories":[3],"tags":[569,45626,43692],"class_list":["post-530483","post","type-post","status-publish","format-standard","has-post-thumbnail","hentry","category-nacional","tag-conacyt","tag-patria","tag-salud"],"_links":{"self":[{"href":"https:\/\/www.diarioimagen.net\/index.php?rest_route=\/wp\/v2\/posts\/530483","targetHints":{"allow":["GET"]}}],"collection":[{"href":"https:\/\/www.diarioimagen.net\/index.php?rest_route=\/wp\/v2\/posts"}],"about":[{"href":"https:\/\/www.diarioimagen.net\/index.php?rest_route=\/wp\/v2\/types\/post"}],"author":[{"embeddable":true,"href":"https:\/\/www.diarioimagen.net\/index.php?rest_route=\/wp\/v2\/users\/3"}],"replies":[{"embeddable":true,"href":"https:\/\/www.diarioimagen.net\/index.php?rest_route=%2Fwp%2Fv2%2Fcomments&post=530483"}],"version-history":[{"count":0,"href":"https:\/\/www.diarioimagen.net\/index.php?rest_route=\/wp\/v2\/posts\/530483\/revisions"}],"wp:featuredmedia":[{"embeddable":true,"href":"https:\/\/www.diarioimagen.net\/index.php?rest_route=\/wp\/v2\/media\/530522"}],"wp:attachment":[{"href":"https:\/\/www.diarioimagen.net\/index.php?rest_route=%2Fwp%2Fv2%2Fmedia&parent=530483"}],"wp:term":[{"taxonomy":"category","embeddable":true,"href":"https:\/\/www.diarioimagen.net\/index.php?rest_route=%2Fwp%2Fv2%2Fcategories&post=530483"},{"taxonomy":"post_tag","embeddable":true,"href":"https:\/\/www.diarioimagen.net\/index.php?rest_route=%2Fwp%2Fv2%2Ftags&post=530483"}],"curies":[{"name":"wp","href":"https:\/\/api.w.org\/{rel}","templated":true}]}}