{"id":530485,"date":"2021-12-16T00:02:36","date_gmt":"2021-12-16T06:02:36","guid":{"rendered":"https:\/\/www.diarioimagen.net\/?p=530485"},"modified":"2021-12-16T06:33:48","modified_gmt":"2021-12-16T12:33:48","slug":"mexico-podria-enfrentar-nueva-ola-de-contagios-por-omicron-alerta-ops","status":"publish","type":"post","link":"https:\/\/www.diarioimagen.net\/?p=530485","title":{"rendered":"M\u00e9xico podr\u00eda enfrentar nueva ola de contagios por \u00d3micron, alerta OPS"},"content":{"rendered":"<p>&nbsp;<\/p>\n<ul>\n<li><strong><em>Su tasa de transmisi\u00f3n puede ser 3 veces mayor que Delta<\/em><\/strong><\/li>\n<\/ul>\n<p>&nbsp;<\/p>\n<div id=\"attachment_530526\" style=\"width: 470px\" class=\"wp-caption aligncenter\"><a href=\"https:\/\/www.diarioimagen.net\/?attachment_id=530526\" rel=\"attachment wp-att-530526\"><img loading=\"lazy\" decoding=\"async\" aria-describedby=\"caption-attachment-530526\" class=\"size-full wp-image-530526\" src=\"https:\/\/www.diarioimagen.net\/wp-content\/uploads\/2021\/12\/OPS-CONTAGIOS.jpg\" alt=\"\" width=\"460\" height=\"270\" \/><\/a><p id=\"caption-attachment-530526\" class=\"wp-caption-text\">En este a\u00f1o se triplic\u00f3 el n\u00famero de infecciones y fallecimientos por Covid-19, report\u00f3 la OPS.<\/p><\/div>\n<p>&nbsp;<\/p>\n<p>La Organizaci\u00f3n Panamericana de la Salud (OPS) alert\u00f3 este mi\u00e9rcoles sobre un mayor n\u00famero de contagios de coronavirus por la variante \u00d3micron en M\u00e9xico, donde ya se reportaron dos casos, adem\u00e1s del importado.<\/p>\n<p>De acuerdo a datos de la vigilancia epidemiol\u00f3gica de la Secretar\u00eda de Salud, \u201cse prev\u00e9n importaciones adicionales inminentes\u201d de esta variante que se origin\u00f3 en Sud\u00e1frica, explic\u00f3 Sylvain Aldhigieri, Gerente de Incidente para Covid-19 de la OPS<\/p>\n<p>A\u00f1adi\u00f3 que con una \u201ccirculaci\u00f3n limitada\u201d ya est\u00e1 presente en 9 pa\u00edses de Am\u00e9rica y los casos registrados han sido resultado de personas que viajaron fuera del continente.<\/p>\n<p>A la fecha, en M\u00e9xico se ha reportado un caso importado confirmado con la variante \u00d3micron. Hemos sido informados que la Secretar\u00eda de Salud est\u00e1 siguiendo de manera muy cercana otras se\u00f1ales a trav\u00e9s de la red centinela y el consorcio de los 10 laboratorios de vigilancia gen\u00f3mica\u00a0 que existen en M\u00e9xico.<\/p>\n<p>\u201cPor lo tanto, se prev\u00e9n importaciones adicionales inminentes, tal como se observa en otros pa\u00edses del mundo y las autoridades federales de M\u00e9xico deber\u00e1n informar de manera oportuna\u201d, explic\u00f3.<\/p>\n<p>La OPS reiter\u00f3 que todav\u00eda no hay datos cient\u00edficos de que las vacunas contra Covid-19 no sirvan para proteger contra enfermedad grave y muerte en contagios por la variante \u00d3micron, ya que lo \u00fanico que se ha revelado es \u201cque su tasa de transmisi\u00f3n podr\u00eda ser dos o tres veces mayor que Delta\u201d, la variante con mayor circulaci\u00f3n en Am\u00e9rica.<\/p>\n<p style=\"text-align: center;\"><strong>Se triplicaron infecciones y muertes por Covid en 2021<\/strong><\/p>\n<p>En este a\u00f1o se triplic\u00f3 el n\u00famero de infecciones y fallecimientos por Covid-19, por lo que este a\u00f1o de pandemia fue peor en comparaci\u00f3n con 2020, se\u00f1al\u00f3 Carissa Etienne, directora de la OPS.<\/p>\n<p>En el \u00faltimo mensaje del a\u00f1o a medios informativos, precis\u00f3 que en lo que va de la pandemia, en Am\u00e9rica m\u00e1s de 98 millones de personas han padecido Covid-19 y 2.3 han perdido la vida; lo que significa m\u00e1s de un tercio de todos los casos a nivel mundial y una de cada cuatro muertes.<\/p>\n<p>Etienne asegur\u00f3 que durante 2021 los hospitales se vieron con grandes exigencias y los medicamentos fundamentales e insumos tambi\u00e9n est\u00e1n con n\u00fameros bajos de existencia.<\/p>\n<p>Por otra parte, dijo que aunque el despliegue de las vacunas contra Covid-19 en Am\u00e9rica no ha sido tan r\u00e1pido, actualmente el 56 por ciento de las personas tiene esquema completo.<\/p>\n<p>Puntualiz\u00f3 que se han administrado m\u00e1s de mil 300 millones de vacunas.<\/p>\n<p>Pa\u00edses como, Uruguay, Chile, Cuba y Canad\u00e1 tienen las coberturas vacunales m\u00e1s altas del mundo, pero hay personas de la regi\u00f3n que no han recibido las dosis y con esta brecha no se controlar\u00e1 la pandemia, precis\u00f3.<\/p>\n<p>Por otra parte, dijo que hay f\u00e1rmacos prometedores en \u00faltima etapa de desarrollo que podr\u00edan ayudar a tratar, evitar hospitalizaciones y prevenir muertes por Covid-19.<\/p>\n<p>\u201cSi son aprobados por autoridades regulatorias debemos estar listos para apalancar estas tecnolog\u00edas y aprovechar tambi\u00e9n las lecciones que hemos aprendido en los \u00faltimos dos a\u00f1os. La primera lecci\u00f3n es que toda decisi\u00f3n debe estar fundamentada en datos cient\u00edficos\u201d.<\/p>\n<p>\u201cInstamos a los pa\u00edses de nuestra regi\u00f3n a prestar atenci\u00f3n del asesoramiento de la OMS; los comit\u00e9s de expertos cient\u00edficos y los reguladores, cuya tarea es analizar minuciosamente la inocuidad y eficacia de los f\u00e1rmacos y recomendar cu\u00e1ndo, d\u00f3nde y c\u00f3mo utilizarlos\u201d, agreg\u00f3.<\/p>\n","protected":false},"excerpt":{"rendered":"<p>La Organizaci\u00f3n Panamericana de la Salud (OPS) alert\u00f3 este mi\u00e9rcoles sobre un mayor n\u00famero de contagios de coronavirus por la variante \u00d3micron en M\u00e9xico, donde ya se reportaron dos casos, adem\u00e1s del importado.<\/p>\n","protected":false},"author":3,"featured_media":530526,"comment_status":"open","ping_status":"open","sticky":false,"template":"","format":"standard","meta":{"_monsterinsights_skip_tracking":false,"_monsterinsights_sitenote_active":false,"_monsterinsights_sitenote_note":"","_monsterinsights_sitenote_category":0,"footnotes":""},"categories":[877],"tags":[90716,90898,94141,12757],"class_list":["post-530485","post","type-post","status-publish","format-standard","has-post-thumbnail","hentry","category-salud","tag-contagios","tag-ola","tag-omicron","tag-organizacion-panamericana-de-la-salud"],"_links":{"self":[{"href":"https:\/\/www.diarioimagen.net\/index.php?rest_route=\/wp\/v2\/posts\/530485","targetHints":{"allow":["GET"]}}],"collection":[{"href":"https:\/\/www.diarioimagen.net\/index.php?rest_route=\/wp\/v2\/posts"}],"about":[{"href":"https:\/\/www.diarioimagen.net\/index.php?rest_route=\/wp\/v2\/types\/post"}],"author":[{"embeddable":true,"href":"https:\/\/www.diarioimagen.net\/index.php?rest_route=\/wp\/v2\/users\/3"}],"replies":[{"embeddable":true,"href":"https:\/\/www.diarioimagen.net\/index.php?rest_route=%2Fwp%2Fv2%2Fcomments&post=530485"}],"version-history":[{"count":0,"href":"https:\/\/www.diarioimagen.net\/index.php?rest_route=\/wp\/v2\/posts\/530485\/revisions"}],"wp:featuredmedia":[{"embeddable":true,"href":"https:\/\/www.diarioimagen.net\/index.php?rest_route=\/wp\/v2\/media\/530526"}],"wp:attachment":[{"href":"https:\/\/www.diarioimagen.net\/index.php?rest_route=%2Fwp%2Fv2%2Fmedia&parent=530485"}],"wp:term":[{"taxonomy":"category","embeddable":true,"href":"https:\/\/www.diarioimagen.net\/index.php?rest_route=%2Fwp%2Fv2%2Fcategories&post=530485"},{"taxonomy":"post_tag","embeddable":true,"href":"https:\/\/www.diarioimagen.net\/index.php?rest_route=%2Fwp%2Fv2%2Ftags&post=530485"}],"curies":[{"name":"wp","href":"https:\/\/api.w.org\/{rel}","templated":true}]}}