{"id":530615,"date":"2021-12-17T00:01:45","date_gmt":"2021-12-17T06:01:45","guid":{"rendered":"https:\/\/www.diarioimagen.net\/?p=530615"},"modified":"2021-12-17T07:40:26","modified_gmt":"2021-12-17T13:40:26","slug":"poquito-del-frio-de-quebec-trajeron-a-la-ciudad-de-mexico","status":"publish","type":"post","link":"https:\/\/www.diarioimagen.net\/?p=530615","title":{"rendered":"\u201cPoquito\u201d del fr\u00edo de Qu\u00e9bec trajeron a la Ciudad de M\u00e9xico"},"content":{"rendered":"<h2>De cinco estrellas<\/h2>\n<h5>Victoria Gonz\u00e1lez Prado<\/h5>\n<p>&nbsp;<\/p>\n<ul>\n<li><strong><em>Destinos de Sudam\u00e9rica ser\u00e1n reducidos por <\/em>American Airlines<em> en 2022<\/em><\/strong><\/li>\n<\/ul>\n<p>&nbsp;<\/p>\n<div id=\"attachment_530752\" style=\"width: 470px\" class=\"wp-caption aligncenter\"><a href=\"https:\/\/www.diarioimagen.net\/?attachment_id=530752\" rel=\"attachment wp-att-530752\"><img loading=\"lazy\" decoding=\"async\" aria-describedby=\"caption-attachment-530752\" class=\"size-full wp-image-530752\" src=\"https:\/\/www.diarioimagen.net\/wp-content\/uploads\/2021\/12\/turismo-7.jpg\" alt=\"\" width=\"460\" height=\"270\" \/><\/a><p id=\"caption-attachment-530752\" class=\"wp-caption-text\">Los anfitriones de Bonjour Qu\u00e9bec.<\/p><\/div>\n<p>&nbsp;<\/p>\n<p>S\u00f3lo nos trajeron \u201cpoquito\u201d del fr\u00edo de Qu\u00e9bec a la Ciudad de M\u00e9xico \u2014eso nos dijeron\u2014 la realidad es que hac\u00eda mucho fr\u00edo en la reuni\u00f3n de <em>Bounjour Qu\u00e9bec<\/em> en la pista de hielo de San Jer\u00f3nimo hasta donde lleg\u00f3, esa noche, el invierno.<\/p>\n<p>Quienes compartimos la mesa tirit\u00e1bamos de fr\u00edo. Ten\u00edamos pies y manos congelados y nos dieron la bienvenida con whisky en las rocas y otras bebidas de la regi\u00f3n. Si lo que quer\u00edan era que disfrut\u00e1ramos del \u201cpoquito\u201d del fr\u00edo que nos trajeron, \u00a1lo consiguieron!<\/p>\n<p>Parte de la pista de hielo estaba cubierta por tapete rojo muy delgado y estar de pie era sin\u00f3nimo de congelarse. Sirvieron ponche, bien calientito, para entrar en calor, pero, al ponerlo en la mesa, ya estaba tibio. Sin embargo, la noche fue muy divertida y el equipo de Qu\u00e9bec dio a conocer las buenas nuevas.<\/p>\n<p>En su oportunidad, <strong>Lourdes Berho, <\/strong><em>CEO and Founder de Alchemia<\/em>, empresa que representa a <em>Bonjour Qu\u00e9bec<\/em> en M\u00e9xico \u2013acompa\u00f1ada por su equipo de trabajo, <strong>Oscar Isgleas,<\/strong> <em>Trade Manager de Bonjour Qu\u00e9bec<\/em>; <strong>Carolina Trasvi\u00f1a<\/strong>, <em>Senior Account Director de Alchemia y, <\/em><strong>Daya Cruz<\/strong>, <em>Director of Trade and partnerships\u2014 <\/em>dijo: \u201ccon sus paisajes que hacen suspirar, su cultura, creatividad, y la calidez de su gente, la provincia de Qu\u00e9bec sigue ah\u00ed, y est\u00e1 lista para ser descubierta o redescubierta por todos los mexicanos\u201d.<\/p>\n<p>Invit\u00f3 a la industria a seguir creando experiencias \u00fanicas en la provincia de Qu\u00e9bec. \u201cDurante la pausa en los viajes entre M\u00e9xico y Qu\u00e9bec, el sector tur\u00edstico no se detuvo y sigui\u00f3 con su indiscutible esp\u00edritu creativo e innovador, aumentando el alto nivel de calidad y calidez del destino, que tiene como prioridad la seguridad y sustentabilidad.<\/p>\n<p>\u201cEl turismo responsable ha tomado mayor relevancia en el mundo y Qu\u00e9bec no es la excepci\u00f3n, lo que demuestra en sus medidas de bioseguridad. Hay mucho por descubrir, con las nuevas experiencias que los prestadores de servicios tur\u00edsticos han integrado a su oferta, y que se unen a la marca destino <em>Bonjour Qu\u00e9bec,<\/em> que conjuga la herencia de la cultura francesa y su reconocido sentido hospitalario\u201d, agreg\u00f3 <strong>Berho<\/strong>.<\/p>\n<p>En su oportunidad,<strong> Oscar Isgleas<\/strong>, asegur\u00f3 que \u201cel invierno se invent\u00f3 en Qu\u00e9bec\u201d, no lo dudo, disfrutan diversas actividades al aire libre en pleno invierno y el fr\u00edo que trajeron a la capital mexicana, fue \u201ccasi nada\u201d. Se refiri\u00f3 tambi\u00e9n a que la provincia cuenta con 75 villas de esqu\u00ed con m\u00e1s de 375 pistas para esquiar, y la posibilidad de hacer <em>snowmobiling<\/em> (moto con esquies) y otros deportes invernales.<\/p>\n<p>Mencion\u00f3 la oferta gastron\u00f3mica del destino \u2013que probamos en la reuni\u00f3n\u2014 y sus famosos spas n\u00f3rdicos y asegur\u00f3 que a partir del 2 de enero y al final de marzo, abrir\u00e1 el Hotel de Hielo y, reiter\u00f3 que est\u00e1n sucediendo muchas cosas en Qu\u00e9bec.<\/p>\n<p>Ante la `nueva normalidad`, \u201cCanad\u00e1, agreg\u00f3 <strong>Oscar, <\/strong>tiene requisitos para poder entrar al pa\u00eds<em>: <\/em>certificado de vacunaci\u00f3n (con las vacunas aprobadas por la OMS) y prueba PCR negativa realizada 24 horas antes de llegar\u201d.<\/p>\n<p>En la reuni\u00f3n, estuvieron <strong>Stephani Allard-Gomez<\/strong>, delegada general de Qu\u00e9bec en M\u00e9xico, socios comerciales como <strong>Jos\u00e9 Zapata<\/strong>, vicepresidente de ventas de Aerom\u00e9xico y <strong>Luis Noriega<\/strong>, director de <em>Air Canada<\/em> en M\u00e9xico; <em>Destination Canada, <\/em>organismo de promoci\u00f3n de ese pa\u00eds, representantes de hoteles, agencias de viajes y receptivos.<\/p>\n<p><strong>Jos\u00e9 Zapata<\/strong>, indic\u00f3 que a la fecha mantienen un vuelo diario de Ciudad de M\u00e9xico a Montreal, Toronto y Vancouver, y est\u00e1n evaluando la demanda del mercado en los pr\u00f3ximos meses para posible incremento en las frecuencias. \u201cSeguimos evaluando el comportamiento de la pandemia y la nueva variante \u00d3micron, pero por el momento no hay cambios ya que no hemos visto nada relevante\u201d.<\/p>\n<p><strong>Luis Noriega<\/strong>, comparti\u00f3 que de la ciudad de M\u00e9xico hay vuelos a tres destinos, entre ellos uno diario a Montreal. \u201cEmpezamos a volar a los destinos de playa del pa\u00eds desde algunas de las ciudades canadienses m\u00e1s importantes. Ya tenemos la misma capacidad de operaciones que en 2019. Seguimos el comportamiento de la pandemia, y pes\u00e9 a la nueva variante y a la cuarta ola de contagios, nuestros itinerarios siguen intactos y no hemos tenido ca\u00edda en la demanda\u201d.<\/p>\n<p>Tambi\u00e9n, vimos video enviado por <strong>James Allen<\/strong>, <em>Regional Market Manager North Americaand Businness Development Specialist<\/em>, quien agradeci\u00f3 la presencia de los reunidos en la pista de hielo e invit\u00f3 a conocer la provincia de Qu\u00e9bec que sobresale por ser uno de los destinos preferidos de los mexicanos para disfrutar durante el invierno, con actividades como motos de nieve, escalar en hielo, recorridos en <em>fatbikes, <\/em>canotaje sobre hielo y paseos en trineos tirados por perros.<\/p>\n<p>Qu\u00e9bec es la \u00fanica ciudad amurallada de Norteam\u00e9rica, conserva en excelente estado tres de las puertas originales. El centro hist\u00f3rico y este recinto amurallado fueron declarados Patrimonio de la Humanidad por la Unesco en 1985.<\/p>\n<p>\u2730\u2730\u2730\u2730\u2730 Ante la falta de aviones, <em>American Airlines<\/em> reducir\u00e1 vuelos a distintos destinos de Sudam\u00e9rica a partir de marzo de 2022. La aerol\u00ednea norteamericana est\u00e1 a la espera de recibir aviones <em>787 Dreamliner<\/em> que la empresa <em>Boeing<\/em> retras\u00f3 a causa de la pandemia.<\/p>\n<p>En comunicado, <em>American <\/em>indic\u00f3 que sin estas aeronaves la firma no puede operar al nivel que hab\u00edan planeado. Como otras aerol\u00edneas, la estadounidense apost\u00f3 por los aviones de <em>Boeing <\/em>como base fundamental para sus operaciones de larga distancia.<\/p>\n<p>Antes de la pandemia la l\u00ednea a\u00e9rea decidi\u00f3 retirar sus aviones m\u00e1s viejos para reemplazarlos por los 787. Esto no sucedi\u00f3 por la Covid-19 y han recibido en este a\u00f1o s\u00f3lo un avi\u00f3n.<\/p>\n<p>La reducci\u00f3n anunciada de vuelos a Sudam\u00e9rica coincide con la temporada alta de vuelos desde y hacia Europa tras la reducci\u00f3n de restricciones. Los ajustes beneficiaron a algunos destinos europeos pero afectaran a Brasil, Chile y Argentina el pr\u00f3ximo a\u00f1o.<\/p>\n<p>Entre las rutas impactadas para 2022 ser\u00e1n las provenientes de Dallas a Buenos Aires, Santiago de Chile y San Pablo. Desde Miami, Buenos Aires tendr\u00e1 10 frecuencias en lugar de 14 semanales y San Pablo s\u00f3lo tendr\u00e1 dos.<\/p>\n<p>Desde Nueva York la ruta hacia R\u00edo de Janeiro quedar\u00e1 suspendida en marzo pr\u00f3ximo y a San Pablo una diaria. La compa\u00f1\u00eda a\u00e9rea dijo que estos cambios se aplicar\u00e1n a partir de marzo o abril de 2022, y estar\u00e1 sujeta a cambios.<\/p>\n<p>&nbsp;<\/p>\n<blockquote>\n<p style=\"text-align: right;\">\u201c<strong>El<\/strong> <strong>\u00e1ngel de la fama tiene sus alas hechas de papel&#8230; peri\u00f3dico\u201d.<br \/>\n<\/strong><\/p>\n<\/blockquote>\n<p>&nbsp;<\/p>\n<p><em><span class=\"Apple-converted-space\"><a href=\"mailto:victoriagprado@gmail.com\" target=\"_blank\" rel=\"noopener noreferrer\">victoriagprado@gmail.com<\/a><br \/>\nTwitter: <a href=\"https:\/\/twitter.com\/victoriagprado\" target=\"_blank\" rel=\"noopener noreferrer\">@victoriagprado<\/a><\/span><\/em><\/p>\n","protected":false},"excerpt":{"rendered":"<p>S\u00f3lo nos trajeron \u201cpoquito\u201d del fr\u00edo de Qu\u00e9bec a la Ciudad de M\u00e9xico \u2014eso nos dijeron\u2014 la realidad es que hac\u00eda mucho fr\u00edo en la reuni\u00f3n de Bounjour Qu\u00e9bec en la pista de hielo de San Jer\u00f3nimo hasta donde lleg\u00f3, esa noche, el invierno.<\/p>\n","protected":false},"author":3,"featured_media":530752,"comment_status":"open","ping_status":"open","sticky":false,"template":"","format":"standard","meta":{"_monsterinsights_skip_tracking":false,"_monsterinsights_sitenote_active":false,"_monsterinsights_sitenote_note":"","_monsterinsights_sitenote_category":0,"footnotes":""},"categories":[11],"tags":[107,43674,43681,106],"class_list":["post-530615","post","type-post","status-publish","format-standard","has-post-thumbnail","hentry","category-turismo","tag-de-cinco-estrellas","tag-opinion","tag-turismo","tag-victoria-gonzalez-prado"],"_links":{"self":[{"href":"https:\/\/www.diarioimagen.net\/index.php?rest_route=\/wp\/v2\/posts\/530615","targetHints":{"allow":["GET"]}}],"collection":[{"href":"https:\/\/www.diarioimagen.net\/index.php?rest_route=\/wp\/v2\/posts"}],"about":[{"href":"https:\/\/www.diarioimagen.net\/index.php?rest_route=\/wp\/v2\/types\/post"}],"author":[{"embeddable":true,"href":"https:\/\/www.diarioimagen.net\/index.php?rest_route=\/wp\/v2\/users\/3"}],"replies":[{"embeddable":true,"href":"https:\/\/www.diarioimagen.net\/index.php?rest_route=%2Fwp%2Fv2%2Fcomments&post=530615"}],"version-history":[{"count":0,"href":"https:\/\/www.diarioimagen.net\/index.php?rest_route=\/wp\/v2\/posts\/530615\/revisions"}],"wp:featuredmedia":[{"embeddable":true,"href":"https:\/\/www.diarioimagen.net\/index.php?rest_route=\/wp\/v2\/media\/530752"}],"wp:attachment":[{"href":"https:\/\/www.diarioimagen.net\/index.php?rest_route=%2Fwp%2Fv2%2Fmedia&parent=530615"}],"wp:term":[{"taxonomy":"category","embeddable":true,"href":"https:\/\/www.diarioimagen.net\/index.php?rest_route=%2Fwp%2Fv2%2Fcategories&post=530615"},{"taxonomy":"post_tag","embeddable":true,"href":"https:\/\/www.diarioimagen.net\/index.php?rest_route=%2Fwp%2Fv2%2Ftags&post=530615"}],"curies":[{"name":"wp","href":"https:\/\/api.w.org\/{rel}","templated":true}]}}