{"id":530619,"date":"2021-12-17T00:01:10","date_gmt":"2021-12-17T06:01:10","guid":{"rendered":"https:\/\/www.diarioimagen.net\/?p=530619"},"modified":"2021-12-17T08:00:59","modified_gmt":"2021-12-17T14:00:59","slug":"inaugura-el-edil-armando-navarrete-la-xx-edicion-de-la-feria-de-la-trucha","status":"publish","type":"post","link":"https:\/\/www.diarioimagen.net\/?p=530619","title":{"rendered":"Inaugura el edil Armando Navarrete la XX edici\u00f3n de la Feria de la Trucha"},"content":{"rendered":"<p>&nbsp;<\/p>\n<div id=\"attachment_530789\" style=\"width: 470px\" class=\"wp-caption aligncenter\"><a href=\"https:\/\/www.diarioimagen.net\/?attachment_id=530789\" rel=\"attachment wp-att-530789\"><img loading=\"lazy\" decoding=\"async\" aria-describedby=\"caption-attachment-530789\" class=\"size-full wp-image-530789\" src=\"https:\/\/www.diarioimagen.net\/wp-content\/uploads\/2021\/12\/nicolas-10.jpg\" alt=\"\" width=\"460\" height=\"270\" \/><\/a><p id=\"caption-attachment-530789\" class=\"wp-caption-text\">La reuni\u00f3n entre vecinos y autoridades de los tres niveles de gobierno estuvo encabezada por el alcalde Raciel P\u00e9rez Cruz y Eduardo Olmos, director de Vinculaci\u00f3n y Gesti\u00f3n de Riesgos de la Coordinaci\u00f3n Nacional de Protecci\u00f3n Civil.<\/p><\/div>\n<p>&nbsp;<\/p>\n<p><strong>Nicol\u00e1s Romero, Estado de M\u00e9xico<\/strong><strong>.\u2014<\/strong> Al inaugurar la edici\u00f3n n\u00famero XX de la Feria de la Trucha \u2014con duraci\u00f3n del 15 al 19 de diciembre\u2014, luego de que esta tradicional exposici\u00f3n no se realizara en 2020 debido a la pandemia de Covid-19, el alcalde Armando Navarrete L\u00f3pez, asegur\u00f3 que con un gobierno renovado como el que preside, los productores acu\u00edcolas del municipio ver\u00e1n fortalecida la generaci\u00f3n, comercializaci\u00f3n y transformaci\u00f3n de este nutritivo producto.<\/p>\n","protected":false},"excerpt":{"rendered":"<p>Al inaugurar la edici\u00f3n n\u00famero XX de la Feria de la Trucha \u2014con duraci\u00f3n del 15 al 19 de diciembre\u2014, luego de que esta tradicional exposici\u00f3n no se realizara en 2020 debido a la pandemia de Covid-19, el alcalde Armando Navarrete L\u00f3pez, asegur\u00f3 que con un gobierno renovado como el que preside, los productores acu\u00edcolas del municipio ver\u00e1n fortalecida la generaci\u00f3n, comercializaci\u00f3n y transformaci\u00f3n de este nutritivo producto.<\/p>\n","protected":false},"author":3,"featured_media":530789,"comment_status":"open","ping_status":"open","sticky":false,"template":"","format":"standard","meta":{"_monsterinsights_skip_tracking":false,"_monsterinsights_sitenote_active":false,"_monsterinsights_sitenote_note":"","_monsterinsights_sitenote_category":0,"footnotes":""},"categories":[5],"tags":[43675,89273,752],"class_list":["post-530619","post","type-post","status-publish","format-standard","has-post-thumbnail","hentry","category-estado-de-mexico","tag-estado-de-mexico","tag-feria-de-la-trucha","tag-nicolas-romero"],"_links":{"self":[{"href":"https:\/\/www.diarioimagen.net\/index.php?rest_route=\/wp\/v2\/posts\/530619","targetHints":{"allow":["GET"]}}],"collection":[{"href":"https:\/\/www.diarioimagen.net\/index.php?rest_route=\/wp\/v2\/posts"}],"about":[{"href":"https:\/\/www.diarioimagen.net\/index.php?rest_route=\/wp\/v2\/types\/post"}],"author":[{"embeddable":true,"href":"https:\/\/www.diarioimagen.net\/index.php?rest_route=\/wp\/v2\/users\/3"}],"replies":[{"embeddable":true,"href":"https:\/\/www.diarioimagen.net\/index.php?rest_route=%2Fwp%2Fv2%2Fcomments&post=530619"}],"version-history":[{"count":0,"href":"https:\/\/www.diarioimagen.net\/index.php?rest_route=\/wp\/v2\/posts\/530619\/revisions"}],"wp:featuredmedia":[{"embeddable":true,"href":"https:\/\/www.diarioimagen.net\/index.php?rest_route=\/wp\/v2\/media\/530789"}],"wp:attachment":[{"href":"https:\/\/www.diarioimagen.net\/index.php?rest_route=%2Fwp%2Fv2%2Fmedia&parent=530619"}],"wp:term":[{"taxonomy":"category","embeddable":true,"href":"https:\/\/www.diarioimagen.net\/index.php?rest_route=%2Fwp%2Fv2%2Fcategories&post=530619"},{"taxonomy":"post_tag","embeddable":true,"href":"https:\/\/www.diarioimagen.net\/index.php?rest_route=%2Fwp%2Fv2%2Ftags&post=530619"}],"curies":[{"name":"wp","href":"https:\/\/api.w.org\/{rel}","templated":true}]}}