{"id":530626,"date":"2021-12-17T00:04:17","date_gmt":"2021-12-17T06:04:17","guid":{"rendered":"https:\/\/www.diarioimagen.net\/?p=530626"},"modified":"2021-12-17T07:59:08","modified_gmt":"2021-12-17T13:59:08","slug":"autoridades-de-huixquilucan-ponen-en-marcha-operativo-navideno-2021-acaba-el-10-de-enero","status":"publish","type":"post","link":"https:\/\/www.diarioimagen.net\/?p=530626","title":{"rendered":"Autoridades de Huixquilucan ponen en marcha Operativo Navide\u00f1o 2021; acaba el 10 de enero"},"content":{"rendered":"<p>&nbsp;<\/p>\n<ul>\n<li><strong><em>Resguardar\u00e1n las tres zonas del municipio<\/em><\/strong><\/li>\n<\/ul>\n<p>&nbsp;<\/p>\n<div id=\"attachment_530781\" style=\"width: 470px\" class=\"wp-caption aligncenter\"><a href=\"https:\/\/www.diarioimagen.net\/?attachment_id=530781\" rel=\"attachment wp-att-530781\"><img loading=\"lazy\" decoding=\"async\" aria-describedby=\"caption-attachment-530781\" class=\"size-full wp-image-530781\" src=\"https:\/\/www.diarioimagen.net\/wp-content\/uploads\/2021\/12\/huixquilucan-11.jpg\" alt=\"\" width=\"460\" height=\"270\" \/><\/a><p id=\"caption-attachment-530781\" class=\"wp-caption-text\">La Direcci\u00f3n de Seguridad P\u00fablica\u00a0y Vialidad implementar\u00e1 el Operativo Navide\u00f1o, en el cual participa toda la fuerza policiaca, as\u00ed como el personal de Protecci\u00f3n Civil y de la Unidad de Rescate.<\/p><\/div>\n<p>&nbsp;<\/p>\n<p><strong>Huixquilucan, Estado de M\u00e9xico.\u2014<\/strong> Desde el mi\u00e9rcoles 15 de diciembre y hasta el lunes 10 de enero de 2022, la Direcci\u00f3n de Seguridad P\u00fablica y Vialidad de Huixquilucan implementar\u00e1 el Operativo Navide\u00f1o 2021, en el cual participa toda la fuerza policiaca, as\u00ed como el personal de Protecci\u00f3n Civil y de la Unidad de Rescate, con la finalidad de resguardar las tres zonas que conforman este municipio durante la \u00e9poca decembrina.<\/p>\n<p>El director de Seguridad P\u00fablica y Vialidad, Luis Antonio Alarc\u00f3n Mart\u00ednez, inform\u00f3 que, a partir de este d\u00eda, el personal de la dependencia se desplegar\u00e1 en los sitios comerciales y de bancos, as\u00ed como en las entradas y salidas del municipio para resguardar la actividad comercial y de servicios, al tiempo en que se reforzar\u00e1n los recorridos en las zonas habitacionales y en lugares estrat\u00e9gicos para evitar que las personas que viven o transitan por Huixquilucan sean v\u00edctimas de alg\u00fan il\u00edcito.<\/p>\n<p>Indic\u00f3 que el personal adscrito a la Subdirecci\u00f3n de Vialidad realizar\u00e1 operativos para agilizar el tr\u00e1nsito en las consideradas \u201choras pico\u201d, mientras que, desde los dos Centros de Mando, se mantendr\u00e1 la vigilancia en colonias, fraccionamientos, zonas bancarias y comerciales de Huixquilucan para monitorear que las personas est\u00e9n realizando sus compras sin contratiempos.<\/p>\n<p>Luis Antonio Alarc\u00f3n se\u00f1al\u00f3 que este operativo se suma al \u201cAguinaldo 2021\u201d que se puso en marcha desde el fin de semana anterior, con el fin de resguardar las zonas bancarias del municipio y evitar la comisi\u00f3n de delitos en esta \u00e9poca, donde las personas hacen mayores operaciones de dinero, adem\u00e1s de los recorridos por sector que hacen las unidades.<\/p>\n<p>Agreg\u00f3 que, en este periodo, quedar\u00e1 suspendido el periodo vacacional para el personal operativo de esta direcci\u00f3n, con la finalidad de poder contar con el cien por ciento de la fuerza de seguridad desplegado en el territorio, en beneficio de la ciudadan\u00eda y de su patrimonio.<\/p>\n<p>El director de Seguridad P\u00fablica recomend\u00f3 a las personas que vayan a salir de vacaciones durante las siguientes semanas, cerrar completamente puertas y ventanas, no dejar luces encendidas y, de ser posible, avisar a sus vecinos de confianza para que permanezcan al pendiente de sus domicilios, adem\u00e1s de mantenerse al pendiente de los grupos vecinales de WhatsApp, para actuar de inmediato en caso de que se requiera.<\/p>\n<p>Record\u00f3 que el gobierno municipal cuenta con la aplicaci\u00f3n C-now, desde la cual las personas pueden reportar en tiempo real alguna situaci\u00f3n de emergencia desde su tel\u00e9fono m\u00f3vil, misma que ser\u00e1 atendida por personal capacitado en el Centro de Mando.<\/p>\n","protected":false},"excerpt":{"rendered":"<p>Desde el mi\u00e9rcoles 15 de diciembre y hasta el lunes 10 de enero de 2022, la Direcci\u00f3n de Seguridad P\u00fablica y Vialidad de Huixquilucan implementar\u00e1 el Operativo Navide\u00f1o 2021, en el cual participa toda la fuerza policiaca, as\u00ed como el personal de Protecci\u00f3n Civil y de la Unidad de Rescate, con la finalidad de resguardar las tres zonas que conforman este municipio durante la \u00e9poca decembrina.<\/p>\n","protected":false},"author":3,"featured_media":530781,"comment_status":"open","ping_status":"open","sticky":false,"template":"","format":"standard","meta":{"_monsterinsights_skip_tracking":false,"_monsterinsights_sitenote_active":false,"_monsterinsights_sitenote_note":"","_monsterinsights_sitenote_category":0,"footnotes":""},"categories":[5],"tags":[43675,1097,89223],"class_list":["post-530626","post","type-post","status-publish","format-standard","has-post-thumbnail","hentry","category-estado-de-mexico","tag-estado-de-mexico","tag-huixquilucan","tag-operativo-navideno"],"_links":{"self":[{"href":"https:\/\/www.diarioimagen.net\/index.php?rest_route=\/wp\/v2\/posts\/530626","targetHints":{"allow":["GET"]}}],"collection":[{"href":"https:\/\/www.diarioimagen.net\/index.php?rest_route=\/wp\/v2\/posts"}],"about":[{"href":"https:\/\/www.diarioimagen.net\/index.php?rest_route=\/wp\/v2\/types\/post"}],"author":[{"embeddable":true,"href":"https:\/\/www.diarioimagen.net\/index.php?rest_route=\/wp\/v2\/users\/3"}],"replies":[{"embeddable":true,"href":"https:\/\/www.diarioimagen.net\/index.php?rest_route=%2Fwp%2Fv2%2Fcomments&post=530626"}],"version-history":[{"count":0,"href":"https:\/\/www.diarioimagen.net\/index.php?rest_route=\/wp\/v2\/posts\/530626\/revisions"}],"wp:featuredmedia":[{"embeddable":true,"href":"https:\/\/www.diarioimagen.net\/index.php?rest_route=\/wp\/v2\/media\/530781"}],"wp:attachment":[{"href":"https:\/\/www.diarioimagen.net\/index.php?rest_route=%2Fwp%2Fv2%2Fmedia&parent=530626"}],"wp:term":[{"taxonomy":"category","embeddable":true,"href":"https:\/\/www.diarioimagen.net\/index.php?rest_route=%2Fwp%2Fv2%2Fcategories&post=530626"},{"taxonomy":"post_tag","embeddable":true,"href":"https:\/\/www.diarioimagen.net\/index.php?rest_route=%2Fwp%2Fv2%2Ftags&post=530626"}],"curies":[{"name":"wp","href":"https:\/\/api.w.org\/{rel}","templated":true}]}}