{"id":530667,"date":"2021-12-17T00:22:37","date_gmt":"2021-12-17T06:22:37","guid":{"rendered":"https:\/\/www.diarioimagen.net\/?p=530667"},"modified":"2022-01-07T05:09:37","modified_gmt":"2022-01-07T11:09:37","slug":"ciudades-mexicanas-patrimonio-de-la-humanidad","status":"publish","type":"post","link":"https:\/\/www.diarioimagen.net\/?p=530667","title":{"rendered":"Ciudades mexicanas patrimonio de la humanidad"},"content":{"rendered":"<h1>Politigrama<\/h1>\n<h4>V\u00edctor Manuel J\u00e1come<\/h4>\n<p>&nbsp;<\/p>\n<p><a href=\"https:\/\/www.diarioimagen.net\/?attachment_id=530744\" rel=\"attachment wp-att-530744\"><img loading=\"lazy\" decoding=\"async\" class=\"aligncenter size-full wp-image-530744\" src=\"https:\/\/www.diarioimagen.net\/wp-content\/uploads\/2021\/12\/Diapositiva1-2.jpg\" alt=\"\" width=\"460\" height=\"354\" \/><\/a><\/p>\n<p>&nbsp;<\/p>\n<h3 style=\"text-align: center;\">H O R I Z O N T A L E S :<\/h3>\n<p>&nbsp;<\/p>\n<p><strong>3.-<\/strong> \u00bfC\u00f3mo se llama el Programa que, a partir del a\u00f1o 2004, la C\u00e1mara de Diputados etiquet\u00f3 recursos en el Presupuesto de Egresos de la Federaci\u00f3n para las ciudades mexicanas declaradas \u201cPatrimonio Mundial de la Humanidad\u201d por la Organizaci\u00f3n para la Educaci\u00f3n, la Ciencia y la Cultura de las Naciones Unidas, \u00bfmismos que controla y administra el Fondo Nacional para la Cultura y las Artes con estricto apego a la normatividad que rige la operaci\u00f3n del mismo?\u00a0 y del cual tratar\u00e1 este Politigrama.<\/p>\n<p><strong>2.-<\/strong> Siglas invertidas de la Organizaci\u00f3n para la Educaci\u00f3n, la Ciencia y la Cultura de las Naciones Unidas cuya directora general es actualmente Audrey Azoulay y nuestra representante mexicana ante ese organismo es Emma Mar\u00eda Jos\u00e9 Rodr\u00edguez Sifuentes.<\/p>\n<p><strong>4.-<\/strong> Siglas de la Secretar\u00eda a cargo de Alejandra Fraustro Guerrero.<\/p>\n<p><strong>5.-<\/strong> Siglas del Fondo Nacional para la Cultura y las Artes a cargo de Adriana Konzevik Cabib.<\/p>\n<p><strong>6.-<\/strong> Como se les dice de cari\u00f1o a los que se llaman Mois\u00e9s. (Inv).<\/p>\n<p><strong>8.-<\/strong> Nombre de la capital del pa\u00eds, de car\u00e1cter vibrante, multifac\u00e9tico y siempre en movimiento, es el n\u00facleo, pol\u00edtico, econ\u00f3mico y cultural de la Rep\u00fablica Mexicana. Y actualmente es gobernada por Claudia Sheinbaum Pardo. Que junto con Xochimilco cuyo alcalde es Cesar Moreno y forman parte del Programa de las Ciudades Mexicanas del Patrimonio Mundial de la UNESCO.<\/p>\n<p><strong>9.-<\/strong> \u00bfCu\u00e1l es la finalidad del Programa en menci\u00f3n hacia los habitantes de dichas ciudades y que se debe reflejar en su vida diaria?<\/p>\n<p><strong>11.-<\/strong> Iniciales de Sandra \u00c1vila.<\/p>\n<p><strong>12.-<\/strong> Nota musical.<\/p>\n<p><strong>14.-<\/strong> Adverbio que resulta de pedir una cantidad mayor de la que se tiene.<\/p>\n<p><strong>15.<\/strong>&#8211; Adjetivo que resulta del que tiene una calidad superior a otro.<\/p>\n<p><strong>16.-<\/strong> Iniciales de Mar\u00eda Torres.<\/p>\n<p><strong>17.-<\/strong> Iniciales de Uribe Jos\u00e9.<\/p>\n<p><strong>18.-<\/strong> Iniciales de Nora R\u00faa.<\/p>\n<p><strong>19.-<\/strong> Iniciales de Dany Ordaz.<\/p>\n<p><strong>21.-<\/strong> Nombre de la Ciudad capital del estado mexicano de su mismo, fundada el 8 de septiembre de 1546 a partir del descubrimiento de las ricas minas de plata cuyo Gobernador que pronto dejar\u00e1 de serlo, es Alejando Tello y presidente municipal de la ciudad es Jorge Miranda Castro que tambi\u00e9n forman parte del Programa de la UNESCO.<\/p>\n<p><strong>26.-<\/strong> Nombre invertido de la ciudad de los \u00c1ngeles y conocida tambi\u00e9n por su historia culinaria, la arquitectura colonial y las cer\u00e1micas pintadas de talavera y que adornan muchos de sus edificios. Gobierna el Estado Miguel Barbosa Huerta y la ciudad Eduardo Rivera P\u00e9rez que tambi\u00e9n forma parte del Programa de la UNESCO.<\/p>\n<p><strong>27.-<\/strong> Onda de gran amplitud que se forma en la superficie del agua a causa del viento o de las corrientes.<\/p>\n<p><strong>28.-<\/strong> Iniciales de H\u00e9ctor \u00cd\u00f1igo.<\/p>\n<p><strong>29.-<\/strong> Carta invertida de la baraja con la que se identifica a Marcelo Ebrard por su inter\u00e9s en relevar en elecciones al presidente Andr\u00e1s Manuel L\u00f3pez Obrador.<\/p>\n<p><strong>30.-<\/strong> Nombre invertido de la Ciudad del sureste Veracruzano dentro de los l\u00edmites de la Cuenca del Papaloapan, en M\u00e9xico, su nombre significa \u201ctierra partida\u201d y su centro hist\u00f3rico de fue declarado como Patrimonio Cultural de la Humanidad por la Unesco en 1998. Gobierna la ciudad Christian Romero P\u00e9rez y el estado lo gobierna Cuitl\u00e1huac Garc\u00eda Jim\u00e9nez. Y la ciudad forma parte dl Programa de la UNESCO.<\/p>\n<p><strong>32.-<\/strong> Nombre de la ciudad conocida por sus edificios coloniales, muchos de los cuales est\u00e1n hechos de piedra volc\u00e1nica verde adem\u00e1s de sus bellas costas paradisiacas y el estado del mismo nombre es gobernado por Alejandro Murat y la ciudad la gobierna Luz Mar\u00eda Soledad Canseco V\u00e1squez y tambi\u00e9n forma parte del Programa de la UNESCO.<\/p>\n<p><strong>36.-<\/strong> Corriente natural de agua que fluye permanentemente y va a desembocar en otra, en un lago o en el mar.<\/p>\n<p><strong>37.-<\/strong> Nombre de la ciudad de la \u00e9poca colonial en la zona alta central de M\u00e9xico, es conocida por su arquitectura barroca espa\u00f1ola, su activa escena art\u00edstica y sus festivales culturales. Gobierna la entidad y pronto dejar\u00e1 de hacerlo Diego Sinhue Rodr\u00edguez Vallejo y el presidente municipal es Mauricio Trejo Pureco.<\/p>\n<p>&nbsp;<\/p>\n<h3 style=\"text-align: center;\">V E R T I C A L E S :<\/h3>\n<p>&nbsp;<\/p>\n<p><strong>1.-<\/strong> Nombre de la ciudad puerto, ubicada en el golfo de M\u00e9xico. Es conocida por sus edificios coloniales barrocos conservados, la arquitectura militar y el distrito hist\u00f3rico amurallado. En respuesta a los ataques piratas, la ciudad se fortific\u00f3 en el siglo XVII y 2 fortalezas sobre cerros son museos en la actualidad. El estado lo gobierna la morenista Layda Sansores y la ciudad es gobernada por Biby Karen Rabelo. Y efectivamente forman parte del Programa de la UNESCO.<\/p>\n<p><strong>3.-<\/strong> Como se le conoce al H. Congreso de la\u2026 que agrupa a 500 diputados y 128 senadores.<\/p>\n<p><strong>7.-<\/strong> Nombre de la capital de Michoac\u00e1n y cabecera del municipio del mismo nombre. La ciudad fue fundada por el Virrey Don Antonio de Mendoza el 18 de mayo de 1541. El estado lo gobierna Alfredo Ram\u00edrez Bedolla y el presidente municipal es Alfonso Jes\u00fas Mart\u00ednez Alc\u00e1zar. Y la ciudad tambi\u00e9n es beneficiada por el Programa de la UNESCO.<\/p>\n<p><strong>10.-<\/strong> Nombre de la ciudad del mismo nombre que se encuentra al oeste del estado, en el centro de M\u00e9xico, al sureste del macrorregi\u00f3n del Baj\u00edo. Es atravesada de oriente a poniente por el r\u00edo del mismo nombre que forma parte de la cuenca del R\u00edo Lerma. El estado lo gobierna Mauricio Kuri Gonz\u00e1lez y la ciudad Luis Bernardo Nava Guerrero. Igualmente es beneficiada por el Programa UNESCO llamado: \u201cCiudades Mexicanas del Patrimonio Mundial\u201d.<\/p>\n<p><strong>11.-<\/strong> Como se le conoce al T\u00edo de los Estados Unidos.<\/p>\n<p><strong>13.-<\/strong> Nombre de la hist\u00f3rica ciudad de belleza arquitect\u00f3nica ubicada en el Baj\u00edo que se encuentra en la regi\u00f3n centro norte del pa\u00eds; limita al norte con Zacatecas y San Luis Potos\u00ed, al este con Quer\u00e9taro, al sur con Michoac\u00e1n y al oeste con Jalisco. siendo la d\u00e9cima entidad m\u00e1s peque\u00f1a del pa\u00eds, que gobierna Diego Sinhue Rodr\u00edguez Vallejo que pronto dejara de hacerlo y la ciudad Mario Alejandro Navarro Salda\u00f1a. Igualmente, beneficiados con el Programa de la UNESCO.<\/p>\n<p><strong>20.-<\/strong> Que usa los remos.<\/p>\n<p><strong>21.-<\/strong> El mago del Cuento (Inv).<\/p>\n<p><strong>22.-<\/strong> Nota musical invertida.<\/p>\n<p><strong>23.-<\/strong> Cabello blanco.<\/p>\n<p><strong>24.-<\/strong> Hoja o l\u00e1mina de metal o madera.<\/p>\n<p><strong>25.-<\/strong> El parentesco que tienes con la hermana de tu mam\u00e1. (Inv).<\/p>\n<p><strong>29.-<\/strong> Iniciales de Sara Alem\u00e1n.<\/p>\n<p><strong>31.-<\/strong> palabra que se usa para llamar la atenci\u00f3n de alguien en Argentina o Uruguay.<\/p>\n<p><strong>33.-<\/strong> Nota musical invertida.<\/p>\n<p><strong>34.-<\/strong> Iniciales de Carla Sucre.<\/p>\n<p><strong>35.-<\/strong> Siglas de Alcoh\u00f3licos An\u00f3nimos.<\/p>\n<p><strong>36.-<\/strong> Nota musical.<\/p>\n<p>&nbsp;<\/p>\n<p><a href=\"https:\/\/www.diarioimagen.net\/?attachment_id=530746\" rel=\"attachment wp-att-530746\"><img loading=\"lazy\" decoding=\"async\" class=\"aligncenter size-full wp-image-530746\" src=\"https:\/\/www.diarioimagen.net\/wp-content\/uploads\/2021\/12\/Diapositiva2-2.jpg\" alt=\"\" width=\"460\" height=\"376\" \/><\/a><\/p>\n","protected":false},"excerpt":{"rendered":"<p>Politigrama V\u00edctor Manuel J\u00e1come &nbsp; &nbsp; H O R I Z O N T A L E S : &nbsp; 3.- \u00bfC\u00f3mo se llama el Programa que, a partir del a\u00f1o 2004, la C\u00e1mara de Diputados etiquet\u00f3 recursos en el Presupuesto de Egresos de la Federaci\u00f3n para las ciudades mexicanas declaradas \u201cPatrimonio Mundial de la [&hellip;]<\/p>\n","protected":false},"author":3,"featured_media":530744,"comment_status":"open","ping_status":"open","sticky":false,"template":"","format":"standard","meta":{"_monsterinsights_skip_tracking":false,"_monsterinsights_sitenote_active":false,"_monsterinsights_sitenote_note":"","_monsterinsights_sitenote_category":0,"footnotes":""},"categories":[17],"tags":[43674,92653,92654],"class_list":["post-530667","post","type-post","status-publish","format-standard","has-post-thumbnail","hentry","category-especiales","tag-opinion","tag-politigrama","tag-victor-manuel-jacome"],"_links":{"self":[{"href":"https:\/\/www.diarioimagen.net\/index.php?rest_route=\/wp\/v2\/posts\/530667","targetHints":{"allow":["GET"]}}],"collection":[{"href":"https:\/\/www.diarioimagen.net\/index.php?rest_route=\/wp\/v2\/posts"}],"about":[{"href":"https:\/\/www.diarioimagen.net\/index.php?rest_route=\/wp\/v2\/types\/post"}],"author":[{"embeddable":true,"href":"https:\/\/www.diarioimagen.net\/index.php?rest_route=\/wp\/v2\/users\/3"}],"replies":[{"embeddable":true,"href":"https:\/\/www.diarioimagen.net\/index.php?rest_route=%2Fwp%2Fv2%2Fcomments&post=530667"}],"version-history":[{"count":0,"href":"https:\/\/www.diarioimagen.net\/index.php?rest_route=\/wp\/v2\/posts\/530667\/revisions"}],"wp:featuredmedia":[{"embeddable":true,"href":"https:\/\/www.diarioimagen.net\/index.php?rest_route=\/wp\/v2\/media\/530744"}],"wp:attachment":[{"href":"https:\/\/www.diarioimagen.net\/index.php?rest_route=%2Fwp%2Fv2%2Fmedia&parent=530667"}],"wp:term":[{"taxonomy":"category","embeddable":true,"href":"https:\/\/www.diarioimagen.net\/index.php?rest_route=%2Fwp%2Fv2%2Fcategories&post=530667"},{"taxonomy":"post_tag","embeddable":true,"href":"https:\/\/www.diarioimagen.net\/index.php?rest_route=%2Fwp%2Fv2%2Ftags&post=530667"}],"curies":[{"name":"wp","href":"https:\/\/api.w.org\/{rel}","templated":true}]}}