{"id":530698,"date":"2021-12-17T00:12:56","date_gmt":"2021-12-17T06:12:56","guid":{"rendered":"https:\/\/www.diarioimagen.net\/?p=530698"},"modified":"2021-12-17T06:22:27","modified_gmt":"2021-12-17T12:22:27","slug":"la-democracia-exige-transparencia-y-rendicion-de-cuentas-ricardo-monreal","status":"publish","type":"post","link":"https:\/\/www.diarioimagen.net\/?p=530698","title":{"rendered":"La democracia exige transparencia y rendici\u00f3n de cuentas: Ricardo Monreal\u00a0"},"content":{"rendered":"<h2>Tras la puerta del poder<\/h2>\n<h5>Roberto Vizca\u00edno<\/h5>\n<p>&nbsp;<\/p>\n<p>Aunque parec\u00eda que iba hacia el mandatario, el mensaje no fue dirigido ni al presidente <strong>Andr\u00e9s Manuel L\u00f3pez Obrador<\/strong> \u2014\u00bfo s\u00ed?\u2014 ni a su \u201cdecretazo\u201d, ya invalidado por la Corte, sino que era \u2014dijo <strong>Ricardo Monreal<\/strong>\u2014, un compromiso de \u00e9l mismo a su propia gesti\u00f3n como presidente de la Junta de Coordinaci\u00f3n Pol\u00edtica del Senado.<\/p>\n<p>\u201cComo senador estoy comprometido a rendir cuentas al pueblo de M\u00e9xico. Por ello compartiremos logros alcanzados y reconoceremos los retos que habremos de enfrentar\u201d, subray\u00f3.<\/p>\n<p>As\u00ed, al dar por concluido el cuarto per\u00edodo legislativo de fin de a\u00f1o en la C\u00e1mara alta, el zacatecano record\u00f3 que en los pasados meses se aprobaron dos reformas constitucionales, se crearon 6 nuevas leyes y se hicieron modificaciones a 81 leyes diversas.<\/p>\n<p>Igual sacaron adelante 19 decretos, revisaron 6 instrumentos internacionales, se hicieron 5 reconocimientos y se hicieron 381 nombramientos y ratificaciones.<\/p>\n<p><strong>Monreal<\/strong> -quien un d\u00eda antes hab\u00eda sufrido uno de los m\u00e1s duros cuestionamientos por el senador de oposici\u00f3n <strong>Germ\u00e1n Mart\u00ednez<\/strong>-, hizo un amplio reconocimiento a cada uno de los 8 Grupos Parlamentarios que operan en la C\u00e1mara alta.<\/p>\n<p>En acuerdo con ellos, dijo, \u201ctransitamos una etapa de madurez, productividad y beneficio generalizado&#8230; la mayor parte del trabajo legislativo se realiz\u00f3 por consenso, o votaciones por unanimidad y con una amplia mayor\u00eda; a pesar de que Morena tiene mayor\u00eda con sus aliados, nunca atropellamos a la minor\u00eda\u201d, subray\u00f3.<\/p>\n<p>Por ello, agreg\u00f3, va \u201cmi reconocimiento a los senadores y senadoras del Grupo Parlamentario de Acci\u00f3n Nacional, del PRI, de Movimiento Ciudadano, del Partido Verde, del PT, del PRD, del PES. Y tambi\u00e9n mi reconocimiento a los integrantes del autodenominado Grupo Plural.<\/p>\n<p>\u201cPara m\u00ed fue un buen ejercicio, una buena jornada&#8230;\u201d<\/p>\n<p>A la Comisi\u00f3n Permanente corresponder\u00e1, agreg\u00f3, las comparecencias de la directora del Conacyt, <strong>Mar\u00eda Elena \u00c1lvarez-Buylla<\/strong>; del Fiscal General de Rep\u00fablica, <strong>Alejandro Gertz Manero,<\/strong> y del director de Instituto Nacional de Migraci\u00f3n, <strong>Francisco Gardu\u00f1o Y\u00e1\u00f1ez\u201d<\/strong>.<\/p>\n<p style=\"text-align: center;\"><strong>Reconocimiento a migrantes<\/strong><\/p>\n<p>Ma\u00f1ana, s\u00e1bado, el Senado mexicano rendir\u00e1 homenaje a las y los migrantes mexicanos residentes en Estados Unidos con lo que celebrar\u00e1 el \u201cD\u00eda de las y los migrantes\u201d.<\/p>\n<p>El evento ser\u00e1 presidido por el <strong>Monreal<\/strong>, quien acompa\u00f1ado por el tambi\u00e9n senador y diplom\u00e1tico sinaloense <strong>Heriberto Galindo<\/strong>, dar\u00e1 la bienvenida al hist\u00f3rico ex alcalde chicano de Los \u00c1ngeles, California,<strong>Antonio Villaraigosa<\/strong>.<\/p>\n<p style=\"text-align: center;\"><strong>Liberan en Veracruz a 6 estudiantes<\/strong><\/p>\n<p>Luego de casi un mes de una dura batalla, <strong>Ricardo Monreal<\/strong> logr\u00f3 finalmente la liberaci\u00f3n de 6 j\u00f3venes detenidos injusta e ilegalmente en Veracruz.<\/p>\n<p>Los j\u00f3venes, detenidos desde hac\u00eda 4 meses en un centro comercial, fueron acusados por polic\u00edas de resistencia, agresiones y ultrajes con cuchillos a la autoridad a pesar de que videos muestran que nunca hubo tal circunstancia.<\/p>\n<p>Enterado de los hechos, y luego de ver los videos, Monreal, presidente de la junta de Coordinaci\u00f3n Pol\u00edtica del Senado pidi\u00f3 reiteradamente a las autoridades judiciales del estado dejar en libertad a los detenidos.<\/p>\n<p>Ayer finalmente lo logr\u00f3.<\/p>\n<p style=\"text-align: center;\"><strong>La Revocaci\u00f3n de Mandato<em> s\u00ed va<\/em><\/strong><\/p>\n<p>Luego de integrar los comit\u00e9s de la <strong><em>Alianza de Avanzada Nacional<\/em><\/strong> en los 32 estados del pa\u00eds y las 16 alcald\u00edas de la CDMX <strong>Jes\u00fas Vald\u00e9s Pe\u00f1a<\/strong> consider\u00f3 ahora s\u00ed viable la Revocaci\u00f3n de Mandato.<\/p>\n<p>La toma de protesta se realiz\u00f3 en un sal\u00f3n del Hotel Sevilla, desde donde industrial, comerciantes, transportistas y miembros de agrupaciones pol\u00edticas nacionales se comprometieron a trabajar por una eficiente organizaci\u00f3n territorial a trav\u00e9s de una democracia participativa y hacia un desarrollo sustentable en lo econ\u00f3mico, y con respeto a los derechos humanos u dentro del uso de las nuevas tecnolog\u00edas.<\/p>\n<p><strong>Vald\u00e9s <\/strong>consider\u00f3 como indispensable la consulta de revocaci\u00f3n de mandato dentro de la transformaci\u00f3n de M\u00e9xico y como nueva forma de relaci\u00f3n entre pueblo y Estado.<\/p>\n<p><em><a href=\"mailto:rvizcainoa@gmail.com\" target=\"_blank\" rel=\"noopener noreferrer\">vizcainoa@gmail.com<\/a><br \/>\n<a href=\"http:\/\/endirecto.mx\" target=\"_blank\" rel=\"noopener noreferrer\">www.endirecto.mx<\/a><br \/>\n<a href=\"https:\/\/twitter.com\/_rvizcaino\" target=\"_blank\" rel=\"noopener noreferrer\">@_RVizcaino<\/a><br \/>\n<a href=\"https:\/\/www.facebook.com\/rvizcainoa\" target=\"_blank\" rel=\"noopener noreferrer\">facebook.com\/rvizcainoa<\/a><\/em><\/p>\n","protected":false},"excerpt":{"rendered":"<p><span style=\"color: #005497;\"><strong>Roberto Vizca\u00edno<\/strong><\/span><br \/>\n<br \/>\nAunque parec\u00eda que iba hacia el mandatario, el mensaje no fue dirigido ni al presidente <strong>Andr\u00e9s Manuel L\u00f3pez Obrador<\/strong> \u2014\u00bfo s\u00ed?\u2014 ni a su \u201cdecretazo\u201d, ya invalidado por la Corte, sino que era \u2014dijo <strong>Ricardo Monreal<\/strong>\u2014, un compromiso de \u00e9l mismo a su propia gesti\u00f3n como presidente de la Junta de Coordinaci\u00f3n Pol\u00edtica del Senado.<\/p>\n","protected":false},"author":3,"featured_media":0,"comment_status":"open","ping_status":"open","sticky":false,"template":"","format":"standard","meta":{"_monsterinsights_skip_tracking":false,"_monsterinsights_sitenote_active":false,"_monsterinsights_sitenote_note":"","_monsterinsights_sitenote_category":0,"footnotes":""},"categories":[136],"tags":[43674,93,94],"class_list":["post-530698","post","type-post","status-publish","format-standard","hentry","category-roberto-vizcaino-opinion","tag-opinion","tag-roberto-vizcaino","tag-tras-la-puerta-del-poder"],"_links":{"self":[{"href":"https:\/\/www.diarioimagen.net\/index.php?rest_route=\/wp\/v2\/posts\/530698","targetHints":{"allow":["GET"]}}],"collection":[{"href":"https:\/\/www.diarioimagen.net\/index.php?rest_route=\/wp\/v2\/posts"}],"about":[{"href":"https:\/\/www.diarioimagen.net\/index.php?rest_route=\/wp\/v2\/types\/post"}],"author":[{"embeddable":true,"href":"https:\/\/www.diarioimagen.net\/index.php?rest_route=\/wp\/v2\/users\/3"}],"replies":[{"embeddable":true,"href":"https:\/\/www.diarioimagen.net\/index.php?rest_route=%2Fwp%2Fv2%2Fcomments&post=530698"}],"version-history":[{"count":0,"href":"https:\/\/www.diarioimagen.net\/index.php?rest_route=\/wp\/v2\/posts\/530698\/revisions"}],"wp:attachment":[{"href":"https:\/\/www.diarioimagen.net\/index.php?rest_route=%2Fwp%2Fv2%2Fmedia&parent=530698"}],"wp:term":[{"taxonomy":"category","embeddable":true,"href":"https:\/\/www.diarioimagen.net\/index.php?rest_route=%2Fwp%2Fv2%2Fcategories&post=530698"},{"taxonomy":"post_tag","embeddable":true,"href":"https:\/\/www.diarioimagen.net\/index.php?rest_route=%2Fwp%2Fv2%2Ftags&post=530698"}],"curies":[{"name":"wp","href":"https:\/\/api.w.org\/{rel}","templated":true}]}}