{"id":530812,"date":"2022-01-03T00:01:27","date_gmt":"2022-01-03T06:01:27","guid":{"rendered":"https:\/\/www.diarioimagen.net\/?p=530812"},"modified":"2022-01-03T02:42:22","modified_gmt":"2022-01-03T08:42:22","slug":"la-alcaldesa-karla-fiesco-tomo-protesta-a-funcionarios-de-la-administracion-2022-2024","status":"publish","type":"post","link":"https:\/\/www.diarioimagen.net\/?p=530812","title":{"rendered":"La alcaldesa Karla Fiesco tom\u00f3 protesta a funcionarios de la administraci\u00f3n 2022-2024"},"content":{"rendered":"<p>&nbsp;<\/p>\n<ul>\n<li><strong><em>En Cuautitl\u00e1n Izcalli<\/em><\/strong><\/li>\n<\/ul>\n<p>&nbsp;<\/p>\n<div id=\"attachment_530914\" style=\"width: 470px\" class=\"wp-caption aligncenter\"><a href=\"https:\/\/www.diarioimagen.net\/?attachment_id=530914\" rel=\"attachment wp-att-530914\"><img loading=\"lazy\" decoding=\"async\" aria-describedby=\"caption-attachment-530914\" class=\"size-full wp-image-530914\" src=\"https:\/\/www.diarioimagen.net\/wp-content\/uploads\/2022\/01\/izcalli.jpg\" alt=\"\" width=\"460\" height=\"270\" \/><\/a><p id=\"caption-attachment-530914\" class=\"wp-caption-text\">El Cabildo de Cuautitl\u00e1n Izcalli aprob\u00f3 las propuestas de nombramientos realizadas por la presidenta municipal Karla Leticia Fiesco, las cuales fueron aprobadas en su totalidad.<\/p><\/div>\n<p>&nbsp;<\/p>\n<p><strong>Cuautitl\u00e1n Izcalli, Estado de M\u00e9xico.\u2014<\/strong> Bajo la presidencia de Karla Leticia Fiesco Garc\u00eda, el cabildo de Cuautitl\u00e1n Izcalli vot\u00f3 y tom\u00f3 protesta a los integrantes de sus \u00f3rganos de gobierno, organismos descentralizados.<\/p>\n<p>En la primera sesi\u00f3n p\u00fablica del ayuntamiento, con car\u00e1cter de extraordinaria y de r\u00e9gimen resolutivo, el cabildo aprob\u00f3 las propuestas de nombramientos realizadas por la Presidenta Karla Leticia Fiesco Garc\u00eda, las cuales fueron aprobadas en su totalidad destacando la capacidad, experiencia y el cumplimiento de requisitos establecidos por ley para los nuevos funcionarios.<\/p>\n<p>En todos los casos Fiesco Garc\u00eda, Presidenta municipal entrante, agradeci\u00f3 el voto aprobatorio del cabildo, comprometi\u00e9ndose a dar seguimiento puntual de su trabajo, as\u00ed como tambi\u00e9n, exhort\u00f3 a los nuevos funcionarios a dar su 100% para combatir a fondo las exigencias de la ciudadan\u00eda.<\/p>\n<p>Dentro de los nombramientos fundamentales de la nueva administraci\u00f3n est\u00e1n el del Secretario del Ayuntamiento, Miguel \u00c1ngel Guti\u00e9rrez Pilloni; Tesorero Municipal, Ricardo Santos Arreola; Catastro, Jes\u00fas Alejo Montes; Contralora Municipal, Martha M\u00f3nica V\u00e1zquez Padr\u00f3n.<\/p>\n<p>Adem\u00e1s se dio el cambio de mando de la Comisar\u00eda General de Seguridad P\u00fablica y Tr\u00e1nsito Municipal de Cuautitl\u00e1n Izcalli del Estado de M\u00e9xico con Mario Alfredo L\u00f3pez Mu\u00f1oz, como Comisario; y como Secretario T\u00e9cnico del Consejo Municipal de Seguridad P\u00fablica a Francisco Pineda Ochoa.<\/p>\n<p>As\u00ed mismo fueron designados: Sandra Ivonne Bobadilla Bustamente, Directora Jur\u00eddica; Emmanuel Medina Gonz\u00e1lez, Director de Administraci\u00f3n; Johnattan Gonz\u00e1lez M\u00e9ndez, Desarrollo Urbano; David Ram\u00edrez Samudio, Director del Instituto del Deporte; Alfredo Oropeza M\u00e9ndez y Ana Luisa Cambron Degollado; Instituto Municipal de Planeaci\u00f3n; Carlos Sald\u00edvar Gonz\u00e1lez, Direcci\u00f3n de Servicios P\u00fablicos; Claudia Adela Bravo Langle, Desarrollo Social; Ely Beatriz Quintana Becerril, Direcci\u00f3n de Desarrollo Econ\u00f3mico; Leticia Vaca V\u00e1zquez, Instituto de la Mujer; Luis Felipe de Jes\u00fas Huitr\u00f3n Gonz\u00e1lez, Instituto de la Juventud; Juan Francisco G\u00f3mez Arias, Coordinaci\u00f3n General de Comunicaci\u00f3n Social.<\/p>\n<p>Tambi\u00e9n fueron propuestos y aceptados por unanimidad del cabildo, en su sesi\u00f3n extraordinaria, los titulares de las dependencias municipales de los organismos desconcentrados y organismos descentralizados de la administraci\u00f3n municipal como: INMUDECI con David Ram\u00edrez Zamudio; OPERAGUA con Mauricio Juan Ram\u00edrez Rosaldo; MAVICI; Consejo directivo y la Comisi\u00f3n edilicia transitoria de l\u00edmites territoriales.<\/p>\n<p>En el DIF fue designada con el cargo honor\u00edfico de Presidenta del Sistema DIF Municipal a Jessica Jacqueline Villase\u00f1or Garc\u00eda, e Isanami Paredes G\u00f3mez como su Directora.<\/p>\n<p>Despu\u00e9s de un d\u00eda entero de trabajo, la sesi\u00f3n extraordinaria del cabildo se desarrollo exitosamente y se aprobaron todos los puntos del orden del d\u00eda tambi\u00e9n se dio cuenta del proceso de entrega recepci\u00f3n que est\u00e1 actualmente en marcha. Por su parte el cabildo extern\u00f3 que actuar\u00e1 con respecto a sus facultades, observando el cumplimiento de los procesos de las actas entrega recepci\u00f3n.<\/p>\n","protected":false},"excerpt":{"rendered":"<p>Bajo la presidencia de Karla Leticia Fiesco Garc\u00eda, el cabildo de Cuautitl\u00e1n Izcalli vot\u00f3 y tom\u00f3 protesta a los integrantes de sus \u00f3rganos de gobierno, organismos descentralizados.<\/p>\n","protected":false},"author":3,"featured_media":530914,"comment_status":"open","ping_status":"open","sticky":false,"template":"","format":"standard","meta":{"_monsterinsights_skip_tracking":false,"_monsterinsights_sitenote_active":false,"_monsterinsights_sitenote_note":"","_monsterinsights_sitenote_category":0,"footnotes":""},"categories":[5],"tags":[971,43675,94263,12784],"class_list":["post-530812","post","type-post","status-publish","format-standard","has-post-thumbnail","hentry","category-estado-de-mexico","tag-cuautitlan-izcalli","tag-estado-de-mexico","tag-karla-leticia-fiesco-garcia","tag-protesta"],"_links":{"self":[{"href":"https:\/\/www.diarioimagen.net\/index.php?rest_route=\/wp\/v2\/posts\/530812","targetHints":{"allow":["GET"]}}],"collection":[{"href":"https:\/\/www.diarioimagen.net\/index.php?rest_route=\/wp\/v2\/posts"}],"about":[{"href":"https:\/\/www.diarioimagen.net\/index.php?rest_route=\/wp\/v2\/types\/post"}],"author":[{"embeddable":true,"href":"https:\/\/www.diarioimagen.net\/index.php?rest_route=\/wp\/v2\/users\/3"}],"replies":[{"embeddable":true,"href":"https:\/\/www.diarioimagen.net\/index.php?rest_route=%2Fwp%2Fv2%2Fcomments&post=530812"}],"version-history":[{"count":0,"href":"https:\/\/www.diarioimagen.net\/index.php?rest_route=\/wp\/v2\/posts\/530812\/revisions"}],"wp:featuredmedia":[{"embeddable":true,"href":"https:\/\/www.diarioimagen.net\/index.php?rest_route=\/wp\/v2\/media\/530914"}],"wp:attachment":[{"href":"https:\/\/www.diarioimagen.net\/index.php?rest_route=%2Fwp%2Fv2%2Fmedia&parent=530812"}],"wp:term":[{"taxonomy":"category","embeddable":true,"href":"https:\/\/www.diarioimagen.net\/index.php?rest_route=%2Fwp%2Fv2%2Fcategories&post=530812"},{"taxonomy":"post_tag","embeddable":true,"href":"https:\/\/www.diarioimagen.net\/index.php?rest_route=%2Fwp%2Fv2%2Ftags&post=530812"}],"curies":[{"name":"wp","href":"https:\/\/api.w.org\/{rel}","templated":true}]}}