{"id":530818,"date":"2022-01-03T00:04:18","date_gmt":"2022-01-03T06:04:18","guid":{"rendered":"https:\/\/www.diarioimagen.net\/?p=530818"},"modified":"2022-01-03T02:44:35","modified_gmt":"2022-01-03T08:44:35","slug":"designa-naucalpan-a-su-gabinete-en-coalicion-del-pan-pri-prd","status":"publish","type":"post","link":"https:\/\/www.diarioimagen.net\/?p=530818","title":{"rendered":"Designa Naucalpan a su gabinete en coalici\u00f3n del PAN, PRI, PRD"},"content":{"rendered":"<p><strong>\u00a0<\/strong><\/p>\n<div id=\"attachment_530922\" style=\"width: 470px\" class=\"wp-caption aligncenter\"><a href=\"https:\/\/www.diarioimagen.net\/?attachment_id=530922\" rel=\"attachment wp-att-530922\"><img loading=\"lazy\" decoding=\"async\" aria-describedby=\"caption-attachment-530922\" class=\"size-full wp-image-530922\" src=\"https:\/\/www.diarioimagen.net\/wp-content\/uploads\/2022\/01\/naucalpan.jpg\" alt=\"\" width=\"460\" height=\"270\" \/><\/a><p id=\"caption-attachment-530922\" class=\"wp-caption-text\">El alcalde Armando Navarrete L\u00f3pez present\u00f3 las propuestas de los funcionarios que lo acompa\u00f1ar\u00e1n durante su segunda gesti\u00f3n consecutiva en Nicol\u00e1s Romero.<\/p><\/div>\n<p>&nbsp;<\/p>\n<p><strong>Naucalpan, Estado de M\u00e9xico.\u2014 <\/strong>Al quedar instalado el ayuntamiento de Naucalpan 2022-2024 en la primera sesi\u00f3n extraordinaria de cabildo, ediles realizaron, a propuesta de la alcaldesa, Ang\u00e9lica Moya Mar\u00edn, las primeras designaciones a directores de la administraci\u00f3n p\u00fablica municipal.<\/p>\n<p>Entre el grupo de funcionarios, que pasaron el filtro del \u00f3rgano de gobierno confirmaron a la secretar\u00eda del ayuntamiento a Edgardo Solis Bobadilla, y Francisco Rosas Olmos, titular de la Direcci\u00f3n General de Seguridad Ciudadana y Tr\u00e1nsito Municipal. En la Tesorer\u00eda, Mar\u00eda Elena Reyna R\u00edos y a Eduardo Alfredo Contreras y Fern\u00e1ndez, Contralor.<\/p>\n","protected":false},"excerpt":{"rendered":"<p>Al quedar instalado el ayuntamiento de Naucalpan 2022-2024 en la primera sesi\u00f3n extraordinaria de cabildo, ediles realizaron, a propuesta de la alcaldesa, Ang\u00e9lica Moya Mar\u00edn, las primeras designaciones a directores de la administraci\u00f3n p\u00fablica municipal.<\/p>\n","protected":false},"author":3,"featured_media":530922,"comment_status":"open","ping_status":"open","sticky":false,"template":"","format":"standard","meta":{"_monsterinsights_skip_tracking":false,"_monsterinsights_sitenote_active":false,"_monsterinsights_sitenote_note":"","_monsterinsights_sitenote_category":0,"footnotes":""},"categories":[5],"tags":[43675,970,91,211,362],"class_list":["post-530818","post","type-post","status-publish","format-standard","has-post-thumbnail","hentry","category-estado-de-mexico","tag-estado-de-mexico","tag-naucalpan","tag-pan","tag-prd","tag-pri"],"_links":{"self":[{"href":"https:\/\/www.diarioimagen.net\/index.php?rest_route=\/wp\/v2\/posts\/530818","targetHints":{"allow":["GET"]}}],"collection":[{"href":"https:\/\/www.diarioimagen.net\/index.php?rest_route=\/wp\/v2\/posts"}],"about":[{"href":"https:\/\/www.diarioimagen.net\/index.php?rest_route=\/wp\/v2\/types\/post"}],"author":[{"embeddable":true,"href":"https:\/\/www.diarioimagen.net\/index.php?rest_route=\/wp\/v2\/users\/3"}],"replies":[{"embeddable":true,"href":"https:\/\/www.diarioimagen.net\/index.php?rest_route=%2Fwp%2Fv2%2Fcomments&post=530818"}],"version-history":[{"count":0,"href":"https:\/\/www.diarioimagen.net\/index.php?rest_route=\/wp\/v2\/posts\/530818\/revisions"}],"wp:featuredmedia":[{"embeddable":true,"href":"https:\/\/www.diarioimagen.net\/index.php?rest_route=\/wp\/v2\/media\/530922"}],"wp:attachment":[{"href":"https:\/\/www.diarioimagen.net\/index.php?rest_route=%2Fwp%2Fv2%2Fmedia&parent=530818"}],"wp:term":[{"taxonomy":"category","embeddable":true,"href":"https:\/\/www.diarioimagen.net\/index.php?rest_route=%2Fwp%2Fv2%2Fcategories&post=530818"},{"taxonomy":"post_tag","embeddable":true,"href":"https:\/\/www.diarioimagen.net\/index.php?rest_route=%2Fwp%2Fv2%2Ftags&post=530818"}],"curies":[{"name":"wp","href":"https:\/\/api.w.org\/{rel}","templated":true}]}}